{"id":11834,"date":"2014-04-21T15:28:01","date_gmt":"2014-04-21T15:28:01","guid":{"rendered":"https:\/\/archivioturi.lavocedelpaese.info\/index.php\/2014\/04\/21\/vita-ed-emozioni-lo-stile-di-valentina\/"},"modified":"2014-04-21T15:28:01","modified_gmt":"2014-04-21T15:28:01","slug":"vita-ed-emozioni-lo-stile-di-valentina","status":"publish","type":"post","link":"https:\/\/archivioturi.lavocedelpaese.info\/index.php\/2014\/04\/21\/vita-ed-emozioni-lo-stile-di-valentina\/","title":{"rendered":"Vita ed emozioni: lo stile di Valentina"},"content":{"rendered":"<p><img loading=\"lazy\" decoding=\"async\" src=\"https:\/\/farm8.staticflickr.com\/7257\/13941976632_d103ed4e71_n.jpg\" width=\"320\" height=\"213\" alt=\"Foto Valentina Pavone\" \/><\/p>\n<p style=\"text-align: justify;\"><strong>Ciao Valentina, come nasce la tua partecipazione alla collettiva \u201cWandering Visions\u201d?<\/strong><\/p>\n<p style=\"text-align: justify;\">\u201cQualche tempo fa mi sono iscritta ad un portale che si chiama www.piazzadellearti.it una specie di galleria on line dove si possono esporre le opere che hanno a che fare con le arti visive: pittura, fotografia, scultura eccc. Su questo portale sono presenti dei &#8220;mecenate&#8221; che aiutano i giovano artisti emergenti a farsi strada nel mondo dell&#8217;arte. Qualche giorno dopo la mia iscrizione fui contattata da un laboratorio di stampa specializzato in bianco e nero: erano rimasti colpiti dalla mia foto &#8220;Gli sguardi dell&#8217;anima&#8221; e mi chiedevano l&#8217;autorizzazione a inserirla all&#8217;interno di una collettiva a Roma&#8230;ovviamente ho accettato!\u201d.<\/p>\n<p style=\"text-align: justify;\"><strong>Cosa \u00e8 per te la fotografia? <\/strong><\/p>\n<p style=\"text-align: justify;\">\u201cIo amo la fotografia da quando ero bambina, mio padre era un grande appassionato e possedeva una yashica che oggi ha 38 anni con un meraviglioso kit di obiettivi che cercava di insegnarmi ad usare. Ricordo ancora il gesto di sistemare la pellicola all&#8217;interno della macchina e l&#8217;attesa di vedere le immagini realizzate. Ecco crescendo ho sempre avuto con me la mia compatta e cos\u00ec quando sono diventata pi\u00f9 grande ho approfondito la materia, avendo avuto l&#8217;opportunit\u00e0 di condividere parte del mio cammino con delle persone che se ne occupavano come vero e proprio lavoro. Da un p\u00f2 di anni mi sono dedicata pi\u00f9 seriamente, studiando la tecnica e dando sfogo alla mia capacit\u00e0 compositiva.<\/p>\n<p style=\"text-align: justify;\">La fotografia \u00e8 il mio mezzo per proporre il mio punto di vista e manifestare ci\u00f2 che mi suscita il contatto col mondo e con la gente, \u00e8 come improvvisare con uno strumento musicale, lasciarsi trasportare dalle emozioni.<\/p>\n<p style=\"text-align: justify;\">Sicuramente il mio stile non \u00e8 quello della fotografia di moda, n\u00e9 lo stil life. Mi sento pi\u00f9 incline al genere reportagistico, introspettivo e &#8220;impressionista&#8221; (utilizzando questo termine in maniera impropia).<\/p>\n<p style=\"text-align: justify;\"><strong>Quali sono i tuoi progetti futuri? <\/strong><\/p>\n<p style=\"text-align: justify;\">\u201cSicuramente il mio prossimo obbiettivo sar\u00e0 quello di realizzare una mia personale, appena avr\u00f2 un\u2019emozione importante da condividere e aver raccolto il materiale necessario per farlo (Salgado ci metteva circa 8 anni per fare questa operazione!!!!) e che dirti spero che la fotografia possa avere sempre pi\u00f9 spazio nella mia vita e diventare anche il mio principale lavoro. Nel frattempo mi godo questi fantastici traguardi: sono stata a Milano lo scorso mese all&#8217;interno della mostra &#8220;I viaggi che amo&#8221; a cura di Denis Curti, ora ci sar\u00e0 Roma e dal 3 maggio la stessa foto sar\u00e0 all&#8217;interno della mostra internazionale di Arte Contemporanea a Genova a cura della Galleria Satura Art.<\/p>\n<p style=\"text-align: justify;\">Di meglio non potevo aspettarmi!\u201d<\/p>\n<p style=\"text-align: justify;\"><strong>Cosa significa far parte di queste importanti vetrine?<\/strong><\/p>\n<p style=\"text-align: justify;\">\u201cRiuscire ad entrare in collettive al di fuori del nostro territorio \u00e8 sicuramente un&#8217;opportunit\u00e0 di tessere conoscenze non solo con i professionisti del settore, ma anche con gli altri artisti; e io sono convinta che il confronto e la condivisione siano il miglior modo per crescere e migliorarsi. Questa di \u201cWandering visions\u201d sicuramente \u00e8 una grande opportunit\u00e0, per portare il mio punto di vista al di fuori delle mura di casa mia!\u201d.<\/p>\n","protected":false},"excerpt":{"rendered":"<p><img loading=\"lazy\" decoding=\"async\" src=\"https:\/\/farm8.staticflickr.com\/7257\/13941976632_d103ed4e71_n.jpg\" width=\"320\" height=\"213\" alt=\"Foto Valentina Pavone\" \/><\/p>\n","protected":false},"author":1,"featured_media":0,"comment_status":"open","ping_status":"closed","sticky":false,"template":"","format":"standard","meta":{"colormag_page_container_layout":"default_layout","colormag_page_sidebar_layout":"default_layout","footnotes":""},"categories":[7],"tags":[],"class_list":["post-11834","post","type-post","status-publish","format-standard","hentry","category-attualita"],"_links":{"self":[{"href":"https:\/\/archivioturi.lavocedelpaese.info\/index.php\/wp-json\/wp\/v2\/posts\/11834","targetHints":{"allow":["GET"]}}],"collection":[{"href":"https:\/\/archivioturi.lavocedelpaese.info\/index.php\/wp-json\/wp\/v2\/posts"}],"about":[{"href":"https:\/\/archivioturi.lavocedelpaese.info\/index.php\/wp-json\/wp\/v2\/types\/post"}],"author":[{"embeddable":true,"href":"https:\/\/archivioturi.lavocedelpaese.info\/index.php\/wp-json\/wp\/v2\/users\/1"}],"replies":[{"embeddable":true,"href":"https:\/\/archivioturi.lavocedelpaese.info\/index.php\/wp-json\/wp\/v2\/comments?post=11834"}],"version-history":[{"count":0,"href":"https:\/\/archivioturi.lavocedelpaese.info\/index.php\/wp-json\/wp\/v2\/posts\/11834\/revisions"}],"wp:attachment":[{"href":"https:\/\/archivioturi.lavocedelpaese.info\/index.php\/wp-json\/wp\/v2\/media?parent=11834"}],"wp:term":[{"taxonomy":"category","embeddable":true,"href":"https:\/\/archivioturi.lavocedelpaese.info\/index.php\/wp-json\/wp\/v2\/categories?post=11834"},{"taxonomy":"post_tag","embeddable":true,"href":"https:\/\/archivioturi.lavocedelpaese.info\/index.php\/wp-json\/wp\/v2\/tags?post=11834"}],"curies":[{"name":"wp","href":"https:\/\/api.w.org\/{rel}","templated":true}]}}