{"id":11833,"date":"2014-04-21T13:26:40","date_gmt":"2014-04-21T13:26:40","guid":{"rendered":"https:\/\/archivioturi.lavocedelpaese.info\/index.php\/2014\/04\/21\/silent-il-caos-nella-foto-di-rox\/"},"modified":"2014-04-21T13:26:40","modified_gmt":"2014-04-21T13:26:40","slug":"silent-il-caos-nella-foto-di-rox","status":"publish","type":"post","link":"https:\/\/archivioturi.lavocedelpaese.info\/index.php\/2014\/04\/21\/silent-il-caos-nella-foto-di-rox\/","title":{"rendered":"\u201cSilent\u201d: il caos nella foto di Rox"},"content":{"rendered":"<p><img loading=\"lazy\" decoding=\"async\" src=\"https:\/\/farm3.staticflickr.com\/2928\/13941975892_4a2981aa6f_n.jpg\" width=\"320\" height=\"213\" alt=\"Foto Maria Rosaria Venere\" \/><\/p>\n<p style=\"text-align: justify;\">\u00c8 stata inaugurata ieri, gioved\u00ec 17 aprile presso \u201cVisiva\/La Citt\u00e0 dell\u2019immagine\u201d la prima tappa di \u201cWandering Visions\u201d, la mostra itinerante che approder\u00e0 in diverse gallerie di Roma fino all&#8217;8 giugno.<\/p>\n<p style=\"text-align: justify;\">Le opere sono state selezionate su Piazza Delle Arti, il sito che fa incontrare artisti e mecenati e tra loro mostreranno la loro arte e la loro passione sue artiste turesi, Maria Rosaria Venere, in arte Rox e Valentina Pavone. Artiste emergenti ma che possono contare su una qualit\u00e0 di attenzione al particolare veramente invidiabile, diverse tra loro nella scelta dei contenuti, nella prospettiva, ma accomunate dal desiderio di fare della loro passione, una professione e che abbiamo voluto incontrare prima dell\u2019apertura della collettiva.<\/p>\n<p style=\"text-align: justify;\"><strong>Ciao Rox, come nasce questa collettiva? <\/strong><\/p>\n<p style=\"text-align: justify;\">\u201cLa collettiva nasce all&#8217;interno di un laboratorio di Roma &#8220;Fotosciamanna&#8221;. Questa mostra itinerante fotografica ha lo scopo di promuovere e mettere in mostra artisti emergenti con 6 mostre in diversi luoghi espositivi nel centro di Roma. Grazie a &#8220;Piazza delle Arti&#8221; sono venuta a diretto contatto con questa realt\u00e0. &#8220;Piazza delle arti&#8221; \u00e8 un sito Intenet in cui vi sono artisti (ragazzi che mettono in mostra le loro opere) e mecenati (gallerie, teatri, luoghi espositivi e tutti coloro interessati all&#8217;arte).<\/p>\n<p style=\"text-align: justify;\"><strong>\u201cQuale opera presenti? <\/strong><\/p>\n<p style=\"text-align: justify;\">\u201cIl laboratorio &#8220;Fotosciamanna&#8221; mi ha comunicato che era interessato a mettere in mostra la mia foto dal nome &#8220;Silent&#8221;. \u00c8 stata una vera e grande emozione per me! &#8220;Silent\u201d rappresenta il caos e la disattenzione nei rapporti. Passiamo troppo tempo spinti dalla fretta che, alle volte, perdiamo di vista la vera vita, quella dei rapporti tra persone\u201d.<\/p>\n<p style=\"text-align: justify;\"><strong>Cosa significa farne parte?<\/strong><\/p>\n<p style=\"text-align: justify;\">\u201cFar parte della collettiva \u00e8 un piacere immenso, una soddisfazione. \u00c8 una dimostrazione, almeno per quanto mi riguarda, di come nella vita bisogna crederci in cosa si faccia, senza lasciarsi &#8220;abbattere&#8221; da nulla\u201d.<\/p>\n<p style=\"text-align: justify;\"><strong>Quali sono i tuoi progetti futuri? <\/strong><\/p>\n<p style=\"text-align: justify;\">\u201cPer il futuro voglio continuare a studiare fotografia. Il mio sogno \u00e8 diventare una fotografa di moda ed \u00e8 per questo che seguo non solo numerosi workshop e corsi, ma anche degli shooting fotografici\u201d.<\/p>\n<p style=\"text-align: justify;\"><strong>Cosa \u00e8 per te la fotografia? <\/strong><\/p>\n<p style=\"text-align: justify;\">\u201cLa fotografia per me \u00e8 la mia vita. \u00c8 ogni attimo che respiro. La ritengo la forma d&#8217;arte pi\u00f9 sublime.<\/p>\n<p style=\"text-align: justify;\">Per me \u00e8 difficile parlare e spiegare cos\u2019\u00e9 la fotograf\u00eda a parole perch\u00e8, ritengo, che l\u2019unica che pu\u00f2 davvero spiegare cos\u2019\u00e9 la fotografia per me, sia la stessa. Quindi meno spazio alle parole e pi\u00f9 alle immagini:)\u201d.<\/p>\n","protected":false},"excerpt":{"rendered":"<p><img loading=\"lazy\" decoding=\"async\" src=\"https:\/\/farm3.staticflickr.com\/2928\/13941975892_4a2981aa6f_n.jpg\" width=\"320\" height=\"213\" alt=\"Foto Maria Rosaria Venere\" \/><\/p>\n","protected":false},"author":1,"featured_media":0,"comment_status":"open","ping_status":"closed","sticky":false,"template":"","format":"standard","meta":{"colormag_page_container_layout":"default_layout","colormag_page_sidebar_layout":"default_layout","footnotes":""},"categories":[7],"tags":[],"class_list":["post-11833","post","type-post","status-publish","format-standard","hentry","category-attualita"],"_links":{"self":[{"href":"https:\/\/archivioturi.lavocedelpaese.info\/index.php\/wp-json\/wp\/v2\/posts\/11833","targetHints":{"allow":["GET"]}}],"collection":[{"href":"https:\/\/archivioturi.lavocedelpaese.info\/index.php\/wp-json\/wp\/v2\/posts"}],"about":[{"href":"https:\/\/archivioturi.lavocedelpaese.info\/index.php\/wp-json\/wp\/v2\/types\/post"}],"author":[{"embeddable":true,"href":"https:\/\/archivioturi.lavocedelpaese.info\/index.php\/wp-json\/wp\/v2\/users\/1"}],"replies":[{"embeddable":true,"href":"https:\/\/archivioturi.lavocedelpaese.info\/index.php\/wp-json\/wp\/v2\/comments?post=11833"}],"version-history":[{"count":0,"href":"https:\/\/archivioturi.lavocedelpaese.info\/index.php\/wp-json\/wp\/v2\/posts\/11833\/revisions"}],"wp:attachment":[{"href":"https:\/\/archivioturi.lavocedelpaese.info\/index.php\/wp-json\/wp\/v2\/media?parent=11833"}],"wp:term":[{"taxonomy":"category","embeddable":true,"href":"https:\/\/archivioturi.lavocedelpaese.info\/index.php\/wp-json\/wp\/v2\/categories?post=11833"},{"taxonomy":"post_tag","embeddable":true,"href":"https:\/\/archivioturi.lavocedelpaese.info\/index.php\/wp-json\/wp\/v2\/tags?post=11833"}],"curies":[{"name":"wp","href":"https:\/\/api.w.org\/{rel}","templated":true}]}}