{"id":11828,"date":"2014-04-18T16:05:41","date_gmt":"2014-04-18T16:05:41","guid":{"rendered":"https:\/\/archivioturi.lavocedelpaese.info\/index.php\/2014\/04\/18\/emanuele-cappelli-al-san-carlo-di-napoli\/"},"modified":"2014-04-18T16:05:41","modified_gmt":"2014-04-18T16:05:41","slug":"emanuele-cappelli-al-san-carlo-di-napoli","status":"publish","type":"post","link":"https:\/\/archivioturi.lavocedelpaese.info\/index.php\/2014\/04\/18\/emanuele-cappelli-al-san-carlo-di-napoli\/","title":{"rendered":"Emanuele Cappelli al San Carlo di Napoli"},"content":{"rendered":"<p><img loading=\"lazy\" decoding=\"async\" src=\"https:\/\/farm6.staticflickr.com\/5211\/13901342791_20f27378f8_n.jpg\" alt=\"Emanuele Cappelli 1\" width=\"320\" height=\"218\" \/><\/p>\n<p>\n<img loading=\"lazy\" decoding=\"async\" style=\"margin-top: 10px; margin-bottom: 10px; margin-left: 10px; float: right;\" src=\"https:\/\/farm3.staticflickr.com\/2914\/13924918644_78ed0803ee_n.jpg\" alt=\"IMG_2044\" width=\"340\" height=\"453\" \/><\/p>\n<p style=\"text-align: justify;\">Mercoled\u00ec&nbsp; 9 aprile, l\u2019allievo Emanuele Cappelli dell\u2019accademia \u201cChi \u00e8 di Scena!?\u201d della classe di danza del M\u00b0 Domenico Iannone&nbsp; ha sostenuto un\u2019importante audizione presso il Teatro San Carlo di Napoli.<\/p>\n<p style=\"text-align: justify;\">All\u2019audizione sono stati ammessi 58 ballerini per la prima fase, nella seconda fase ne sono stati scartati 48 e infine sono stati ammessi solo due ballerini.<\/p>\n<p style=\"text-align: justify;\">La danza ha in se una rigida disciplina. Le competizioni di danza richiedono sacrifici, ore di studio intenso e una filosofia incline alla perfezione dei movimenti e della muscolatura.<\/p>\n<p style=\"text-align: justify;\">Consapevole di ci\u00f2, Emanuele Cappelli persegue il raggiungimento dei suoi obiettivi, far parte di una compagnia di ballo e girare nei teatri europei mostrando la sua arte ad un vasto pubblico. L\u2019esito positivo dell\u2019audizione al San Carlo gli permetter\u00e0 di studiare, da settembre, presso il primo teatro d\u2019Italia.<\/p>\n<p style=\"text-align: justify;\">Emanuele \u00e8 un ballerino conversanese di appena 14 anni, segue la danza dall\u2019et\u00e0 di due anni imitando Billy Elliot e Roberto Bolle. Il suo percorso di danza ha avuto inizio all\u2019et\u00e0 di 5 anni. Naturalmente la sua adolescenza \u00e8 stata e lo \u00e8 caratterizzata da rinunce, tutto pur di pagarsi le lezioni di danza. Ha affrontato critiche da parte dei suoi coetanei poich\u00e9 preferiva la danza a qualsiasi altra attivit\u00e0.<\/p>\n<p style=\"text-align: justify;\">\u201cPer me la danza \u00e8 tutto &#8211; afferma con convinzione Emanuele Cappelli &#8211; \u00e8 l&#8217;unico mondo dove posso essere realmente me stesso. La danza \u00e8 l&#8217;unica cosa che da\u2019 senso alla mia vita. Superare per me l&#8217;audizione \u00e8 stato un evento inaspettato anche perch\u00e9 siamo stati solo in due \u00ec su 58. Il merito \u00e8 stato sopratutto del mio maestro Domenico Iannone, docente della scuola \u201cChi \u00e8 di scena!?\u201d, che ha sempre creduto in me, aiutandomi a migliorare ogni giorno sempre di pi\u00f9, studiando costantemente, a mia madre che dal primo giorno mi \u00e8 stata sempre vicino sostenendomi, e alle mie amiche per il sostegno morale.&#8221;<\/p>\n<p style=\"text-align: justify;\">Il M\u00b0 Iannone, inoltre, ha affermato che \u201cEmanuele ha del potenziale. \u00c8 un diamante allo stato grezzo, deve studiare molto per raggiungere il livello a cui aspira. \u00c8 nato per l\u2019arte. La danza richiede parametri che si avvicinano molto alla perfezione. Non \u00e8 facile scegliere la danza facendone dei suoi frutti il proprio lavoro. La competizione \u00e8 dura, ma cerco sempre di dare il massimo ai miei allievi. Fortunatamente, con la scuola \u201cChi \u00e8 di Scena!?\u201d del M\u00b0 Redavid perseguiamo gli stessi obiettivi, finalizzati all\u2019interesse di ogni singolo allievo.\u201d<\/p>\n<p style=\"text-align: justify;\">&#8220;Sono felice per Emanuele &#8211; ha aggiunto il M\u00b0 Ferdinando Redavid &#8211; \u00e8 un eccellente allievo nato per la danza. Il progetto in cui mi sono imbattuto qualche anno fa sta intraprendendo esattamente la giusta via, quella in cui credevo quando apr\u00ec la scuola. La mia fortuna \u00e8 stata anche quella di incontrare insegnanti che credessero fermamente in questo progetto, come appunto il M\u00b0 Domenico Iannone. Quando ci sono sinergie comuni che mirano allo stesso obiettivo \u00e8 gi\u00e0 una conquista. Credo in tutti i ragazzi che con passione e sacrifici coltivano il proprio talento giorno per giorno. Credo nei docenti di questa scuola che quotidianamente trasmettono il loro amore per il proprio lavoro.\u201d<\/p>\n","protected":false},"excerpt":{"rendered":"<p><img loading=\"lazy\" decoding=\"async\" src=\"https:\/\/farm6.staticflickr.com\/5211\/13901342791_20f27378f8_n.jpg\" alt=\"Emanuele Cappelli 1\" width=\"320\" height=\"218\" \/><\/p>\n<p>\n","protected":false},"author":1,"featured_media":0,"comment_status":"open","ping_status":"closed","sticky":false,"template":"","format":"standard","meta":{"colormag_page_container_layout":"default_layout","colormag_page_sidebar_layout":"default_layout","footnotes":""},"categories":[6],"tags":[],"class_list":["post-11828","post","type-post","status-publish","format-standard","hentry","category-cultura"],"_links":{"self":[{"href":"https:\/\/archivioturi.lavocedelpaese.info\/index.php\/wp-json\/wp\/v2\/posts\/11828","targetHints":{"allow":["GET"]}}],"collection":[{"href":"https:\/\/archivioturi.lavocedelpaese.info\/index.php\/wp-json\/wp\/v2\/posts"}],"about":[{"href":"https:\/\/archivioturi.lavocedelpaese.info\/index.php\/wp-json\/wp\/v2\/types\/post"}],"author":[{"embeddable":true,"href":"https:\/\/archivioturi.lavocedelpaese.info\/index.php\/wp-json\/wp\/v2\/users\/1"}],"replies":[{"embeddable":true,"href":"https:\/\/archivioturi.lavocedelpaese.info\/index.php\/wp-json\/wp\/v2\/comments?post=11828"}],"version-history":[{"count":0,"href":"https:\/\/archivioturi.lavocedelpaese.info\/index.php\/wp-json\/wp\/v2\/posts\/11828\/revisions"}],"wp:attachment":[{"href":"https:\/\/archivioturi.lavocedelpaese.info\/index.php\/wp-json\/wp\/v2\/media?parent=11828"}],"wp:term":[{"taxonomy":"category","embeddable":true,"href":"https:\/\/archivioturi.lavocedelpaese.info\/index.php\/wp-json\/wp\/v2\/categories?post=11828"},{"taxonomy":"post_tag","embeddable":true,"href":"https:\/\/archivioturi.lavocedelpaese.info\/index.php\/wp-json\/wp\/v2\/tags?post=11828"}],"curies":[{"name":"wp","href":"https:\/\/api.w.org\/{rel}","templated":true}]}}