{"id":11816,"date":"2014-04-15T08:42:13","date_gmt":"2014-04-15T08:42:13","guid":{"rendered":"https:\/\/archivioturi.lavocedelpaese.info\/index.php\/2014\/04\/15\/bollicine-extra-dry-la-novita-delle-cantine-coppi-al-vinitaly\/"},"modified":"2014-04-15T08:42:13","modified_gmt":"2014-04-15T08:42:13","slug":"bollicine-extra-dry-la-novita-delle-cantine-coppi-al-vinitaly","status":"publish","type":"post","link":"https:\/\/archivioturi.lavocedelpaese.info\/index.php\/2014\/04\/15\/bollicine-extra-dry-la-novita-delle-cantine-coppi-al-vinitaly\/","title":{"rendered":"Bollicine extra-dry: la novit\u00e0 delle Cantine Coppi al Vinitaly"},"content":{"rendered":"<p><img loading=\"lazy\" decoding=\"async\" src=\"https:\/\/farm4.staticflickr.com\/3701\/13843041994_36fbc1a6ea_n.jpg\" width=\"320\" height=\"213\" alt=\"Il direttore commerciale Fabrizio Sanfilippo e il figlio del Senatore Doni Coppi\" \/><\/p>\n<p style=\"text-align: justify;\">6- 9 aprile 2014: sono queste le date dell\u2019importante finestra sul vino italiano offerta dal Veronafiere con la 48esima edizione del Vintaly, il salone internazionale del vino e dei distillati.<\/p>\n<p style=\"text-align: justify;\">Rossi, rosati, bianchi e sapori unici che s\u2019incontrano nei calici che si alzano a brindare ad una delle eccellenze italiane e che racconta tutta la passione dei produttori e viticoltori della Penisola, custodi di una fortezza del made in Italy nel mondo. Oltre 4.100 espositori presenti, dei quali nel Padiglione 11, 120 sono state le aziende pugliesi che ancora una volta si sono distinte per la qualit\u00e0 e il prestigio del settore enologico della nostra terra.<\/p>\n<p style=\"text-align: justify;\">A raccontare l\u2019universo gustativo e cromatico della nostra Turi, le Cantine Coppi che ancora una volta hanno trionfato con le loro eccellenze. Un prestigioso appuntamento al quale l\u2019azienda turese non pu\u00f2 mancare, considerato \u201cil crescente interesse nei confronti dei nostri vini\u201d \u2013 come ci ha confermato Doni Coppi, raggiunto telefonicamente durante la manifestazione fieristica veronese.<\/p>\n<p style=\"text-align: justify;\"><strong>Quali sono le preferenze e quali palati apprezzano maggiormente il vino pugliese?<\/strong><\/p>\n<p style=\"text-align: justify;\">\u201cUn pubblico italiano e straniero, pi\u00f9 che mai giovane ha potuto degustare i prodotti della nostra terra, frutto della nostra passione e tradizione. Presentare a Verona, oltre ai nostri prodotti, anche il nome della nostra Turi, \u00e8 stato anche quest&#8217;anno un ambizioso obiettivo\u201d.<\/p>\n<p style=\"text-align: justify;\"><strong>Avete partecipato alla 3\u00b0 edizione del Concorso rosati e portate a casa un importante riconoscimento.&nbsp; Cosa significa questo per la Vostra Azienda?<\/strong><\/p>\n<p style=\"text-align: justify;\">\u201cLa &#8220;Gran Menzione&#8221; del nostro Vino &#8220;Gioia del Colle DOC Primitivo &#8220;Siniscalco&#8221; \u00e8 un prestigioso riconoscimento che conferma la validit\u00e0 dei nostri prodotti e corona l&#8217;impegno e dedizione di Antonio Coppi e della nostra famiglia\u201d.<\/p>\n<p style=\"text-align: justify;\"><strong>Nel 2013 avete presentato la nostra faldacchea come accompagnamento alle preziose \u201cBollicine Chery\u201d, un Negramaro del Salento. In pi\u00f9, avete fatto assaggiare il gustoso gelato ottenuto dalle stesse \u201cbollicine\u201d, ma avevate anticipato una grande novit\u00e0 per il nuovo anno. Potete svelarla anche a noi?<\/strong><\/p>\n<p style=\"text-align: justify;\">\u201cLa novit\u00e0 per il 2014 e per tutti coloro che ci sono venuti a trovare al Vinitaly \u00e8 stato uno spumante extra-dry di Negramaro in purezza, che si differenzia rispetto al demi-sec gi\u00e0 in produzione, per un residuo zuccherino inferiore. Tutto questo, per meglio sposarsi con abbinamenti gastronomici pi\u00f9 apprezzati da una clientela giovane: si esalta, ad esempio, come aperitivo.<\/p>\n<p style=\"text-align: justify;\">I Bayer nazionali ed esteri hanno molto apprezzato il progetto del nuovo spumante condividendolo assieme a noi, pertanto presto verr\u00e0 presentato al mercato, ufficialmente\u201d.<\/p>\n<p style=\"text-align: justify;\">Il Vinitaly 2014 si chiude con una media di oltre 140mila visitatori, di cui oltre 50mila sono operatori esteri provenienti da 120 Paesi ed una Regione Puglia, che ancora una volta trionfa con le produzioni, incantando ed attraendo sempre pi\u00f9 visitatori da tutto il mondo tra turisti, esperti del settore ed enoappassionati.<\/p>\n<p style=\"text-align: justify;\">Assieme alle Cantine Coppi e all&#8217;Azienda Raffaele Giuliani, altra importante realt\u00e0 vinicola turese presente a Verona, all\u2019interno del padiglione Puglia, grande affluenza per la degustazione dei vini, curata dall\u2019Ais Puglia (Associazione Italiana Sommelier), per conoscere e degustare le etichette dei territori enoici del Salento, della Daunia e Alta Murgia, della Bassa Murgia e della Valle d\u2019Itria. Numerosi gli spazi dedicati alle degustazioni a cura di ONAV Puglia (Organizzazione Nazionale Assaggiatori di Vino) e uno spazio curato dal Movimento Turismo del Vino e caratterizzato da incontri one-to one tra i produttori pugliesi e importanti firme del giornalismo e blogger di settore.<\/p>\n<p style=\"text-align: justify;\">&nbsp;<\/p>\n<p><object width=\"640\" height=\"480\"><param name=\"flashvars\" value=\"offsite=true&amp;lang=it-it&amp;page_show_url=%2Fphotos%2F91470992%40N02%2Fsets%2F72157643938497843%2Fshow%2F&amp;page_show_back_url=%2Fphotos%2F91470992%40N02%2Fsets%2F72157643938497843%2F&amp;set_id=72157643938497843&amp;jump_to=\" \/><param name=\"movie\" value=\"https:\/\/www.flickr.com\/apps\/slideshow\/show.swf?v=143270\" \/><param name=\"allowFullScreen\" value=\"true\" \/><embed type=\"application\/x-shockwave-flash\" src=\"https:\/\/www.flickr.com\/apps\/slideshow\/show.swf?v=143270\" allowfullscreen=\"true\" flashvars=\"offsite=true&amp;lang=it-it&amp;page_show_url=%2Fphotos%2F91470992%40N02%2Fsets%2F72157643938497843%2Fshow%2F&amp;page_show_back_url=%2Fphotos%2F91470992%40N02%2Fsets%2F72157643938497843%2F&amp;set_id=72157643938497843&amp;jump_to=\" width=\"640\" height=\"480\" \/><\/object><\/p>\n","protected":false},"excerpt":{"rendered":"<p><img loading=\"lazy\" decoding=\"async\" src=\"https:\/\/farm4.staticflickr.com\/3701\/13843041994_36fbc1a6ea_n.jpg\" width=\"320\" height=\"213\" alt=\"Il direttore commerciale Fabrizio Sanfilippo e il figlio del Senatore Doni Coppi\" \/><\/p>\n","protected":false},"author":1,"featured_media":0,"comment_status":"open","ping_status":"closed","sticky":false,"template":"","format":"standard","meta":{"colormag_page_container_layout":"default_layout","colormag_page_sidebar_layout":"default_layout","footnotes":""},"categories":[7],"tags":[],"class_list":["post-11816","post","type-post","status-publish","format-standard","hentry","category-attualita"],"_links":{"self":[{"href":"https:\/\/archivioturi.lavocedelpaese.info\/index.php\/wp-json\/wp\/v2\/posts\/11816","targetHints":{"allow":["GET"]}}],"collection":[{"href":"https:\/\/archivioturi.lavocedelpaese.info\/index.php\/wp-json\/wp\/v2\/posts"}],"about":[{"href":"https:\/\/archivioturi.lavocedelpaese.info\/index.php\/wp-json\/wp\/v2\/types\/post"}],"author":[{"embeddable":true,"href":"https:\/\/archivioturi.lavocedelpaese.info\/index.php\/wp-json\/wp\/v2\/users\/1"}],"replies":[{"embeddable":true,"href":"https:\/\/archivioturi.lavocedelpaese.info\/index.php\/wp-json\/wp\/v2\/comments?post=11816"}],"version-history":[{"count":0,"href":"https:\/\/archivioturi.lavocedelpaese.info\/index.php\/wp-json\/wp\/v2\/posts\/11816\/revisions"}],"wp:attachment":[{"href":"https:\/\/archivioturi.lavocedelpaese.info\/index.php\/wp-json\/wp\/v2\/media?parent=11816"}],"wp:term":[{"taxonomy":"category","embeddable":true,"href":"https:\/\/archivioturi.lavocedelpaese.info\/index.php\/wp-json\/wp\/v2\/categories?post=11816"},{"taxonomy":"post_tag","embeddable":true,"href":"https:\/\/archivioturi.lavocedelpaese.info\/index.php\/wp-json\/wp\/v2\/tags?post=11816"}],"curies":[{"name":"wp","href":"https:\/\/api.w.org\/{rel}","templated":true}]}}