{"id":11797,"date":"2014-04-08T15:41:56","date_gmt":"2014-04-08T15:41:56","guid":{"rendered":"https:\/\/archivioturi.lavocedelpaese.info\/index.php\/2014\/04\/08\/sandro-laera-un-programma-a-360d\/"},"modified":"2014-04-08T15:41:56","modified_gmt":"2014-04-08T15:41:56","slug":"sandro-laera-un-programma-a-360d","status":"publish","type":"post","link":"https:\/\/archivioturi.lavocedelpaese.info\/index.php\/2014\/04\/08\/sandro-laera-un-programma-a-360d\/","title":{"rendered":"Sandro Laera: \u201cUn programma a 360\u00b0\u201d"},"content":{"rendered":"<p><img loading=\"lazy\" decoding=\"async\" src=\"https:\/\/farm9.staticflickr.com\/8106\/8659201404_203a5844e0_m.jpg\" width=\"166\" height=\"240\" alt=\"Impegno per Turi Sandro Laera\" \/><\/p>\n<p style=\"text-align: justify;\"><em>Sandro Larea, fino a prova contraria, sar\u00e0 il candidato sindaco di Boccardi. Firmato il documento da Mariangela Volpicella (Forza Italia), Giovanni Settanni (Fratelli d&#8217;Italia) e Paolo Tundo (Puglia Protagonista), Sandro Laera si prepara alla sua campagna ancora ignaro di quali saranno i nomi dei suoi \u201cavversari\u201d politici. Lo abbiamo incontrato per fargli qualche domanda\u2026<\/em><\/p>\n<p style=\"text-align: justify;\"><strong>Com&#8217;\u00e8 nata la sua candidatura e quali sono i suoi rapporti oggi con \u201cImpegno per Turi\u201d?<\/strong><\/p>\n<p style=\"text-align: justify;\">\u201cLa mia candidatura nasce quando i gruppo politici che mi sostengono hanno iniziato a pensare alle caratteristiche che dovrebbe avere un sindaco ideale. Sono loro che hanno scelto me proprio perch\u00e8 sintetizzo quelle caratteristiche richieste soprattutto dalla gente, e di questo sono onorato. Con impegno per turi i rapporti sono sereni, ho fatto un percorso con loro che certamente mi ha aiutato a crescere personalmente e politicamente\u201d.<\/p>\n<p style=\"text-align: justify;\"><strong>&nbsp;\u201cImpegno per Turi\u201d ha dichiarato che la sua \u00e8 una scelta isolata e autonoma e che nessuno l&#8217;ha seguita in questa decisione. Non ha paura che il suo peso politico possa mettere a rischio la sua candidatura?<\/strong><\/p>\n<p style=\"text-align: justify;\">\u201cLa gente e molti movimenti politici credono in me. Sto avendo riscontri molto positivi, anche oltre le mie aspettative. Un fatto che mi carica ancora di pi\u00f9 di responsabilit\u00e0. Molte persone si stanno avvicinando alla squadra che rappresento, con la voglia di sostenerci e non appena \u00e8 venuto fuori il mio nome, e sono disposti a mettersi in gioco in prima persona proprio perch\u00e9 hanno fiducia in me\u201d.<\/p>\n<p style=\"text-align: justify;\"><strong>Boccardi non lasci\u00f2 spazio in Consiglio quando all&#8217;epoca di Gigantelli approd\u00f2 alla Regione mantenendo il doppio incarico. Poi comizi e Impegno per Turi. Pace fatta dunque?<\/strong><\/p>\n<p style=\"text-align: justify;\">\u201cNei confronti di Boccardi non ho mai avuto nessun rancore e ho sempre avuto stima in lui poich\u00e9 lo ritengo un bravo leader politico all&#8217;altezza del ruolo che ricopre. Rispetto alla sua scelta nel 2010 di non dimettersi da consigliere comunale una volta eletto alla regione, non posso entrare nel merito perch\u00e9 appartiene alla sua sfera personale\u201d.<\/p>\n<p style=\"text-align: justify;\"><strong>Lasciamoci alle spalle le polemiche\u2026 come state operando e quali sono i punti su cui vorr\u00e0 fondare il suo mandato?<\/strong><\/p>\n<p style=\"text-align: justify;\">\u201cAbbiamo costituito una \u201ccommissione speciale\u201d per la stesura del programma, composta da rappresentanti della societ\u00e0 civile, delle carie categorie commerciali e professionali, delle associazioni e dei nuovi residenti turesi. La scelta dei componenti non \u00e8 casuale e l\u2019obbiettivo \u00e8 quello di stilare un programma che possa rispondere a 360\u00b0 alle esigenze del territorio. Sicuramente il nostro programma sar\u00e0 improntato su cose fattibili e non su utopie. Il lavoro e lo sviluppo prima di tutto. Poi vorrei dare subito un segno tangibile ai cittadini come per esempio ripristinare le buche presenti sul manto stradale, sistemare l\u2019amata villa comunale, il cimitero e aggiungerei anche il campo sportivo. Serenamente posso dire che, se ovviamente eletto, avr\u00f2 molto tempo da dedicare all\u2019attivit\u00e0 di sindaco, perch\u00e9 nel mio lavoro posso contare, anche in mia assenza, della piena autonomia e collaborazione dei miei dipendenti\u201d.<\/p>\n<p style=\"text-align: justify;\"><strong>A che punto \u00e8 la composizione della lista\/alleanza?<\/strong><\/p>\n<p style=\"text-align: justify;\">\u201cLa lista \u00e8 quasi completa, a supportarmi ci sono diversi movimenti politici come Forza Italia, Fratelli d\u2019Italia e Puglia Protagonista e anche tante persone della societ\u00e0 civile, associazioni.&nbsp; In queste ore vi sono altre trattative in corso con altri movimenti politici, noi siamo un gruppo aperto a chiunque voglia avvicinarsi, altri gruppi politici, associazioni o semplici cittadini, che vogliano condividere il nostro progetto politico\u201d.<strong><\/strong><\/p>\n","protected":false},"excerpt":{"rendered":"<p><img loading=\"lazy\" decoding=\"async\" src=\"https:\/\/farm9.staticflickr.com\/8106\/8659201404_203a5844e0_m.jpg\" width=\"166\" height=\"240\" alt=\"Impegno per Turi Sandro Laera\" \/><\/p>\n","protected":false},"author":1,"featured_media":0,"comment_status":"open","ping_status":"closed","sticky":false,"template":"","format":"standard","meta":{"colormag_page_container_layout":"default_layout","colormag_page_sidebar_layout":"default_layout","footnotes":""},"categories":[4],"tags":[],"class_list":["post-11797","post","type-post","status-publish","format-standard","hentry","category-politica"],"_links":{"self":[{"href":"https:\/\/archivioturi.lavocedelpaese.info\/index.php\/wp-json\/wp\/v2\/posts\/11797","targetHints":{"allow":["GET"]}}],"collection":[{"href":"https:\/\/archivioturi.lavocedelpaese.info\/index.php\/wp-json\/wp\/v2\/posts"}],"about":[{"href":"https:\/\/archivioturi.lavocedelpaese.info\/index.php\/wp-json\/wp\/v2\/types\/post"}],"author":[{"embeddable":true,"href":"https:\/\/archivioturi.lavocedelpaese.info\/index.php\/wp-json\/wp\/v2\/users\/1"}],"replies":[{"embeddable":true,"href":"https:\/\/archivioturi.lavocedelpaese.info\/index.php\/wp-json\/wp\/v2\/comments?post=11797"}],"version-history":[{"count":0,"href":"https:\/\/archivioturi.lavocedelpaese.info\/index.php\/wp-json\/wp\/v2\/posts\/11797\/revisions"}],"wp:attachment":[{"href":"https:\/\/archivioturi.lavocedelpaese.info\/index.php\/wp-json\/wp\/v2\/media?parent=11797"}],"wp:term":[{"taxonomy":"category","embeddable":true,"href":"https:\/\/archivioturi.lavocedelpaese.info\/index.php\/wp-json\/wp\/v2\/categories?post=11797"},{"taxonomy":"post_tag","embeddable":true,"href":"https:\/\/archivioturi.lavocedelpaese.info\/index.php\/wp-json\/wp\/v2\/tags?post=11797"}],"curies":[{"name":"wp","href":"https:\/\/api.w.org\/{rel}","templated":true}]}}