{"id":11796,"date":"2014-04-08T17:01:11","date_gmt":"2014-04-08T17:01:11","guid":{"rendered":"https:\/\/archivioturi.lavocedelpaese.info\/index.php\/2014\/04\/08\/altro-che-mal-di-pancia\/"},"modified":"2014-04-08T17:01:11","modified_gmt":"2014-04-08T17:01:11","slug":"altro-che-mal-di-pancia","status":"publish","type":"post","link":"https:\/\/archivioturi.lavocedelpaese.info\/index.php\/2014\/04\/08\/altro-che-mal-di-pancia\/","title":{"rendered":"Altro che mal di pancia\u2026"},"content":{"rendered":"<p style=\"text-align: justify;\">&nbsp;<img loading=\"lazy\" decoding=\"async\" class=\" size-full wp-image-10744\" src=\"https:\/\/archivioturi.lavocedelpaese.info\/wp-content\/uploads\/2013\/03\/leo-spada.JPG\" width=\"320\" height=\"240\" alt=\"leo spada\" style=\"margin: 0px 3px;\" srcset=\"https:\/\/archivioturi.lavocedelpaese.info\/wp-content\/uploads\/2013\/03\/leo-spada.JPG 2048w, https:\/\/archivioturi.lavocedelpaese.info\/wp-content\/uploads\/2013\/03\/leo-spada-300x225.jpg 300w, https:\/\/archivioturi.lavocedelpaese.info\/wp-content\/uploads\/2013\/03\/leo-spada-1024x768.jpg 1024w, https:\/\/archivioturi.lavocedelpaese.info\/wp-content\/uploads\/2013\/03\/leo-spada-768x576.jpg 768w, https:\/\/archivioturi.lavocedelpaese.info\/wp-content\/uploads\/2013\/03\/leo-spada-1536x1152.jpg 1536w\" sizes=\"auto, (max-width: 320px) 100vw, 320px\" \/><\/p>\n<p style=\"text-align: justify;\"><em>Si dice spesso che ferisce pi\u00f9 la penna che la spada\u2026 quant\u2019\u00e8 vero per Leo\u2026Spada colpito dalle \u201ccaxate\u201d della settimana tese a destabilizzare o meglio influenzare gli esiti della campagna elettorale. Che dentro Impgno per Turi ci siano stati delle tensioni pare vero. Che tuttavia qualcuno di Impegno per Turi abbia voglia o intenzione di seguire Sandro \u00e8 tutto falso. Cos\u00ec Leo, non ci sta, e risponde alle \u201ccaxate\u201d con una lettera\u2026<\/em><\/p>\n<p style=\"text-align: justify;\">Cara macchina del fango, gli unici mal di pancia che normalmente vengono al sottoscritto, sono solo di natura fisiologica. Ritengo, in questi anni, di aver dimostrato coerenza ed affidabilit\u00e0 sia politica che professionale. Ho condiviso il progetto &#8220;Impegno per Turi&#8221; sin dalla nascita, tanto \u00e8 vero, che ne sono cofondatore. Impegno per Turi si fonda sui valori&nbsp;sani della politica; punta, e ci sta riuscendo, a mettere insieme&nbsp;i&nbsp;cittadini a prescindere dal colore o dalle appartenenze partitiche. Impegno per Turi vuole realizzare un progetto di salute pubblica, scevro dei personalismi e che miri al gioco di squadra. Io, come tutti i componenti del movimento, siamo convinti, che solo con un lavoro di squadra si possono raggiungere gli obbiettivi,&nbsp; anche quelli pi\u00f9 difficili.&nbsp;La corsa in avanti fatta in piena autonomia da parte di un ex componente, \u00e8 il frutto di adescate illusioni, inconsciamente subite, con finalit\u00e0 dirompenti, da parte di chi ne \u00e8 stato autore. Da parte mia e sicuramente da parte del nostro coordinatore e di tutti i componenti del movimento, non sussiste nessun rancore a riguardo nei confronti di nessuno. Il progetto a cui stiamo mirando, \u00e8 nella sua completezza, manifesto di buona amministrazione. In sintesi, il progetto &#8221; Impegno per Turi&#8221; ha lo scopo di amministrare bene&nbsp;e non solo quello di vincere e basta. Pertanto approfitto a nome di tutto il movimento, per richiedere la fiducia a coloro che ce l&#8217; hanno gi\u00e0 manifestata e a chiederla a coloro che per la prima volta si accingerebbero a darla.<\/p>\n<p align=\"right\" style=\"text-align: right;\"><em>Cordiali Saluti.<\/em><\/p>\n<p align=\"right\" style=\"text-align: right;\"><strong><em>Leo Spada<\/em><\/strong><\/p>\n","protected":false},"excerpt":{"rendered":"<p style=\"text-align: justify;\">&nbsp;<img loading=\"lazy\" decoding=\"async\" class=\" size-full wp-image-10744\" src=\"https:\/\/archivioturi.lavocedelpaese.info\/wp-content\/uploads\/2013\/03\/leo-spada.JPG\" width=\"320\" height=\"240\" alt=\"leo spada\" style=\"margin: 0px 3px;\" srcset=\"https:\/\/archivioturi.lavocedelpaese.info\/wp-content\/uploads\/2013\/03\/leo-spada.JPG 2048w, https:\/\/archivioturi.lavocedelpaese.info\/wp-content\/uploads\/2013\/03\/leo-spada-300x225.jpg 300w, https:\/\/archivioturi.lavocedelpaese.info\/wp-content\/uploads\/2013\/03\/leo-spada-1024x768.jpg 1024w, https:\/\/archivioturi.lavocedelpaese.info\/wp-content\/uploads\/2013\/03\/leo-spada-768x576.jpg 768w, https:\/\/archivioturi.lavocedelpaese.info\/wp-content\/uploads\/2013\/03\/leo-spada-1536x1152.jpg 1536w\" sizes=\"auto, (max-width: 320px) 100vw, 320px\" \/><\/p>\n","protected":false},"author":1,"featured_media":10744,"comment_status":"open","ping_status":"closed","sticky":false,"template":"","format":"standard","meta":{"colormag_page_container_layout":"default_layout","colormag_page_sidebar_layout":"default_layout","footnotes":""},"categories":[4],"tags":[],"class_list":["post-11796","post","type-post","status-publish","format-standard","has-post-thumbnail","hentry","category-politica"],"_links":{"self":[{"href":"https:\/\/archivioturi.lavocedelpaese.info\/index.php\/wp-json\/wp\/v2\/posts\/11796","targetHints":{"allow":["GET"]}}],"collection":[{"href":"https:\/\/archivioturi.lavocedelpaese.info\/index.php\/wp-json\/wp\/v2\/posts"}],"about":[{"href":"https:\/\/archivioturi.lavocedelpaese.info\/index.php\/wp-json\/wp\/v2\/types\/post"}],"author":[{"embeddable":true,"href":"https:\/\/archivioturi.lavocedelpaese.info\/index.php\/wp-json\/wp\/v2\/users\/1"}],"replies":[{"embeddable":true,"href":"https:\/\/archivioturi.lavocedelpaese.info\/index.php\/wp-json\/wp\/v2\/comments?post=11796"}],"version-history":[{"count":0,"href":"https:\/\/archivioturi.lavocedelpaese.info\/index.php\/wp-json\/wp\/v2\/posts\/11796\/revisions"}],"wp:featuredmedia":[{"embeddable":true,"href":"https:\/\/archivioturi.lavocedelpaese.info\/index.php\/wp-json\/wp\/v2\/media\/10744"}],"wp:attachment":[{"href":"https:\/\/archivioturi.lavocedelpaese.info\/index.php\/wp-json\/wp\/v2\/media?parent=11796"}],"wp:term":[{"taxonomy":"category","embeddable":true,"href":"https:\/\/archivioturi.lavocedelpaese.info\/index.php\/wp-json\/wp\/v2\/categories?post=11796"},{"taxonomy":"post_tag","embeddable":true,"href":"https:\/\/archivioturi.lavocedelpaese.info\/index.php\/wp-json\/wp\/v2\/tags?post=11796"}],"curies":[{"name":"wp","href":"https:\/\/api.w.org\/{rel}","templated":true}]}}