{"id":11787,"date":"2014-04-08T07:51:37","date_gmt":"2014-04-08T07:51:37","guid":{"rendered":"https:\/\/archivioturi.lavocedelpaese.info\/index.php\/2014\/04\/08\/una-giovane-turese-vince-il-concorso-dellacqua-amata\/"},"modified":"2014-04-08T07:51:37","modified_gmt":"2014-04-08T07:51:37","slug":"una-giovane-turese-vince-il-concorso-dellacqua-amata","status":"publish","type":"post","link":"https:\/\/archivioturi.lavocedelpaese.info\/index.php\/2014\/04\/08\/una-giovane-turese-vince-il-concorso-dellacqua-amata\/","title":{"rendered":"Una giovane turese vince il concorso dell\u2019Acqua Amata"},"content":{"rendered":"<p style=\"text-align: justify;\"><img loading=\"lazy\" decoding=\"async\" src=\"https:\/\/farm3.staticflickr.com\/2880\/13662390724_c25bfce439_n.jpg\" alt=\"concorso acqua amata\" width=\"320\" height=\"213\" \/><\/p>\n<p style=\"text-align: justify;\"><img loading=\"lazy\" decoding=\"async\" style=\"margin-top: 10px; margin-bottom: 10px; margin-left: 10px; float: right;\" src=\"https:\/\/farm8.staticflickr.com\/7367\/13662068923_bec25d1aa0_n.jpg\" alt=\"concorso acqua amata\" width=\"213\" height=\"320\" \/><\/p>\n<p style=\"text-align: justify;\">Nella giornata di marted\u00ec 1 aprile 2014 alle ore 10.00 presso l\u2019Auditorium dell\u2019Istituto \u201cRosa Luxemburg\u201d di Acquaviva si \u00e8 svolta la cerimonia di apertura delle buste e la premiazione del primo concorso, \u201cQuestione di etichetta\u201d organizzato dall\u2019azienda Castello Srl, titolare dei marchi delle acque minerali \u201cAmata\u201d e \u201cVivissima\u201d.<\/p>\n<p style=\"text-align: justify;\">Il concorso, destinato agli studenti di classe quinta del suddetto istituto, ha avuto per oggetto la realizzazione della nuova etichetta che, a partire da questa primavera- estate, comparir\u00e0 su tutti i formati delle bottiglie dell\u2019acqua \u201cVivissima\u201d.&nbsp;<\/p>\n<p style=\"text-align: justify;\">Sono giunte ben 37 proposte di lavori svolti da studenti, sia singolarmente che in gruppo. <br \/>Sul podio sono saliti due studenti: la turese Marialucia Campanella e Roberto Beato di Sannicandro di Bari. Durante la manifestazione, sono state esposte le etichette classificatesi nei primi dieci posti, realizzate nell\u2019ordine da Valeria Milano, Fabio Cristantiello e Giovanni De Santis (etichetta creata in coppia), Marialucia Campanella e Nicola Violetta (etichetta creata in coppia), Roberto Cimmarrusti, Marialucia Campanella e Michele Lotito, Ruben Corsini, Elena Panzini e Valerio Mastromarino. Per quanto riguarda le etichette vincitrici, si \u00e8 voluto sceglierne due, per creare un effetto finale che possa riportare lo sfondo di una e il logo dell\u2019altra. Il premio della critica \u00e8 andato a Fabio Cristantiello di Acquaviva delle Fonti, la cui realizzazione \u00e8 stata definita la pi\u00f9 innovativa tra quelle presentate, non scelta quale vincitrice in quanto un po\u2019 lontana dallo stile del brand attuale dell\u2019azienda. L\u2019evento costituisce il primo passo di una pi\u00f9 duratura collaborazione tra l\u2019azienda e l\u2019Istituto, nell\u2019ambito di un pi\u00f9 vasto protocollo di intesa, siglato a settembre, che porter\u00e0 a una partecipazione anche nell\u2019ambito pubblicitario e fotografico, come ci spiega il preside dell\u2019Istituto, il prof. Francesco Scaramuzzi, il quale esprime tutta la sua soddisfazione per i risultati ottenuti dai suoi studenti, del livello raggiunto, del clima di appartenenza che lui stesso definisce lo \u201cstile Luxemburg\u201d, sia per il settore artistico che per quello socio-sanitario. Grande compiacimento anche da parte delle due docenti che hanno seguito gli alunni in questo percorso, la prof.ssa Scarati e la prof.ssa Sportelli.<\/p>\n<p><img loading=\"lazy\" decoding=\"async\" src=\"https:\/\/farm8.staticflickr.com\/7084\/13662041405_bd0f2affed_n.jpg\" alt=\"concorso acqua amata\" width=\"320\" height=\"213\" style=\"margin-top: 10px; margin-right: 10px; margin-bottom: 10px; float: left;\" \/><\/p>\n<p style=\"text-align: justify;\">La gratificazione pi\u00f9 grande si \u00e8 letta per\u00f2 negli occhi degli alunni, classificatisi tra i primi dieci: in vista del diploma \u2013 ci spiegano \u2013 questo riconoscimento, oltre a regalare tanta soddisfazione, costituisce un tassello importante da inserire nel proprio curriculum personale per l\u2019imminente immissione nel mondo del lavoro.<\/p>\n<p style=\"text-align: justify;\">Esprimono soddisfazione anche i responsabili dell\u2019azienda, l\u2019architetto Giuseppe Avella e la Signora Maria Mazzone, i quali hanno raccontato la difficolt\u00e0 nella scelta delle etichette da premiare, in quanto ognuna presentava una caratteristica vincente.<\/p>\n<p style=\"text-align: justify;\">Secondo quanto previsto dal concorso, il vincitore avrebbe dovuto ricevere in premio un nuovissimo computer Apple I Mac 27\u2019\u2019 3,2 Ghz; tuttavia, essendoci due vincitori, al posto di un pc i primi classificati riceveranno un buono da spendere presso un Apple Store. Ha presenziato alla premiazione, seduto in prima fila, con la cordialit\u00e0 e la semplicit\u00e0 di sempre, anche il sig. Giuseppe Mazzone, il padre di questa importante azienda del panorama pugliese e non solo, colui che tanti anni fa scopr\u00ec che proprio sotto i suoi terreni scorreva acqua \u201cbuona\u201d, che nel corso degli anni divenne \u201camata\u201d.&nbsp;<\/p>\n","protected":false},"excerpt":{"rendered":"<p style=\"text-align: justify;\"><img loading=\"lazy\" decoding=\"async\" src=\"https:\/\/farm3.staticflickr.com\/2880\/13662390724_c25bfce439_n.jpg\" alt=\"concorso acqua amata\" width=\"320\" height=\"213\" \/><\/p>\n","protected":false},"author":1,"featured_media":0,"comment_status":"open","ping_status":"closed","sticky":false,"template":"","format":"standard","meta":{"colormag_page_container_layout":"default_layout","colormag_page_sidebar_layout":"default_layout","footnotes":""},"categories":[6],"tags":[],"class_list":["post-11787","post","type-post","status-publish","format-standard","hentry","category-cultura"],"_links":{"self":[{"href":"https:\/\/archivioturi.lavocedelpaese.info\/index.php\/wp-json\/wp\/v2\/posts\/11787","targetHints":{"allow":["GET"]}}],"collection":[{"href":"https:\/\/archivioturi.lavocedelpaese.info\/index.php\/wp-json\/wp\/v2\/posts"}],"about":[{"href":"https:\/\/archivioturi.lavocedelpaese.info\/index.php\/wp-json\/wp\/v2\/types\/post"}],"author":[{"embeddable":true,"href":"https:\/\/archivioturi.lavocedelpaese.info\/index.php\/wp-json\/wp\/v2\/users\/1"}],"replies":[{"embeddable":true,"href":"https:\/\/archivioturi.lavocedelpaese.info\/index.php\/wp-json\/wp\/v2\/comments?post=11787"}],"version-history":[{"count":0,"href":"https:\/\/archivioturi.lavocedelpaese.info\/index.php\/wp-json\/wp\/v2\/posts\/11787\/revisions"}],"wp:attachment":[{"href":"https:\/\/archivioturi.lavocedelpaese.info\/index.php\/wp-json\/wp\/v2\/media?parent=11787"}],"wp:term":[{"taxonomy":"category","embeddable":true,"href":"https:\/\/archivioturi.lavocedelpaese.info\/index.php\/wp-json\/wp\/v2\/categories?post=11787"},{"taxonomy":"post_tag","embeddable":true,"href":"https:\/\/archivioturi.lavocedelpaese.info\/index.php\/wp-json\/wp\/v2\/tags?post=11787"}],"curies":[{"name":"wp","href":"https:\/\/api.w.org\/{rel}","templated":true}]}}