{"id":11771,"date":"2014-03-31T14:45:07","date_gmt":"2014-03-31T14:45:07","guid":{"rendered":"https:\/\/archivioturi.lavocedelpaese.info\/index.php\/2014\/03\/31\/a-turi-il-convegno-delle-ute-del-sud\/"},"modified":"2014-03-31T14:45:07","modified_gmt":"2014-03-31T14:45:07","slug":"a-turi-il-convegno-delle-ute-del-sud","status":"publish","type":"post","link":"https:\/\/archivioturi.lavocedelpaese.info\/index.php\/2014\/03\/31\/a-turi-il-convegno-delle-ute-del-sud\/","title":{"rendered":"A Turi il Convegno delle UTE del Sud"},"content":{"rendered":"<p><img loading=\"lazy\" decoding=\"async\" src=\"https:\/\/farm3.staticflickr.com\/2813\/13468666385_9541f43484_n.jpg\" alt=\"Ute Convegno\" width=\"320\" height=\"240\" \/><\/p>\n<p style=\"text-align: justify;\"><strong><em><span style=\"font-size: 8pt;\">(Foto Valeria Pietrini)<\/span><\/em><\/strong><\/p>\n<p style=\"text-align: justify;\">Una giornata che ha lasciato tutti soddisfatti, quella del Convegno nazionale delle UTE svolto a Turi sabato 22 marzo.<\/p>\n<p style=\"text-align: justify;\">Un appuntamento, come ci ha spiegato la presidente della sezione turese, prof.ssa Carmela Vittore, che si unisce al decennale della nostra presenza a Turi. \u201cQuesto incontro lo avevamo organizzato da lungo tempo ed \u00e8 stato fortemente voluto dallo stesso Presidente Nazionale, Mons. Giuseppe Dal Ferro, di Vicenza, per la grande stima che nutre nei nostri confronti\u201d. Sarebbe stato tenuto il 15 marzo, ma le vicissitudini che hanno interessato la scuola turese hanno fatto inizialmente porre in dubbio la sua reale attuazione. \u201cMa la forza di tutti i corsisti e la stessa tenacia del presidente nazionale che ha voluto sostenerci ed incoraggiarci, mi ha permesso di ricredermi. E cos\u00ec \u00e8 stato\u201d.<\/p>\n<p><img loading=\"lazy\" decoding=\"async\" style=\"margin-top: 10px; margin-bottom: 10px; margin-left: 10px; float: right;\" src=\"https:\/\/farm4.staticflickr.com\/3687\/13469017644_26fef97efc_n.jpg\" alt=\"Ute Convegno\" width=\"320\" height=\"240\" \/><\/p>\n<p style=\"text-align: justify;\">Un convegno che ha lasciato entusiasti tutti i partecipanti, compresa la vice presidente nazionale, Giovanna Fralonardo, presidente della sezione di Mola, di cui Turi \u00e8 sede distaccata. Si \u00e8 tenuto presso la Sala teatro della Chiesa Madre dove, nel giro di pochi giorni, \u00e8 stato organizzato un convegno che ha chiamato a raccolta tutti i presidenti pugliesi delle Universit\u00e0 della Terza Et\u00e0. \u201cTutto \u00e8 stato possibile anche grazie alla grande ospitalit\u00e0 ed aiuto offertoci da Don Giovanni Amodio\u201d &#8211; ha proseguito la presidente turese.&nbsp;<\/p>\n<p style=\"text-align: justify;\">\u201cViaggio culturale nel progetto delle UTE\u201d \u00e8 stato il titolo di questo convegno di primavera e sulla base del quale \u00e8 stata mossa la relazione del Presidente Nazionale. Un lavoro, quello realizzato dalle sezioni italiane delle Universit\u00e0 delle Terze et\u00e0, che non \u00e8 fine a se stesso o solamente di intrattenimento, ma parte da una consapevolezza che ha un valore di crescita umana, spirituale, culturale, volte ad arricchire tutti i corsisti. Un valore, quello realizzato dalle diverse realt\u00e0 territoriali, che si manifesta anche nel crescente numero di iscrizioni che ogni anno riceve.<\/p>\n<p style=\"text-align: justify;\">\u201cDopo un piccolo break durante il quele i corsisti turesi hanno fatto assaggiare le nostre specialit\u00e0 a tutti i partecipanti al convegno \u2013 ha poi aggiunto la presidente \u2013 il dott. Giuseppe Ancona, direttore dell\u2019Agenzia delle Entrate di Bari, ha illustrato le norme che regolano le visite guidate e la sicurezza ad esse legate\u201d. Al termine della mattinata, una graditissima sorpresa preparata dalla docente di tombolo, Santina Rossi, ha stupito Don Giuseppe Dal Farro. \u201cA lui ha donato un\u2019immagine della Madonna realizzata col tombolo\u201d.<\/p>\n<p style=\"text-align: justify;\">Dopo l\u2019apprezzato pranzo con le gustose ricette locali, una tavola rotonda ha permesso al presidente nazionale di illustrare il grande progetto di estendere l\u2019orizzonte oltre il mediterraneo ed entrare a contatto con le culture della Slovenia, Croazia, Bosnia, Grecia, Montenegro, Siria, Turchia e altre realt\u00e0 con le quali hanno iniziato a stringere i primi contatti.<\/p>\n<p><img loading=\"lazy\" decoding=\"async\" src=\"https:\/\/farm8.staticflickr.com\/7076\/13468770363_c5d9f54ebd_n.jpg\" alt=\"Ute Convegno\" width=\"320\" height=\"240\" style=\"margin-top: 10px; margin-right: 10px; margin-bottom: 10px; float: left;\" \/><\/p>\n<p style=\"text-align: justify;\">Una giornata indimenticabile per tutti, che ha dato lustro ed onore alla nostra comunit\u00e0 e fatto crescere l\u2019interessa nei confronti della nostra cittadina, le cui bellezze sono ancora a molti sconosciute.<\/p>\n<p style=\"text-align: justify;\">\u201cDevo ringraziare sentitamente tutti quelli che hanno offerto spontaneamente la loro collaborazione\u201d \u2013 ha rilevato la signora Vittore. \u201cIl Presidente del Centro Studi di Storia e Cultura, dott. Domenico Resta, che ha offerto i libri sulla storia di Turi; Fantasy Drink; le Cantine Coppi ed Andrea Saffi\u201d. \u201cUn grandissimo ringraziamento lo devo rivolgere a Don Giovanni Amodio, per l\u2019ospitalit\u00e0 e l\u2019accoglienza data, cosa che mi ha sollevato da importanti preoccupazioni. Un grazie lo estendo a tutto il gruppo dell\u2019UTE di Turi, una squadra unita, una famiglia che ha collaborato in maniera straordinaria\u201d. Infine, ha aggiunto la presidente, ringrazio l\u2019unica autorit\u00e0 che ha salutato il convegno, il Maresciallo dei Carabinieri, Sacchetti.<\/p>\n<p style=\"text-align: justify;\">Un appuntamento, questo del 22 marzo, che ha regalato a tutti un\u2019importante occasione di rinnovo dello spirito di appartenenza ad una grande famiglia, quella delle UTE, che nonostante le difficolt\u00e0 che pu\u00f2 incontrare nel suo cammino, prosegue nella sua crescita, dimostrando di saper fare, grazie alla volont\u00e0 di non arrendersi mai.<\/p>\n","protected":false},"excerpt":{"rendered":"<p><img loading=\"lazy\" decoding=\"async\" src=\"https:\/\/farm3.staticflickr.com\/2813\/13468666385_9541f43484_n.jpg\" alt=\"Ute Convegno\" width=\"320\" height=\"240\" \/><\/p>\n","protected":false},"author":1,"featured_media":0,"comment_status":"open","ping_status":"closed","sticky":false,"template":"","format":"standard","meta":{"colormag_page_container_layout":"default_layout","colormag_page_sidebar_layout":"default_layout","footnotes":""},"categories":[7],"tags":[],"class_list":["post-11771","post","type-post","status-publish","format-standard","hentry","category-attualita"],"_links":{"self":[{"href":"https:\/\/archivioturi.lavocedelpaese.info\/index.php\/wp-json\/wp\/v2\/posts\/11771","targetHints":{"allow":["GET"]}}],"collection":[{"href":"https:\/\/archivioturi.lavocedelpaese.info\/index.php\/wp-json\/wp\/v2\/posts"}],"about":[{"href":"https:\/\/archivioturi.lavocedelpaese.info\/index.php\/wp-json\/wp\/v2\/types\/post"}],"author":[{"embeddable":true,"href":"https:\/\/archivioturi.lavocedelpaese.info\/index.php\/wp-json\/wp\/v2\/users\/1"}],"replies":[{"embeddable":true,"href":"https:\/\/archivioturi.lavocedelpaese.info\/index.php\/wp-json\/wp\/v2\/comments?post=11771"}],"version-history":[{"count":0,"href":"https:\/\/archivioturi.lavocedelpaese.info\/index.php\/wp-json\/wp\/v2\/posts\/11771\/revisions"}],"wp:attachment":[{"href":"https:\/\/archivioturi.lavocedelpaese.info\/index.php\/wp-json\/wp\/v2\/media?parent=11771"}],"wp:term":[{"taxonomy":"category","embeddable":true,"href":"https:\/\/archivioturi.lavocedelpaese.info\/index.php\/wp-json\/wp\/v2\/categories?post=11771"},{"taxonomy":"post_tag","embeddable":true,"href":"https:\/\/archivioturi.lavocedelpaese.info\/index.php\/wp-json\/wp\/v2\/tags?post=11771"}],"curies":[{"name":"wp","href":"https:\/\/api.w.org\/{rel}","templated":true}]}}