{"id":11768,"date":"2014-03-30T08:13:55","date_gmt":"2014-03-30T08:13:55","guid":{"rendered":"https:\/\/archivioturi.lavocedelpaese.info\/index.php\/2014\/03\/30\/sla-e-non-solo-il-31-alla-sala-enotria\/"},"modified":"2014-03-30T08:13:55","modified_gmt":"2014-03-30T08:13:55","slug":"sla-e-non-solo-il-31-alla-sala-enotria","status":"publish","type":"post","link":"https:\/\/archivioturi.lavocedelpaese.info\/index.php\/2014\/03\/30\/sla-e-non-solo-il-31-alla-sala-enotria\/","title":{"rendered":"Sla e non solo, il 31 marzo alla Sala Enotria"},"content":{"rendered":"<p><img loading=\"lazy\" decoding=\"async\" src=\"https:\/\/farm4.staticflickr.com\/3743\/13468476374_4393c9ea16.jpg\" width=\"320\" height=\"240\" alt=\"locandina\" \/><\/p>\n<p class=\"Standard\" style=\"text-align: justify;\">\u201cUna voce per chi non ha voce &#8211; Parliamo di Sla \u2026 e di altro\u201d. \u00c8 questo il titolo dell&#8217;incontro che nella serata del 31 marzo chiama a raccolta l&#8217;intera cittadinanza presso la Sala Enotria.<\/p>\n<p class=\"Standard\" style=\"text-align: justify;\">Con il patrocinio del Presidio del Libro di Turi, dell&#8217;associazzione Attivamente Puglia e de La Voce del Paese \u2013 Turi, l&#8217;incontro, presentato da Mimma Laruccia, muover\u00e0 I suoi passi dalla drammatica situazione di chi, come un nostro concittadino, \u201cvive\u201d da malato di Sla.<\/p>\n<p class=\"Standard\" style=\"text-align: justify;\">Una malattia degenerativa che non distrugge la sola persona, ma anche la sua famiglia e chi gli vuole bene.<\/p>\n<p class=\"Standard\" style=\"text-align: justify;\">A parlare dell&#8217;argomento, il dott. Giancarlo Logroscino, Direttore UOC centro malattie rare dell&#8217;Universit\u00e0 degli Studi di Bari \/Tricase e la dott.ssa Maria Elena Roca, dirigente medico della neurologia ospedaliera UOC del Policlinico di Bari.<\/p>\n<p class=\"Standard\" style=\"text-align: justify;\">Alla tavola rotonda parteciperanno anche l&#8217;assessore alla Sanit\u00e0 della Regione Puglia, Elena Gentile; il segretario generale regionale CGIL funzione pubblica Puglia, Biagio D&#8217;Alberto; il Prof. Piero Fiore, Direttore UOC nedicina fisica e riabilitazione AOU Policlinico di Bari e il Prof. Onofrio Resta, Direttore UOC pneumologia AOU Policlinico di Bari.<\/p>\n<p class=\"Standard\" style=\"text-align: justify;\">La serata, che porter\u00e0 nuovamente sotto i riflettori, la triste vicenda della famiglia Labalestra, attende l&#8217;interesse collettivo perch\u00e8 la malattia non risparmia nessuno e all&#8217;improvviso pu\u00f2 entrare nella vita di chiunque.<\/p>\n<p class=\"Standard\" style=\"text-align: justify;\">Ricordiamo che la famiglia Labalestra ha ricevuto solo da qualche giorno l&#8217;atteso comunicatore, dopo una battaglia durata anni ed una rincorsa burocratica lunga e stancante.<\/p>\n<p class=\"Standard\" style=\"text-align: justify;\">&nbsp;<\/p>\n<p><img loading=\"lazy\" decoding=\"async\" src=\"https:\/\/farm4.staticflickr.com\/3743\/13468476374_977c1911f8_o.jpg\" width=\"566\" height=\"566\" alt=\"locandina\" \/><\/p>\n","protected":false},"excerpt":{"rendered":"<p><img loading=\"lazy\" decoding=\"async\" src=\"https:\/\/farm4.staticflickr.com\/3743\/13468476374_4393c9ea16.jpg\" width=\"320\" height=\"240\" alt=\"locandina\" \/><\/p>\n","protected":false},"author":1,"featured_media":0,"comment_status":"open","ping_status":"closed","sticky":false,"template":"","format":"standard","meta":{"colormag_page_container_layout":"default_layout","colormag_page_sidebar_layout":"default_layout","footnotes":""},"categories":[7],"tags":[],"class_list":["post-11768","post","type-post","status-publish","format-standard","hentry","category-attualita"],"_links":{"self":[{"href":"https:\/\/archivioturi.lavocedelpaese.info\/index.php\/wp-json\/wp\/v2\/posts\/11768","targetHints":{"allow":["GET"]}}],"collection":[{"href":"https:\/\/archivioturi.lavocedelpaese.info\/index.php\/wp-json\/wp\/v2\/posts"}],"about":[{"href":"https:\/\/archivioturi.lavocedelpaese.info\/index.php\/wp-json\/wp\/v2\/types\/post"}],"author":[{"embeddable":true,"href":"https:\/\/archivioturi.lavocedelpaese.info\/index.php\/wp-json\/wp\/v2\/users\/1"}],"replies":[{"embeddable":true,"href":"https:\/\/archivioturi.lavocedelpaese.info\/index.php\/wp-json\/wp\/v2\/comments?post=11768"}],"version-history":[{"count":0,"href":"https:\/\/archivioturi.lavocedelpaese.info\/index.php\/wp-json\/wp\/v2\/posts\/11768\/revisions"}],"wp:attachment":[{"href":"https:\/\/archivioturi.lavocedelpaese.info\/index.php\/wp-json\/wp\/v2\/media?parent=11768"}],"wp:term":[{"taxonomy":"category","embeddable":true,"href":"https:\/\/archivioturi.lavocedelpaese.info\/index.php\/wp-json\/wp\/v2\/categories?post=11768"},{"taxonomy":"post_tag","embeddable":true,"href":"https:\/\/archivioturi.lavocedelpaese.info\/index.php\/wp-json\/wp\/v2\/tags?post=11768"}],"curies":[{"name":"wp","href":"https:\/\/api.w.org\/{rel}","templated":true}]}}