{"id":11765,"date":"2014-03-28T14:53:28","date_gmt":"2014-03-28T14:53:28","guid":{"rendered":"https:\/\/archivioturi.lavocedelpaese.info\/index.php\/2014\/03\/28\/per-dire-basta-al-femminicidio\/"},"modified":"2014-03-28T14:53:28","modified_gmt":"2014-03-28T14:53:28","slug":"per-dire-basta-al-femminicidio","status":"publish","type":"post","link":"https:\/\/archivioturi.lavocedelpaese.info\/index.php\/2014\/03\/28\/per-dire-basta-al-femminicidio\/","title":{"rendered":"\u2026Per dire basta al femminicidio"},"content":{"rendered":"<p><img loading=\"lazy\" decoding=\"async\" src=\"https:\/\/farm8.staticflickr.com\/7095\/13467905894_398b753b94_m.jpg\" width=\"198\" height=\"240\" alt=\"violenza\" \/><\/p>\n<p style=\"text-align: justify;\">Sabato 29 marzo, \u201cl\u2019Associazione genitori turesi\u201d invita tutta la cittadinanza a partecipare alla Santa messa in memoria delle tantissime donne, vittime innocenti di soprusi e violenze, che si terr\u00e0 presso la Chiesa di San Giovanni in Turi alle ore 18.30. Al termine della celebrazione, nello spiazzale antistante la Chiesa, ci sar\u00e0 una piccola manifestazione in cui verranno lanciati dei palloncini dal colore rosso, proprio per richiamare il sangue innocente versato dalle numerose donne (basti pensare che dall\u2019inizio del 2013 ad oggi ne sono state uccise 128).<\/p>\n<p style=\"text-align: justify;\">\u201cL\u2019Associazione genitori turesi\u201d, operante sul territorio da 7 anni, si mostra, come sempre, sensibile verso queste problematiche che toccano sempre pi\u00f9 da vicino la famiglia ma soprattutto i pi\u00f9 piccini. \u00c8 questa un\u2019iniziativa molto importante volta a sensibilizzare il nostro territorio (e non solo) col fine di sradicare dalla nostra cultura la violenza come gesto di sopraffazione nei confronti dei pi\u00f9 deboli. La violenza contro le donne resta una delle forme pi\u00f9 gravi di violazione dei diritti umani a livello mondiale perch\u00e9, qualunque sia la forma o il luogo in cui si manifesta, che sia la casa o il posto di lavoro, nega il diritto fondamentale di vivere in libert\u00e0 e dignit\u00e0.&nbsp;<\/p>\n","protected":false},"excerpt":{"rendered":"<p><img loading=\"lazy\" decoding=\"async\" src=\"https:\/\/farm8.staticflickr.com\/7095\/13467905894_398b753b94_m.jpg\" width=\"198\" height=\"240\" alt=\"violenza\" \/><\/p>\n","protected":false},"author":1,"featured_media":0,"comment_status":"open","ping_status":"closed","sticky":false,"template":"","format":"standard","meta":{"colormag_page_container_layout":"default_layout","colormag_page_sidebar_layout":"default_layout","footnotes":""},"categories":[7],"tags":[],"class_list":["post-11765","post","type-post","status-publish","format-standard","hentry","category-attualita"],"_links":{"self":[{"href":"https:\/\/archivioturi.lavocedelpaese.info\/index.php\/wp-json\/wp\/v2\/posts\/11765","targetHints":{"allow":["GET"]}}],"collection":[{"href":"https:\/\/archivioturi.lavocedelpaese.info\/index.php\/wp-json\/wp\/v2\/posts"}],"about":[{"href":"https:\/\/archivioturi.lavocedelpaese.info\/index.php\/wp-json\/wp\/v2\/types\/post"}],"author":[{"embeddable":true,"href":"https:\/\/archivioturi.lavocedelpaese.info\/index.php\/wp-json\/wp\/v2\/users\/1"}],"replies":[{"embeddable":true,"href":"https:\/\/archivioturi.lavocedelpaese.info\/index.php\/wp-json\/wp\/v2\/comments?post=11765"}],"version-history":[{"count":0,"href":"https:\/\/archivioturi.lavocedelpaese.info\/index.php\/wp-json\/wp\/v2\/posts\/11765\/revisions"}],"wp:attachment":[{"href":"https:\/\/archivioturi.lavocedelpaese.info\/index.php\/wp-json\/wp\/v2\/media?parent=11765"}],"wp:term":[{"taxonomy":"category","embeddable":true,"href":"https:\/\/archivioturi.lavocedelpaese.info\/index.php\/wp-json\/wp\/v2\/categories?post=11765"},{"taxonomy":"post_tag","embeddable":true,"href":"https:\/\/archivioturi.lavocedelpaese.info\/index.php\/wp-json\/wp\/v2\/tags?post=11765"}],"curies":[{"name":"wp","href":"https:\/\/api.w.org\/{rel}","templated":true}]}}