{"id":11763,"date":"2014-03-27T07:49:51","date_gmt":"2014-03-27T07:49:51","guid":{"rendered":"https:\/\/archivioturi.lavocedelpaese.info\/index.php\/2014\/03\/27\/camposeo-resta-e-lucia\/"},"modified":"2014-03-27T07:49:51","modified_gmt":"2014-03-27T07:49:51","slug":"camposeo-resta-e-lucia","status":"publish","type":"post","link":"https:\/\/archivioturi.lavocedelpaese.info\/index.php\/2014\/03\/27\/camposeo-resta-e-lucia\/","title":{"rendered":"Camposeo, Resta e&#8230; Lucia"},"content":{"rendered":"<p>&nbsp;<img loading=\"lazy\" decoding=\"async\" class=\" size-full wp-image-8798\" src=\"https:\/\/archivioturi.lavocedelpaese.info\/wp-content\/uploads\/2012\/04\/retro-tv-icon.jpg\" width=\"320\" height=\"240\" alt=\"retro-tv-icon\" style=\"margin: 0px 3px;\" srcset=\"https:\/\/archivioturi.lavocedelpaese.info\/wp-content\/uploads\/2012\/04\/retro-tv-icon.jpg 1024w, https:\/\/archivioturi.lavocedelpaese.info\/wp-content\/uploads\/2012\/04\/retro-tv-icon-300x225.jpg 300w, https:\/\/archivioturi.lavocedelpaese.info\/wp-content\/uploads\/2012\/04\/retro-tv-icon-768x576.jpg 768w\" sizes=\"auto, (max-width: 320px) 100vw, 320px\" \/><\/p>\n<p style=\"text-align: justify;\">Torniamo a scrivere qualcosa, o almeno proviamoci. Manca circa un mese alla presentazione delle liste.<\/p>\n<p style=\"text-align: justify;\"><strong>Impegno per Turi. <\/strong>Avevano iniziato a trattare sul tavolo del centro sinistra. Poi il Pd propone le primarie e allora senza troppi rimorsi o dubbi amletici si cambia tavolo. Sul tavolo del centrodestra Impegno per Turi propone il suo nome. Pietro Camposeo, lo stesso coordinatore. Pu\u00f2 andare per Tundo. Pu\u00f2 andare per tutti. Si, ma pensiamoci. Boccardi chiede tempo per presentare il suo nome. E dopo una settimana sul tavolo viene posta finalmente Tina Resta. (Noi l\u2019avevamo presentata prima ancora di Boccardi che tenta di mantenerla buona buona e calda calda fin da due anni or sono). Tina Resta? Apriti cielo\u2026 E cos\u00ec se Tina Resta passa da sinistra a destra, Impegno per Turi fa lo stesso ripassando da destra a sinistra. In questa altalena si perdono pezzi e Vito Lenato (la mente) perde colpi. Nessuno provi a parlare di incoerenza per\u00f2&#8230; Il movimento ha sempre affermato di non essere n\u00e9 destra n\u00e9 sinistra. Ma pi\u00f9 passa il tempo e pi\u00f9 sembra che non siano n\u00e9 carne n\u00e9 pesce!<\/p>\n<p style=\"text-align: justify;\"><strong>Boccardi. <\/strong>La sua strategia \u00e8 chiara. Cerca di tenere tutti buoni e vicini a s\u00e9 ma chi non obbedisce va mandato via. Schizofrenie politiche in vista delle regionali\u2026 ma quando si capir\u00e0 che chi troppo vuole nulla stringe allora s\u00ec che sar\u00e0 troppo tardi.<\/p>\n<p style=\"text-align: justify;\"><strong>Lucia Valentini. <\/strong>\u00c8 lei, il nome papabile. Il nome che avrebbe fatto da collante fra Forza Italia e Impegno per Turi. Forse. Forse perch\u00e9 di troppa salute si scoppia. Troppo forte Boccardi. Troppi nomi. Troppi voti. Come si fa a tenere buoni tutti e come si fa a tenere buono Franco\u2026<\/p>\n<p style=\"text-align: justify;\"><strong>Franco D\u2019Addabbo. <\/strong>Lui si \u00e8 gi\u00e0 sacrificato perch\u00e9 Michele dovrebbe chiedere ancora un sacrificio? E Cazzetta? Lui, il fedelissimo, \u201ccazziato\u201d per due anni dalle battutine di Onofrio. Franco \u00e8 assediato. I suoi nemici sono tanti e i pi\u00f9 temibili\u2026 sono proprio i giovani del suo partito, no? Ma Troppi sacrifici rischierebbero di far perdere a Boccardi un buon bacino elettorale. E per Boccardi le domande si fanno importanti. Come si fa? Essere o non essere? Vito Lenato o Franco D\u2019Addabbo? Chi ascoltare?<\/p>\n","protected":false},"excerpt":{"rendered":"<p>&nbsp;<img loading=\"lazy\" decoding=\"async\" class=\" size-full wp-image-8798\" src=\"https:\/\/archivioturi.lavocedelpaese.info\/wp-content\/uploads\/2012\/04\/retro-tv-icon.jpg\" width=\"320\" height=\"240\" alt=\"retro-tv-icon\" style=\"margin: 0px 3px;\" srcset=\"https:\/\/archivioturi.lavocedelpaese.info\/wp-content\/uploads\/2012\/04\/retro-tv-icon.jpg 1024w, https:\/\/archivioturi.lavocedelpaese.info\/wp-content\/uploads\/2012\/04\/retro-tv-icon-300x225.jpg 300w, https:\/\/archivioturi.lavocedelpaese.info\/wp-content\/uploads\/2012\/04\/retro-tv-icon-768x576.jpg 768w\" sizes=\"auto, (max-width: 320px) 100vw, 320px\" \/><\/p>\n","protected":false},"author":1,"featured_media":8798,"comment_status":"open","ping_status":"closed","sticky":false,"template":"","format":"standard","meta":{"colormag_page_container_layout":"default_layout","colormag_page_sidebar_layout":"default_layout","footnotes":""},"categories":[4],"tags":[],"class_list":["post-11763","post","type-post","status-publish","format-standard","has-post-thumbnail","hentry","category-politica"],"_links":{"self":[{"href":"https:\/\/archivioturi.lavocedelpaese.info\/index.php\/wp-json\/wp\/v2\/posts\/11763","targetHints":{"allow":["GET"]}}],"collection":[{"href":"https:\/\/archivioturi.lavocedelpaese.info\/index.php\/wp-json\/wp\/v2\/posts"}],"about":[{"href":"https:\/\/archivioturi.lavocedelpaese.info\/index.php\/wp-json\/wp\/v2\/types\/post"}],"author":[{"embeddable":true,"href":"https:\/\/archivioturi.lavocedelpaese.info\/index.php\/wp-json\/wp\/v2\/users\/1"}],"replies":[{"embeddable":true,"href":"https:\/\/archivioturi.lavocedelpaese.info\/index.php\/wp-json\/wp\/v2\/comments?post=11763"}],"version-history":[{"count":0,"href":"https:\/\/archivioturi.lavocedelpaese.info\/index.php\/wp-json\/wp\/v2\/posts\/11763\/revisions"}],"wp:featuredmedia":[{"embeddable":true,"href":"https:\/\/archivioturi.lavocedelpaese.info\/index.php\/wp-json\/wp\/v2\/media\/8798"}],"wp:attachment":[{"href":"https:\/\/archivioturi.lavocedelpaese.info\/index.php\/wp-json\/wp\/v2\/media?parent=11763"}],"wp:term":[{"taxonomy":"category","embeddable":true,"href":"https:\/\/archivioturi.lavocedelpaese.info\/index.php\/wp-json\/wp\/v2\/categories?post=11763"},{"taxonomy":"post_tag","embeddable":true,"href":"https:\/\/archivioturi.lavocedelpaese.info\/index.php\/wp-json\/wp\/v2\/tags?post=11763"}],"curies":[{"name":"wp","href":"https:\/\/api.w.org\/{rel}","templated":true}]}}