{"id":11760,"date":"2014-03-26T12:35:15","date_gmt":"2014-03-26T12:35:15","guid":{"rendered":"https:\/\/archivioturi.lavocedelpaese.info\/index.php\/2014\/03\/26\/ero-in-carcere-e-siete-venuti-a-trovarmi\/"},"modified":"2014-03-26T12:35:15","modified_gmt":"2014-03-26T12:35:15","slug":"ero-in-carcere-e-siete-venuti-a-trovarmi","status":"publish","type":"post","link":"https:\/\/archivioturi.lavocedelpaese.info\/index.php\/2014\/03\/26\/ero-in-carcere-e-siete-venuti-a-trovarmi\/","title":{"rendered":"Ero in carcere e siete venuti a trovarmi"},"content":{"rendered":"<p><img loading=\"lazy\" decoding=\"async\" src=\"http:\/\/farm4.staticflickr.com\/3802\/13376358325_e422520cf7_n.jpg\" alt=\"carcere e giovani\" width=\"320\" height=\"240\" \/><\/p>\n<p style=\"text-align: justify;\">Al di l\u00e0 di quel portone inaccessibile e controllato a vista, \u201cDocumenti di identit\u00e0, prego\u201d, al di l\u00e0 di quelle mura in pietra invalicabili, si apre un mondo. Le mura diventano persone. Occhi che scrutano, con curiosit\u00e0, a volte diffidenza. Mani che stringono. Storie che si intrecciano. Si parla di \u201cmissione nel carcere di Turi\u201d. In realt\u00e0 \u00e8 uno stravolgimento del modo di guardare le cose. Le mura del carcere, che da sempre vive al centro della comunit\u00e0 turese eppure resta cos\u00ec distante e lontano dalla vita vera, quella reale e quotidiana, per quattro giovani turesi non saranno pi\u00f9 fatte di pietra. Saranno occhi, mani, sorrisi. Magliette tutte uguali, da cui emerge una stampa dello slogan della missione \u201cGes\u00f9, mi dai la forza di essere migliore\u201d; al collo un crocifisso; nel cuore un po&#8217; di timore che nasce dal dover e voler affrontare qualcosa che non si conosce, o che almeno si conosce soltanto in parte, una parte spesso condita da pregiudizi. Non ne hanno Anna Lisa, Vincenzo, Miriam e Valentina. Animati dal significato profondo del messaggio evangelico, da quel \u201cEro carcerato e siete venuti a trovarmi\u201d, hanno varcato le soglie della casa di reclusione turese facendo&nbsp; soltanto un passo in pi\u00f9, fuori dalla villa e dalle strade che si percorrono ogni giorno. Un passo che ha avvicinato persone che, al di fuori di ogni retorica, e al di l\u00e0 dei processi di colpa e redenzione, spirituali, prima ancora che sociali, sono, comunque, in cammino. Come tutti. Storie spesso dolorose e di sofferenza, in cui la scelta di fare il male si \u00e8 inserita in contesti di vita vissuta ai margini di tutto.<\/p>\n<p><img loading=\"lazy\" decoding=\"async\" src=\"http:\/\/farm8.staticflickr.com\/7193\/13376506393_24f47142b2.jpg\" alt=\"carcere e giovani\" width=\"500\" height=\"500\" style=\"margin-top: 10px; margin-bottom: 10px; margin-left: 10px; float: right;\" \/><\/p>\n<p style=\"text-align: justify;\">Ma di tutto resta una sola consapevolezza, mista a stupore, nelle parole di Anna Lisa, \u201cMolti di loro sono giovani, hanno la nostra et\u00e0&#8230;\u201d Il timore, una certa ansia all&#8217;ingresso, ben presto si trasforma in silenzio, un silenzio che riflette e cambia, e poi in adrenalina. In&nbsp; voglia di parlare e di ascoltare. Infine in voglia di pregare, di consegnare tutto nelle mani di Colui che non giudica ma salva. Nella consapevolezza, per una volta, di aver dato tutto in un incontro. &nbsp;Ma anche di aver preso molto. \u201cAbbiamo la sensazione\u201d \u00e8 un pensiero comune una volta usciti \u201cdi aver ricevuto molto di pi\u00f9 di quel che abbiamo dato\u201d. La missione non ha avuto bisogno di troppe parole. Esserci spiegava tutto quello che non viene mai detto. Oltre le sbarre o le stanze senza volti, o le pareti in cui il futuro sembra cos\u00ec lontano e incerto, per un giorno, anzi, per quattro giorni, &nbsp;da sabato a marted\u00ec, si sono stagliati altri sorrisi. Altri occhi. Fogli a colori in cui ognuno dei missionari aveva stampato un&#8217;immagine, un qualcosa che potesse parlare di s\u00e9, che potesse raggiungere gli interlocutori oltre le parole. C&#8217;\u00e8 chi ha scelto un prato, chi una bandiera, chi un campo di fiori. E poi ci sono i racconti dei detenuti. Che, seppure lontanissimi da quei campi di fiori, finiscono per essere racconti di giovani&nbsp; che raccontano se stessi ad altri giovani. Finch\u00e8 non ci sono pi\u00f9 detenuti e missionari, ma coetanei che si scambiano i loro sguardi sul mondo, in una relazione in cui nessuno perde, ma in cui ognuno guadagna. Resta, dopo i giorni dell&#8217;adrenalina e della gioia, dopo anche le lacrime quando quella porta si chiude e la missione finisce, la sensazione di dover fare di pi\u00f9, la consapevolezza di avere, al di l\u00e0 di quelle mura e a pochi passi dal proprio cuore, distese di fiori e prati da poter coltivare o osservare senza pi\u00f9 paura.<\/p>\n","protected":false},"excerpt":{"rendered":"<p><img loading=\"lazy\" decoding=\"async\" src=\"http:\/\/farm4.staticflickr.com\/3802\/13376358325_e422520cf7_n.jpg\" alt=\"carcere e giovani\" width=\"320\" height=\"240\" \/><\/p>\n","protected":false},"author":1,"featured_media":0,"comment_status":"open","ping_status":"closed","sticky":false,"template":"","format":"standard","meta":{"colormag_page_container_layout":"default_layout","colormag_page_sidebar_layout":"default_layout","footnotes":""},"categories":[7],"tags":[],"class_list":["post-11760","post","type-post","status-publish","format-standard","hentry","category-attualita"],"_links":{"self":[{"href":"https:\/\/archivioturi.lavocedelpaese.info\/index.php\/wp-json\/wp\/v2\/posts\/11760","targetHints":{"allow":["GET"]}}],"collection":[{"href":"https:\/\/archivioturi.lavocedelpaese.info\/index.php\/wp-json\/wp\/v2\/posts"}],"about":[{"href":"https:\/\/archivioturi.lavocedelpaese.info\/index.php\/wp-json\/wp\/v2\/types\/post"}],"author":[{"embeddable":true,"href":"https:\/\/archivioturi.lavocedelpaese.info\/index.php\/wp-json\/wp\/v2\/users\/1"}],"replies":[{"embeddable":true,"href":"https:\/\/archivioturi.lavocedelpaese.info\/index.php\/wp-json\/wp\/v2\/comments?post=11760"}],"version-history":[{"count":0,"href":"https:\/\/archivioturi.lavocedelpaese.info\/index.php\/wp-json\/wp\/v2\/posts\/11760\/revisions"}],"wp:attachment":[{"href":"https:\/\/archivioturi.lavocedelpaese.info\/index.php\/wp-json\/wp\/v2\/media?parent=11760"}],"wp:term":[{"taxonomy":"category","embeddable":true,"href":"https:\/\/archivioturi.lavocedelpaese.info\/index.php\/wp-json\/wp\/v2\/categories?post=11760"},{"taxonomy":"post_tag","embeddable":true,"href":"https:\/\/archivioturi.lavocedelpaese.info\/index.php\/wp-json\/wp\/v2\/tags?post=11760"}],"curies":[{"name":"wp","href":"https:\/\/api.w.org\/{rel}","templated":true}]}}