{"id":11751,"date":"2014-03-25T05:13:05","date_gmt":"2014-03-25T05:13:05","guid":{"rendered":"https:\/\/archivioturi.lavocedelpaese.info\/index.php\/2014\/03\/25\/conferenza-stampa-del-npsi\/"},"modified":"2014-03-25T05:13:05","modified_gmt":"2014-03-25T05:13:05","slug":"conferenza-stampa-del-npsi","status":"publish","type":"post","link":"https:\/\/archivioturi.lavocedelpaese.info\/index.php\/2014\/03\/25\/conferenza-stampa-del-npsi\/","title":{"rendered":"Conferenza stampa del NPSI"},"content":{"rendered":"<p><img loading=\"lazy\" decoding=\"async\" src=\"http:\/\/farm8.staticflickr.com\/7249\/13375535143_f86aa659a1_n.jpg\" alt=\"Foto da Facebook (3)\" width=\"320\" height=\"239\" \/><\/p>\n<p style=\"text-align: justify;\">Si \u00e8 tenuta sabato scorso, presso la Caffetteria \u201cIl Bacio\u201d la conferenza stampa del NPSI (Nuovo Partito Socialista). Durante la mattinata, sono intervenuti i principali promotori turesi del movimento politico: Natalino Ventrella ed il Coordinatore Cittadino Pietro Colapietro. Quest\u2019ultimo durante il discorso introduttivo, ha spiegato il motivo della nascita della sezione turese del NPSI: \u201cLavorare a livello locale, affinch\u00e9 si garantisca un centro moderato\u201d.<\/p>\n<p style=\"text-align: justify;\">\u201cAbbiamo voluto fare una conferenza stampa innovativa \u2013 ci dice Ventrella \u2013 e questo \u00e8 stato possibile grazie a Valentina e Simona de \u201cIl Bacio\u201d, che ringrazio anche per il dono delle faldacchee agli ospiti della conferenza\u201d. Alle 10:00 circa, erano presenti una cinquantina di grandi elettori, che hanno accolto il Senatore Lucio Barani (Segretario Nazionale del NPSI e fautore come costola di Forza Italia, di un\u2019aria moderata). Tra gli ospiti erano presenti anche il Dott. Peppino Denovellis, l\u2019Ing. De Pascalis (Presidente del Consorzio Mediterrae), l\u2019Ing. Angelo Cardone (Consigliere comunale a Torino) e l\u2019Avv.ssa Liso (Specializzata in Diritto Internazionale). &nbsp;&nbsp;&nbsp;&nbsp;&nbsp;&nbsp;&nbsp;&nbsp;&nbsp;&nbsp;<\/p>\n<p style=\"text-align: justify;\">Abbiamo sentito Natalino Ventrella su quello che intende fare il suo partito per le prossime comunali: \u201cSe dovessimo essere eletti partiremmo subito, nei primi sei mesi, con l\u2019istituzione della DE.CO. (Denominazione di origine Comunale) per la Faldacchea e la Ciliegia Ferrovia. La DOP non l\u2019avremo mai e questo rimane l\u2019unico modo di proteggere e valorizzare queste nostre eccellenze. Dobbiamo poi accedere ai finanziamenti comunitari per fare marketing su questi prodotti\u201d. A chi lo accusa di aver sempre cambiato partito Ventrella risponde: \u201cSiamo sempre rimasti moderati di centro, abbiamo appoggi provinciali e nazionali e vogliamo usarli per il bene di Turi\u201d. Durante la conferenza stampa si \u00e8 parlato anche delle difficolt\u00e0 di bilancio del nostro comune: \u201cSiamo in deficit strutturale, le uscite sono maggiori delle entrate e per la questione BOC, alla fine ho avuto ragione io \u2013 tuona Ventrella -. Dopo essere stato diffamato, i fatti mi hanno dato ragione e alla fine il Comune di Turi sta facendo causa alla Banca che li ha emessi\u201d.<\/p>\n<p><img loading=\"lazy\" decoding=\"async\" src=\"http:\/\/farm4.staticflickr.com\/3808\/13375386285_d43e02a67a_n.jpg\" alt=\"Foto da Facebook (2)\" width=\"320\" height=\"239\" style=\"margin-top: 10px; margin-bottom: 10px; margin-left: 10px; float: right;\" \/><\/p>\n<p style=\"text-align: justify;\">Per quanto riguarda il capitolo alleanze, Ventrella sostiene che Onofrio Resta \u00e8 stato sfiduciato proprio per l\u2019aumento delle tasse e se la destra turese continua su questa strada, sbaglia: \u201cSono un tutti contro tutti. Ad oggi hanno chiuso le porte alle nostre proposte di alleanza: \u201cIl PD ci far\u00e0 sapere, il NCD ha la lista chiusa per Natalino Ventrella, ma per gli altri c\u2019\u00e8 posto\u2026 Proprio per quelle persone che nella scorsa amministrazione, hanno aumentato le tasse determinando la rottura con Forza Italia\u201d. \u201cNoi invitiamo queste persone, a fare autocritica ed a prendere coscienza della loro incapacit\u00e0. Il problema di queste spaccature nella destra, sono proprio le indennit\u00e0 che spingono questa gente, a mettersi in politica. Questi vogliono essere eletti perch\u00e9 con quei soldi vogliono pagarsi il mutuo, ma noi vogliamo un ritorno alla politica per onore. Saremmo disposti anche ad abolirci l\u2019indennit\u00e0\u201d.<\/p>\n<p style=\"text-align: justify;\">In questi giorni il NPSI presenter\u00e0 un progetto comune con Denovellis: \u201cCi sentiamo molto vicini al Dott. Denovellis. Con lui siamo stati gli unici a firmare per lo scioglimento del consiglio comunale, quando erano saltate fuori le vicende legate ai finanziamenti mafiosi all\u2019edilizia\u201d. \u201cTuri non deve diventare un ghetto. Non per razzismo, ma se continuiamo a mantenere i nostri 1000 appartamenti invenduti, questi si riempiranno di gentaglia, pregiudicati ed extracomunitari. Ormai la Provincia non esiste pi\u00f9, conta l\u2019aria metropolitana e il comune di Bari farebbe di sicuro, un accordo con i costruttori per coofinanziare l\u2019acquisto di questi appartamenti per persone svantaggiate. Noi proponiamo invece un progetto di \u201cHousig Sociale\u201d per risolvere il problema degli invenduti, affidandogli a giovani coppie anche se hanno solo un contratto di lavoro part-time\u201d. Poi Ventrella lancia un\u2019accusa precisa riferendosi alle spese dell\u2019amministrazione Resta: \u201cSpesi 100.000\u20ac per un sito internet e 3 telecamere? Quei soldi dovevano servire a trasmettere in rete i consigli comunali e dove stanno? Il sito poi, costato cos\u00ec tanto, \u00e8 semplicemente una piattaforma uguale a quella che ho usato per <a href=\"http:\/\/www.natalinoventrella.com\/\">www.natalinoventrella.com<\/a> del costo di 700\u20ac, ed il resto dove sta? E\u2019 finito tutto alla ditta vincente di Lecce\u2026 Questo modo di fare politica deve finire, abbiamo avuto gli ultimi due sindaci part-time, ma ora vogliamo un sindaco che entri nel comune alle 8 e che esca alle 10 di sera. Riportando la parola usata pure dal ministro Alfano, non mi vergogno a definire \u201cidioti\u201d gli amministratori, che si ostineranno a proseguire su questa linea\u201d.<\/p>\n","protected":false},"excerpt":{"rendered":"<p><img loading=\"lazy\" decoding=\"async\" src=\"http:\/\/farm8.staticflickr.com\/7249\/13375535143_f86aa659a1_n.jpg\" alt=\"Foto da Facebook (3)\" width=\"320\" height=\"239\" \/><\/p>\n","protected":false},"author":1,"featured_media":0,"comment_status":"open","ping_status":"closed","sticky":false,"template":"","format":"standard","meta":{"colormag_page_container_layout":"default_layout","colormag_page_sidebar_layout":"default_layout","footnotes":""},"categories":[4],"tags":[],"class_list":["post-11751","post","type-post","status-publish","format-standard","hentry","category-politica"],"_links":{"self":[{"href":"https:\/\/archivioturi.lavocedelpaese.info\/index.php\/wp-json\/wp\/v2\/posts\/11751","targetHints":{"allow":["GET"]}}],"collection":[{"href":"https:\/\/archivioturi.lavocedelpaese.info\/index.php\/wp-json\/wp\/v2\/posts"}],"about":[{"href":"https:\/\/archivioturi.lavocedelpaese.info\/index.php\/wp-json\/wp\/v2\/types\/post"}],"author":[{"embeddable":true,"href":"https:\/\/archivioturi.lavocedelpaese.info\/index.php\/wp-json\/wp\/v2\/users\/1"}],"replies":[{"embeddable":true,"href":"https:\/\/archivioturi.lavocedelpaese.info\/index.php\/wp-json\/wp\/v2\/comments?post=11751"}],"version-history":[{"count":0,"href":"https:\/\/archivioturi.lavocedelpaese.info\/index.php\/wp-json\/wp\/v2\/posts\/11751\/revisions"}],"wp:attachment":[{"href":"https:\/\/archivioturi.lavocedelpaese.info\/index.php\/wp-json\/wp\/v2\/media?parent=11751"}],"wp:term":[{"taxonomy":"category","embeddable":true,"href":"https:\/\/archivioturi.lavocedelpaese.info\/index.php\/wp-json\/wp\/v2\/categories?post=11751"},{"taxonomy":"post_tag","embeddable":true,"href":"https:\/\/archivioturi.lavocedelpaese.info\/index.php\/wp-json\/wp\/v2\/tags?post=11751"}],"curies":[{"name":"wp","href":"https:\/\/api.w.org\/{rel}","templated":true}]}}