{"id":11749,"date":"2014-03-24T09:10:09","date_gmt":"2014-03-24T09:10:09","guid":{"rendered":"https:\/\/archivioturi.lavocedelpaese.info\/index.php\/2014\/03\/24\/pd-qun-nome-labbiamo-al-nostro-internoq\/"},"modified":"2014-03-24T09:10:09","modified_gmt":"2014-03-24T09:10:09","slug":"pd-qun-nome-labbiamo-al-nostro-internoq","status":"publish","type":"post","link":"https:\/\/archivioturi.lavocedelpaese.info\/index.php\/2014\/03\/24\/pd-qun-nome-labbiamo-al-nostro-internoq\/","title":{"rendered":"PD: &#8220;Un nome l&#8217;abbiamo al nostro interno&#8221;"},"content":{"rendered":"<p><img loading=\"lazy\" decoding=\"async\" src=\"http:\/\/farm8.staticflickr.com\/7202\/13359486883_c56e0a4c3b_m.jpg\" width=\"320\" height=\"240\" alt=\"Mirko Cazzetta\" \/><\/p>\n<p style=\"text-align: justify;\">Cercando di saperne di pi\u00f9 sul fronte moderato della sinistra turese, abbiamo intervistato Mirko Cazzetta \u2013membro del direttivo PD &#8211; che si \u00e8 reso disponibile ad offrirci la sua visione della situazione politica a Turi e le sue aspettative per il futuro.<\/p>\n<p style=\"text-align: justify;\"><strong>Come vanno le trattative per le alleanze? Ci sar\u00e0 un soggetto unico a sinistra?<\/strong><\/p>\n<p style=\"text-align: justify;\">\u201cFino ad ora \u00e8 mancata la chiarezza, alcuni non credevano ad ipotesi di alternativa rispetto alle esperienze disastrose dell\u2019amministrazione Resta e Gigantelli. E\u2019 sotto gli occhi di tutti lo stato del verde pubblico, delle pensiline, persino delle bandiere\u2026 Alcuni arredi sarebbero persino ripristinati a costo zero! Ora bisogna dare una sterzata. Il nostro obiettivo \u00e8 non coinvolgere gente che abbia fatto parte dell\u2019amministrazione Resta o Gigantelli\u201d.<\/p>\n<p style=\"text-align: justify;\"><strong>Sembra che Impegno per Turi non abbia trovato sufficienti garanzie di presenza a destra. E voi cosa gli offrireste?<\/strong><\/p>\n<p style=\"text-align: justify;\">\u201cPer ora vorrebbero solo riaprire il dialogo con noi, ma nel frattempo abbiamo gi\u00e0 contattato gente per comporre una lista che condividesse un percorso politico. A breve, presenteremo una serie di incontri e apriremo dei gruppi di lavoro, aperti a tutti i cittadini, per realizzare un programma che sia condiviso. Anche perch\u00e9 i problemi li conosciamo tutti, ma le soluzioni ancora non si sono viste\u201d.<\/p>\n<p style=\"text-align: justify;\"><strong>Ma il candidato Sindaco ce l\u2019avete?<\/strong><\/p>\n<p style=\"text-align: justify;\">\u201cDa Gennaio abbiamo contattato dei papabili, ma per varie ragioni non si sono pi\u00f9 resi disponibili. Abbiamo indetto le primarie ma niente\u2026 Quindi, non ci \u00e8 restato che cercare all\u2019interno del partito. Un nome ce l\u2019abbiamo e penso che sia la migliore espressione di un percorso di rinnovamento iniziato qualche mese fa\u201d.<\/p>\n<p style=\"text-align: justify;\"><strong>Prevedi che il vostro candidato sar\u00e0 accettato in coalizione?<\/strong><\/p>\n<p style=\"text-align: justify;\">\u201cPenso che sia un nome che possa essere condiviso anche dalle altre forze politiche con cui abbiamo dialogato (SeL, Rifondazione e Alternativa Comunista)\u201d.<\/p>\n<p style=\"text-align: justify;\"><strong>Ma il tempo stringe, i termini di presentazione delle liste scadono 40gg prima del 25 Maggio\u2026<\/strong><\/p>\n<p style=\"text-align: justify;\">\u201cSi \u00e8 vero, ma la gente che abbiamo incontrato ci \u00e8 sembrata entusiasta e questo entusiasmo prender\u00e0 corpo nelle prossime iniziative. Ci sar\u00e0 a breve una conferenza sul ciclo dei rifiuti e sulla differenziata. E\u2019 nato anche un gruppo di lavoro sull\u2019agricoltura e da questo nasceranno le proposte che confluiranno nel nostro programma. Non ultimo, abbiamo creato un gruppo di studio sulla situazione delle casse comunali che ha fatto richiesta al Caposettore di Ragioneria del Comune, di ricevere il bilancio di previsione del 2013 in forma analitica, capitolo per capitolo, in modo da dare una comprensione immediata. Abbiamo richiesto anche il resoconto degli oneri di urbanizzazione 2013 con quanto incassato e quanto gi\u00e0 impegnato; e la distinta della spesa discrezionale (Contributi ad associazioni, comitati feste, Pro Loco, libere iniziative)\u201d.<\/p>\n<p style=\"text-align: justify;\"><strong>E la risposta?<\/strong><\/p>\n<p style=\"text-align: justify;\">\u201cLa richiesta \u00e8 stata fatta il 5 Marzo, ad oggi ancora niente\u2026 Eppure penso che un comune efficiente dovrebbe essere celere nell\u2019espletare le richieste fatte dai cittadini\u201d.<\/p>\n<p style=\"text-align: justify;\"><strong>Ritornando alle amministrative, cosa spetter\u00e0 al prossimo sindaco?<\/strong><\/p>\n<p style=\"text-align: justify;\">\u201cUn compito molto duro. Ci vuole una persona operativa dal primo giorno dopo le elezioni, altrimenti dopo diventa sempre pi\u00f9 difficile. Saranno necessarie scelte difficili per risolvere l\u2019annoso problema delle casse comunali e nessuno tirasse ancora in ballo la questione BOC. All\u2019epoca, con l\u2019amministrazione De Grisantis, il comune fece la rinegoziazione di alcuni mutui che furono accorpati. Contestualizzandola, quella fu una scelta obbligata per il comune. Se alcuni amministratori hanno considerato l\u2019operazione non conveniente dal punto di vista economico, perch\u00e9 non sono intervenuti dopo pur avendone avuta la possibilit\u00e0?\u201d<\/p>\n","protected":false},"excerpt":{"rendered":"<p><img loading=\"lazy\" decoding=\"async\" src=\"http:\/\/farm8.staticflickr.com\/7202\/13359486883_c56e0a4c3b_m.jpg\" width=\"320\" height=\"240\" alt=\"Mirko Cazzetta\" \/><\/p>\n","protected":false},"author":1,"featured_media":0,"comment_status":"open","ping_status":"closed","sticky":false,"template":"","format":"standard","meta":{"colormag_page_container_layout":"default_layout","colormag_page_sidebar_layout":"default_layout","footnotes":""},"categories":[4],"tags":[],"class_list":["post-11749","post","type-post","status-publish","format-standard","hentry","category-politica"],"_links":{"self":[{"href":"https:\/\/archivioturi.lavocedelpaese.info\/index.php\/wp-json\/wp\/v2\/posts\/11749","targetHints":{"allow":["GET"]}}],"collection":[{"href":"https:\/\/archivioturi.lavocedelpaese.info\/index.php\/wp-json\/wp\/v2\/posts"}],"about":[{"href":"https:\/\/archivioturi.lavocedelpaese.info\/index.php\/wp-json\/wp\/v2\/types\/post"}],"author":[{"embeddable":true,"href":"https:\/\/archivioturi.lavocedelpaese.info\/index.php\/wp-json\/wp\/v2\/users\/1"}],"replies":[{"embeddable":true,"href":"https:\/\/archivioturi.lavocedelpaese.info\/index.php\/wp-json\/wp\/v2\/comments?post=11749"}],"version-history":[{"count":0,"href":"https:\/\/archivioturi.lavocedelpaese.info\/index.php\/wp-json\/wp\/v2\/posts\/11749\/revisions"}],"wp:attachment":[{"href":"https:\/\/archivioturi.lavocedelpaese.info\/index.php\/wp-json\/wp\/v2\/media?parent=11749"}],"wp:term":[{"taxonomy":"category","embeddable":true,"href":"https:\/\/archivioturi.lavocedelpaese.info\/index.php\/wp-json\/wp\/v2\/categories?post=11749"},{"taxonomy":"post_tag","embeddable":true,"href":"https:\/\/archivioturi.lavocedelpaese.info\/index.php\/wp-json\/wp\/v2\/tags?post=11749"}],"curies":[{"name":"wp","href":"https:\/\/api.w.org\/{rel}","templated":true}]}}