{"id":11726,"date":"2014-03-10T14:39:47","date_gmt":"2014-03-10T14:39:47","guid":{"rendered":"https:\/\/archivioturi.lavocedelpaese.info\/index.php\/2014\/03\/10\/carnevale-con-peppa-pig\/"},"modified":"2014-03-10T14:39:47","modified_gmt":"2014-03-10T14:39:47","slug":"carnevale-con-peppa-pig","status":"publish","type":"post","link":"https:\/\/archivioturi.lavocedelpaese.info\/index.php\/2014\/03\/10\/carnevale-con-peppa-pig\/","title":{"rendered":"Carnevale con Peppa Pig"},"content":{"rendered":"<p><img loading=\"lazy\" decoding=\"async\" src=\"http:\/\/farm4.staticflickr.com\/3529\/13054680944_038bbb1124_n.jpg\" width=\"320\" height=\"240\" alt=\"scuole infanzia\" \/><\/p>\n<p style=\"text-align: justify;\">Anche quest\u2019anno, i bambini delle scuole dell\u2019infanzia dell\u2019Istituto Comprensivo \u201cResta \u2013 De Donato Giannini\u201d di Turi hanno festeggiato il Carnevale in maniera gioiosa e divertente.<\/p>\n<p style=\"text-align: justify;\">Le docenti, avvalendosi della pedagogia della festa e della gioia, in un ambiente addobbato per l\u2019occasione, per trasmettere allegria e voglia di stare insieme e in un\u2019atmosfera quasi magica, hanno fatto vivere ai piccoli momenti indimenticabili.<strong><\/strong><\/p>\n<p style=\"text-align: justify;\">I bambini aspettavano con ansia l\u2019occasione di poter indossare maschere e abiti multicolori e tutti si sono divertiti ad imitare svariati personaggi, reali o fantastici. Il travestimento permette ai bambini di misurarsi, divertendosi in modo quasi inconsapevole, con la propria capacit\u00e0 di mettersi in gioco nel mascherarsi, nel danzare, nel recitare, nello scherzare, superando cos\u00ec insicurezze e paure e aumentando il livello di autostima.<\/p>\n<p style=\"text-align: justify;\">Anche alcune docenti hanno sperimentato con i bambini l\u2019esperienza del travestimento, riscoprendo la voglia di scherzare ed essere, per un giorno, quello che non si \u00e8!<\/p>\n<p style=\"text-align: justify;\">Il culmine della festa \u00e8 stato raggiunto con l\u2019arrivo di Peppa Pig (animatore Roberto Romanazzi): la maialina inglese diventata un fenomeno travolgente, in quanto propone scene di vita quotidiana; cose che capitano in tutte le famiglie. \u00c8 questo il bello di Peppa Pig: \u201cIn tv i bambini rivedono ci\u00f2 che vivono ogni giorno nelle loro case\u201d, racconta Ignazio Licciardi, docente di Pedagogia all\u2019Universit\u00e0 di Palermo, che ha pi\u00f9 volte affrontato il tema del valore pedagogico dei personaggi dei cartoni animati, \u201cVa anche detto &#8211; aggiunge &#8211; che Peppa Pig si fa portatore di valori che sono fondamentali nella vita dei pi\u00f9 piccoli: l\u2019idea di famiglia, di amicizia, l\u2019importanza della scuola. Un aspetto che non pu\u00f2 essere trascurato\u201d.&nbsp;(La Stampa)<\/p>\n<p style=\"text-align: justify;\">Sentitamente, si ringraziano i genitori per la proposta di far intervenire, durante la festa, questo personaggio tanto amato dai bambini e il Dirigente Scolastico Prof. Ferdinando Brienza per la sollecitudine con cui accoglie le istanze dell\u2019utenza.<\/p>\n<p>\u201cLa gioia, prima di essere espediente metodologico, \u00e8 un &#8216;mezzo&#8217; per far accettare ci\u00f2 che \u00e8 &#8216;serio&#8217; in educazione\u201d.<strong>&nbsp; <\/strong>(<em>San G. Bosco)<\/em><\/p>\n<p align=\"right\">&nbsp;<\/p>\n<p><object width=\"640\" height=\"480\"><param name=\"flashvars\" value=\"offsite=true&amp;lang=it-it&amp;page_show_url=%2Fphotos%2F91470992%40N02%2Fsets%2F72157642138214693%2Fshow%2F&amp;page_show_back_url=%2Fphotos%2F91470992%40N02%2Fsets%2F72157642138214693%2F&amp;set_id=72157642138214693&amp;jump_to=\" \/><param name=\"movie\" value=\"http:\/\/www.flickr.com\/apps\/slideshow\/show.swf?v=140556\" \/><param name=\"allowFullScreen\" value=\"true\" \/><embed type=\"application\/x-shockwave-flash\" src=\"http:\/\/www.flickr.com\/apps\/slideshow\/show.swf?v=140556\" allowfullscreen=\"true\" flashvars=\"offsite=true&amp;lang=it-it&amp;page_show_url=%2Fphotos%2F91470992%40N02%2Fsets%2F72157642138214693%2Fshow%2F&amp;page_show_back_url=%2Fphotos%2F91470992%40N02%2Fsets%2F72157642138214693%2F&amp;set_id=72157642138214693&amp;jump_to=\" width=\"640\" height=\"480\" \/><\/object><\/p>\n","protected":false},"excerpt":{"rendered":"<p><img loading=\"lazy\" decoding=\"async\" src=\"http:\/\/farm4.staticflickr.com\/3529\/13054680944_038bbb1124_n.jpg\" width=\"320\" height=\"240\" alt=\"scuole infanzia\" \/><\/p>\n","protected":false},"author":1,"featured_media":0,"comment_status":"open","ping_status":"closed","sticky":false,"template":"","format":"standard","meta":{"colormag_page_container_layout":"default_layout","colormag_page_sidebar_layout":"default_layout","footnotes":""},"categories":[6],"tags":[],"class_list":["post-11726","post","type-post","status-publish","format-standard","hentry","category-cultura"],"_links":{"self":[{"href":"https:\/\/archivioturi.lavocedelpaese.info\/index.php\/wp-json\/wp\/v2\/posts\/11726","targetHints":{"allow":["GET"]}}],"collection":[{"href":"https:\/\/archivioturi.lavocedelpaese.info\/index.php\/wp-json\/wp\/v2\/posts"}],"about":[{"href":"https:\/\/archivioturi.lavocedelpaese.info\/index.php\/wp-json\/wp\/v2\/types\/post"}],"author":[{"embeddable":true,"href":"https:\/\/archivioturi.lavocedelpaese.info\/index.php\/wp-json\/wp\/v2\/users\/1"}],"replies":[{"embeddable":true,"href":"https:\/\/archivioturi.lavocedelpaese.info\/index.php\/wp-json\/wp\/v2\/comments?post=11726"}],"version-history":[{"count":0,"href":"https:\/\/archivioturi.lavocedelpaese.info\/index.php\/wp-json\/wp\/v2\/posts\/11726\/revisions"}],"wp:attachment":[{"href":"https:\/\/archivioturi.lavocedelpaese.info\/index.php\/wp-json\/wp\/v2\/media?parent=11726"}],"wp:term":[{"taxonomy":"category","embeddable":true,"href":"https:\/\/archivioturi.lavocedelpaese.info\/index.php\/wp-json\/wp\/v2\/categories?post=11726"},{"taxonomy":"post_tag","embeddable":true,"href":"https:\/\/archivioturi.lavocedelpaese.info\/index.php\/wp-json\/wp\/v2\/tags?post=11726"}],"curies":[{"name":"wp","href":"https:\/\/api.w.org\/{rel}","templated":true}]}}