{"id":11703,"date":"2014-02-25T12:09:17","date_gmt":"2014-02-25T12:09:17","guid":{"rendered":"https:\/\/archivioturi.lavocedelpaese.info\/index.php\/2014\/02\/25\/chi-e-il-volontario-di-protezione-civile\/"},"modified":"2014-02-25T12:09:17","modified_gmt":"2014-02-25T12:09:17","slug":"chi-e-il-volontario-di-protezione-civile","status":"publish","type":"post","link":"https:\/\/archivioturi.lavocedelpaese.info\/index.php\/2014\/02\/25\/chi-e-il-volontario-di-protezione-civile\/","title":{"rendered":"Chi \u00e8 il volontario di protezione civile?"},"content":{"rendered":"<p><img loading=\"lazy\" decoding=\"async\" src=\"http:\/\/farm1.staticflickr.com\/7\/8610813_834147219a_n.jpg\" width=\"320\" height=\"240\" alt=\"Logo Protezione Civile Nuovo\" \/><\/p>\n<p style=\"text-align: justify;\">Il 18 febbraio scorso, presso la sede della Protezione Civile \u2018Ausculepius Turi\u2019, si \u00e8 tenuto l\u2019incontro di aggiornamento, rivolto ai volontari del nucleo operativo.<\/p>\n<p style=\"text-align: justify;\">Referente, il comandante della Polizia Municipale, il dott. Michele Cassano che ha illustrato i vari aspetti dell\u2019attivit\u00e0 di protezione civile. Essa \u00e8 fondamentale occupazione degli enti locali che oltre a gestire l\u2019urbanistica e la polizia locale, come previsto dalla legge 267 del 2000, si devono occupare anche di protezione civile, appaltandola o a enti esterni (ad esempio, associazioni private) o gestendola in proprio (come avviene nel nostro comune).<\/p>\n<p style=\"text-align: justify;\">Il sindaco \u00e8 l\u2019autorit\u00e0 comunale principale ed in quanto tale, ha conferito al comandante della Polizia Municipale la responsabilit\u00e0 del servizio. Secondo il piano comunale di P.C. essa deve occuparsi di previsione, prevenzione, soccorso, calamit\u00e0 e intervenire anche in caso di scomparsi, aiutando le ricerche com\u2019\u00e8 successo gi\u00e0 a Turi, tempo fa, e com\u2019\u00e8 avvenuto nel caso di Yara Gambirasio dove la protezione civile ebbe grande importanza nella ricerca.<\/p>\n<p style=\"text-align: justify;\">Ci sono tre gradi di rischio di competenza del nucleo: locale (es. rischio idrico, neve che pu\u00f2 riguardare Turi), sovracomunale (provincia e regione) e nazionale (es. la questione del Vesuvio).<\/p>\n<p style=\"text-align: justify;\">Il piano viene aggiornato ogni anno. Ciclicamente, infatti, vi possono essere delle rivisitazioni perch\u00e9 ci sono spesso dei cambiamenti climatici o ambientali. C\u2019\u00e8, poi, un regolamento comunale e quello proprio interno dell\u2019associazione, approvato dalla giunta del 2010. I volontari sono in forma gratuita, spontanea. I concittadini si fidano del gruppo perch\u00e9 esso li protegge.<\/p>\n<p style=\"text-align: justify;\">Si svolger\u00e0 prossimamente la formazione nelle scuole ed un corso antincendio.<\/p>\n<p style=\"text-align: justify;\">Il volontario non \u00e8 un pubblico ufficiale o un dipendente comunale, ma ricopre un ruolo pubblico perch\u00e9 d\u00e0 un pubblico servizio. Egli \u00e8 obbligato a non commettere diversi reati. Quello di peculato o appropriazione indebita: impossessarsi di una cosa non propria e utilizzarla, al di fuori, della pubblica amministrazione. Corruzione: a questa rispondono il corruttore ed il corrotto ed \u00e8 un reato difficile da contrastare. Il terzo reato \u00e8 la concussione; il quarto illecito \u00e8 l\u2019omissione di soccorso (art. 593 del Codice Penale). Chiunque, in presenza di chi sta male, deve perentoriamente &nbsp;prestare soccorso. Il quinto \u00e8 la violazione del segreto d\u2019ufficio ed la sesta infrazione, la violazione di domicilio. Per questi reati c\u2019\u00e8 l\u2019esclusione dal servizio e la reclusione.<\/p>\n","protected":false},"excerpt":{"rendered":"<p><img loading=\"lazy\" decoding=\"async\" src=\"http:\/\/farm1.staticflickr.com\/7\/8610813_834147219a_n.jpg\" width=\"320\" height=\"240\" alt=\"Logo Protezione Civile Nuovo\" \/><\/p>\n","protected":false},"author":1,"featured_media":0,"comment_status":"open","ping_status":"closed","sticky":false,"template":"","format":"standard","meta":{"colormag_page_container_layout":"default_layout","colormag_page_sidebar_layout":"default_layout","footnotes":""},"categories":[7],"tags":[],"class_list":["post-11703","post","type-post","status-publish","format-standard","hentry","category-attualita"],"_links":{"self":[{"href":"https:\/\/archivioturi.lavocedelpaese.info\/index.php\/wp-json\/wp\/v2\/posts\/11703","targetHints":{"allow":["GET"]}}],"collection":[{"href":"https:\/\/archivioturi.lavocedelpaese.info\/index.php\/wp-json\/wp\/v2\/posts"}],"about":[{"href":"https:\/\/archivioturi.lavocedelpaese.info\/index.php\/wp-json\/wp\/v2\/types\/post"}],"author":[{"embeddable":true,"href":"https:\/\/archivioturi.lavocedelpaese.info\/index.php\/wp-json\/wp\/v2\/users\/1"}],"replies":[{"embeddable":true,"href":"https:\/\/archivioturi.lavocedelpaese.info\/index.php\/wp-json\/wp\/v2\/comments?post=11703"}],"version-history":[{"count":0,"href":"https:\/\/archivioturi.lavocedelpaese.info\/index.php\/wp-json\/wp\/v2\/posts\/11703\/revisions"}],"wp:attachment":[{"href":"https:\/\/archivioturi.lavocedelpaese.info\/index.php\/wp-json\/wp\/v2\/media?parent=11703"}],"wp:term":[{"taxonomy":"category","embeddable":true,"href":"https:\/\/archivioturi.lavocedelpaese.info\/index.php\/wp-json\/wp\/v2\/categories?post=11703"},{"taxonomy":"post_tag","embeddable":true,"href":"https:\/\/archivioturi.lavocedelpaese.info\/index.php\/wp-json\/wp\/v2\/tags?post=11703"}],"curies":[{"name":"wp","href":"https:\/\/api.w.org\/{rel}","templated":true}]}}