{"id":11700,"date":"2014-02-24T15:43:26","date_gmt":"2014-02-24T15:43:26","guid":{"rendered":"https:\/\/archivioturi.lavocedelpaese.info\/index.php\/2014\/02\/24\/prosegue-la-tournee-del-mezzosoprano-notarnicola\/"},"modified":"2014-02-24T15:43:26","modified_gmt":"2014-02-24T15:43:26","slug":"prosegue-la-tournee-del-mezzosoprano-notarnicola","status":"publish","type":"post","link":"https:\/\/archivioturi.lavocedelpaese.info\/index.php\/2014\/02\/24\/prosegue-la-tournee-del-mezzosoprano-notarnicola\/","title":{"rendered":"Prosegue la tourn\u00e9e del mezzosoprano Notarnicola"},"content":{"rendered":"<p><img loading=\"lazy\" decoding=\"async\" src=\"http:\/\/farm4.staticflickr.com\/3711\/12741013465_d95a7cff96_m.jpg\" width=\"180\" height=\"240\" alt=\"a.notarnicola\" \/><\/p>\n<p style=\"text-align: justify;\">Prosegue la tourn\u00e9e del mezzosoprano turese Angela Alessandra Notarnicola, cantante lirica professionista.<\/p>\n<p style=\"text-align: justify;\">A partire dal 21 febbraio, prossimo, presso il Cineteatro \u2018Colognola\u2019 di Bergamo, la solista, sar\u00e0 impegnata,&nbsp; per l\u2019 Associazione \u2018Mayr-Donizetti\u2019, nel doppio ruolo della contessa di Coigny e della vecchia Madelon, nell&#8217;opera \u2018Andrea Ch\u00e9nier\u2019 di Umberto Giordano; il 28 febbraio, presso il Nuovo Teatro \u2018San Babila\u2019, vestir\u00e0 i panni dell&#8217;importante e tragico ruolo dell&#8217;Azucena, nel \u2018Trovatore\u2019 di Giuseppe Verdi; proseguir\u00e0,&nbsp; il 2 marzo, presso il Teatro \u2018Giuditta-Pasta\u2019 di Saronno (Va) con il ruolo di Amneris, figlia del re d&#8217;Egitto, in \u2018Aida\u2019 di Giuseppe Verdi. La prima parte della tourn\u00e9e si concluder\u00e0, il 22 marzo, con la rassegna teatrale \u2018Lecco lirica\u2019, dove &nbsp;interpreter\u00e0 Merc\u00e9d\u00e8s, nella \u2018Carmen\u2019 di G.Bizet.<\/p>\n<p class=\"testo\" style=\"text-align: justify;\">Il&nbsp;<em>Circolo musicale Mayr-Donizetti<\/em>, costituito nel 2009, ha assunto l\u2019impegno di realizzare la stagione lirica, bergamasca, che \u00e8 giunta, ora, alla sua 36\u00aa edizione ed attualmente conta sulla direzione musicale di Damiano Maria Carissoni.<\/p>\n<p class=\"testo\" style=\"text-align: justify;\">Per statuto,<em> <\/em><em>si prefigge lo scopo di promuovere ed organizzare attivit\u00e0 culturali, artistiche e ricreative, ed in particolare di allestire spettacoli di musica lirica, classica e di patrimonio operistico, nonch\u00e9 di repertorio coreografico, anche in gemellaggio<\/em> con il&nbsp;<br \/> <em>Club lirica verdiana \u2013 Busseto<\/em><em>.<\/em><em><\/em><\/p>\n<p class=\"testo\" style=\"text-align: justify;\">L\u2019<em>Associazione Teatro San Babila<\/em> promuove l\u2019arte e la cultura con iniziative, spettacoli, rassegne artistiche e teatrali.<\/p>\n","protected":false},"excerpt":{"rendered":"<p><img loading=\"lazy\" decoding=\"async\" src=\"http:\/\/farm4.staticflickr.com\/3711\/12741013465_d95a7cff96_m.jpg\" width=\"180\" height=\"240\" alt=\"a.notarnicola\" \/><\/p>\n","protected":false},"author":1,"featured_media":0,"comment_status":"open","ping_status":"closed","sticky":false,"template":"","format":"standard","meta":{"colormag_page_container_layout":"default_layout","colormag_page_sidebar_layout":"default_layout","footnotes":""},"categories":[7],"tags":[],"class_list":["post-11700","post","type-post","status-publish","format-standard","hentry","category-attualita"],"_links":{"self":[{"href":"https:\/\/archivioturi.lavocedelpaese.info\/index.php\/wp-json\/wp\/v2\/posts\/11700","targetHints":{"allow":["GET"]}}],"collection":[{"href":"https:\/\/archivioturi.lavocedelpaese.info\/index.php\/wp-json\/wp\/v2\/posts"}],"about":[{"href":"https:\/\/archivioturi.lavocedelpaese.info\/index.php\/wp-json\/wp\/v2\/types\/post"}],"author":[{"embeddable":true,"href":"https:\/\/archivioturi.lavocedelpaese.info\/index.php\/wp-json\/wp\/v2\/users\/1"}],"replies":[{"embeddable":true,"href":"https:\/\/archivioturi.lavocedelpaese.info\/index.php\/wp-json\/wp\/v2\/comments?post=11700"}],"version-history":[{"count":0,"href":"https:\/\/archivioturi.lavocedelpaese.info\/index.php\/wp-json\/wp\/v2\/posts\/11700\/revisions"}],"wp:attachment":[{"href":"https:\/\/archivioturi.lavocedelpaese.info\/index.php\/wp-json\/wp\/v2\/media?parent=11700"}],"wp:term":[{"taxonomy":"category","embeddable":true,"href":"https:\/\/archivioturi.lavocedelpaese.info\/index.php\/wp-json\/wp\/v2\/categories?post=11700"},{"taxonomy":"post_tag","embeddable":true,"href":"https:\/\/archivioturi.lavocedelpaese.info\/index.php\/wp-json\/wp\/v2\/tags?post=11700"}],"curies":[{"name":"wp","href":"https:\/\/api.w.org\/{rel}","templated":true}]}}