{"id":11675,"date":"2014-02-11T15:28:27","date_gmt":"2014-02-11T15:28:27","guid":{"rendered":"https:\/\/archivioturi.lavocedelpaese.info\/index.php\/2014\/02\/11\/le-riflessioni-di-isa-schettini\/"},"modified":"2014-02-11T15:28:27","modified_gmt":"2014-02-11T15:28:27","slug":"le-riflessioni-di-isa-schettini","status":"publish","type":"post","link":"https:\/\/archivioturi.lavocedelpaese.info\/index.php\/2014\/02\/11\/le-riflessioni-di-isa-schettini\/","title":{"rendered":"Le riflessioni di Isa Schettini"},"content":{"rendered":"<p><img loading=\"lazy\" decoding=\"async\" src=\"http:\/\/farm9.staticflickr.com\/8531\/8537195045_b3dfa8d51b_m.jpg\" width=\"160\" height=\"240\" alt=\"isabella schettini isa\" \/><\/p>\n<p style=\"text-align: justify;\">Questi giorni sono stati un po\u2019 particolari se si pensa alla questione degli immobili comunali; le ordinanze hanno suscitato sentimenti vari e contrapposti, dalle accuse al Commissario alle critiche rivolte alle Associazioni varie che, secondo qualcuno, non meriterebbero di usufruire di questi beni pubblici. Data la natura dell\u2019argomento, il Consigliere delegato al Patrimonio dell\u2019ex amministrazione Resta, Isa Schettini, racconta quelli che erano stati i passi fatti quando lei era al Comune, che fin da subito si \u00e8 interessata alla questione degli immobili, facendo applicare il Regolamento in vigore, presente anche sul sito del Comune, apportando anche alcune modifiche, come l\u2019introduzione di una cifra simbolica quale contributo per le utenze.<\/p>\n<p style=\"text-align: justify;\">Tra queste, ci dice la Schettini, l\u2019unica che pagava era l\u2019Universit\u00e0 della Terza Et\u00e0, che \u00e8 tra quelle societ\u00e0 che nei giorni scorsi hanno ricevuto l\u2019ordinanza di sgombero. Tuttavia, ci dice, \u201cle Associazioni hanno tutte uguale dignit\u00e0, perch\u00e9 tutte hanno un obiettivo benefico e per questo tutte hanno diritto ad occupare lo spazio comunale. Bisognerebbe controllare, invece, l\u2019occupazione di alcune Associazioni dove nessuna paga alcuna utenza\u201d.<\/p>\n<p style=\"text-align: justify;\">Cita poi il Chiostro dei Francescani, che definisce un immobile abbandonato da pi\u00f9 di dieci anni. Nel bilancio che l\u2019ex Amministrazione doveva approvare, ci dice, erano stati previsti 20 mila euro per mettere a norma gli alloggi e per cui era prevista anche una collocazione, ma poi nel bilancio approvato dal Commissario questi soldi sono stati tolti. \u201cNon appena l\u2019Amministrazione di cui facevo parte si \u00e8 insediata al comune, ho provveduto a liberare una stanza e mezza dall\u2019Associazione Combattenti e in quei locali sono stati disposti un ufficio informazioni e la sede della Protezione Civile di Turi\u201d e per questo ringrazia gli associati combattenti. Secondo Isa Schettini la Dott.ssa Riflesso ha agito attuando ci\u00f2 che lei e la sua Amministrazione, in quanto politici, avevano cercato di tamponare. \u201cLa sua \u00e8 stata una scelta forte, ha fatto applicare la legge\u201d, anche a seguito di alcuni accertamenti della Guardia di Finanza per verificare la regolarit\u00e0 delle occupazioni degli immobili comunali. Riguardo l\u2019edificio della Biblioteca, anche lei \u00e8 del parere che se devono andare via le associazioni, visto il pericolo, lo stesso dovrebbe valere anche per i dipendenti e per chi usufruisce di quei servizi.<\/p>\n<p style=\"text-align: justify;\">Sugli alloggi ERP, ci spiega infine, risulterebbero delle morosit\u00e0, ma \u201cin questo momento di crisi mi auguro che non vengano prese da parte del Commissario iniziative drastiche. Spero invece che si venga incontro a queste persone disagiate, in attesa del benedetto bando per la revisione dei requisiti.<\/p>\n","protected":false},"excerpt":{"rendered":"<p><img loading=\"lazy\" decoding=\"async\" src=\"http:\/\/farm9.staticflickr.com\/8531\/8537195045_b3dfa8d51b_m.jpg\" width=\"160\" height=\"240\" alt=\"isabella schettini isa\" \/><\/p>\n","protected":false},"author":1,"featured_media":0,"comment_status":"open","ping_status":"closed","sticky":false,"template":"","format":"standard","meta":{"colormag_page_container_layout":"default_layout","colormag_page_sidebar_layout":"default_layout","footnotes":""},"categories":[4],"tags":[],"class_list":["post-11675","post","type-post","status-publish","format-standard","hentry","category-politica"],"_links":{"self":[{"href":"https:\/\/archivioturi.lavocedelpaese.info\/index.php\/wp-json\/wp\/v2\/posts\/11675","targetHints":{"allow":["GET"]}}],"collection":[{"href":"https:\/\/archivioturi.lavocedelpaese.info\/index.php\/wp-json\/wp\/v2\/posts"}],"about":[{"href":"https:\/\/archivioturi.lavocedelpaese.info\/index.php\/wp-json\/wp\/v2\/types\/post"}],"author":[{"embeddable":true,"href":"https:\/\/archivioturi.lavocedelpaese.info\/index.php\/wp-json\/wp\/v2\/users\/1"}],"replies":[{"embeddable":true,"href":"https:\/\/archivioturi.lavocedelpaese.info\/index.php\/wp-json\/wp\/v2\/comments?post=11675"}],"version-history":[{"count":0,"href":"https:\/\/archivioturi.lavocedelpaese.info\/index.php\/wp-json\/wp\/v2\/posts\/11675\/revisions"}],"wp:attachment":[{"href":"https:\/\/archivioturi.lavocedelpaese.info\/index.php\/wp-json\/wp\/v2\/media?parent=11675"}],"wp:term":[{"taxonomy":"category","embeddable":true,"href":"https:\/\/archivioturi.lavocedelpaese.info\/index.php\/wp-json\/wp\/v2\/categories?post=11675"},{"taxonomy":"post_tag","embeddable":true,"href":"https:\/\/archivioturi.lavocedelpaese.info\/index.php\/wp-json\/wp\/v2\/tags?post=11675"}],"curies":[{"name":"wp","href":"https:\/\/api.w.org\/{rel}","templated":true}]}}