{"id":11674,"date":"2014-02-11T13:23:22","date_gmt":"2014-02-11T13:23:22","guid":{"rendered":"https:\/\/archivioturi.lavocedelpaese.info\/index.php\/2014\/02\/11\/in-un-modo-o-nellaltro-si-va-avanti\/"},"modified":"2014-02-11T13:23:22","modified_gmt":"2014-02-11T13:23:22","slug":"in-un-modo-o-nellaltro-si-va-avanti","status":"publish","type":"post","link":"https:\/\/archivioturi.lavocedelpaese.info\/index.php\/2014\/02\/11\/in-un-modo-o-nellaltro-si-va-avanti\/","title":{"rendered":"In un modo o nell\u2019altro si va avanti"},"content":{"rendered":"<p><img loading=\"lazy\" decoding=\"async\" src=\"http:\/\/farm9.staticflickr.com\/8229\/8596733703_3bb83dd023_n.jpg\" width=\"320\" height=\"240\" alt=\"Turi Auser Pensioni 2013 biblioteca\" \/><\/p>\n<p style=\"text-align: justify;\">\u00c8 divenuta per l\u2019Auser una dolente spina nel fianco la questione del dove prendere dimora. Gi\u00e0 a fine 2013, infatti, consci che la situazione del locale che occupano non li lascia ben sperare, decidono di scrivere alla dott.ssa Riflesso, proprio per discutere della sistemazione logistica dell\u2019Associazione, che occupa alcuni locali del Centro Polivalente in piazza Gonnelli. In questo documento, il Presidente Conte fa emergere la necessit\u00e0 per i circa 160 tesserati di una sede adeguata ad ospitarli. Chiede quindi al Commissario di ricevere una delegazione per trovare una soluzione temporanea, fino a quando la futura Amministrazione non avrebbe trovato locali pi\u00f9 idonei per realizzare tutte le attivit\u00e0 programmatiche dell\u2019Auser. Alla lettera il Sig. Antonio non riceve risposta, mentre a fine gennaio partono le ordinanze. L\u2019Auser in un primo momento non ci sta, poi invita personalmente il Commissario a fare un sopralluogo, sperando per lo meno di poter occupare una delle stanze ritenute idonee, ma pur se comprensiva, la Dott.ssa invita gli associati a rispettare la legge e a liberare il locale entro quindi giorni dalla notifica dell\u2019ordinanza.<\/p>\n<p style=\"text-align: justify;\">Quindici giorni per\u00f2 sono pochi per trovare una nuova sistemazione, fare il trasloco, considerando che i tesserati sono persone anziane, inoltre si rischierebbe di interrompere le attivit\u00e0 previste settimanalmente. Conte decide di consultare un legale e il 3 febbraio fa recapitare al Comune di Turi un documento con cui impugna l\u2019ordinanza, ma soprattutto con cui cerca di chiedere al Commissario di far slittare la data limite di sgombero dei locali di almeno tre mesi, cos\u00ec da poter provvedere a trovare una nuova sede e fare il trasloco senza alcun danno agli anziani che beneficiano delle attivit\u00e0 di questa associazione. Gli \u201causeriani\u201d sono favorevoli a quanto sostenuto dal Commissario, ovvero che nel mettere ordine bisogna andare con i piedi di piombo e nel rispetto delle associazioni e delle persone.<\/p>\n<p style=\"text-align: justify;\">Per questo, ci dice il Sig. Antonio, \u201csiamo fiduciosi di poter avere un rinvio che ci permetta di organizzare logisticamente il trasferimento in nuova sede, per non rinunciare al nostro impegno che mira alla qualit\u00e0 della vita dei cittadini turesi, nella legalit\u00e0 di eventuali concessioni in uso o eventuali contributi dell\u2019Amministrazione. La nostra attivit\u00e0 proseguir\u00e0 indipendentemente da tutto, al costo di sottrarre qualche spicciolo alle nostre pensioni. Tutte le associazioni, qualunque sia il loro nome, sono degne di rispetto\u201d. Ricordiamo inoltre cosa scrisse il Sindaco Domenico Coppi quando, il 29 giugno 1996 inaugur\u00f2 l\u2019edificio: \u201cCon l\u2019apertura del Centro Culturale Polivalente oggi l\u2019Amministrazione Comunale consegna alla citt\u00e0 il luogo della memoria storica e della creativit\u00e0.<\/p>\n<p style=\"text-align: justify;\">L\u2019ex Convento delle Clarisse che diventa una sorta di Palazzo della cultura \u00e8 una sfida lanciata a tutti noi. \u00c8 la scommessa della societ\u00e0 turese che vuole puntare ad avere una maggiore attenzione verso il benessere interiore e la conoscenza. Il Centro Culturale Polivalente \u00e8 il contenitore nel quale le Associazioni culturali, i gruppi di ricerca, gli artisti, potranno avere l\u2019opportunit\u00e0 concreta di esercitare la loro insostituibile opera in funzione sociale. Con questa istituzione Turi si concede la possibilit\u00e0 di studiare meglio il proprio nobile passato e di prepararsi al futuro con maggiore apertura al nuovo. Tramutare, per\u00f2, tanta potenzialit\u00e0 in fatti concreti dipende solo da tutti noi, dal nostro impegno, dalla nostra voglia di fare\u201d.<\/p>\n","protected":false},"excerpt":{"rendered":"<p><img loading=\"lazy\" decoding=\"async\" src=\"http:\/\/farm9.staticflickr.com\/8229\/8596733703_3bb83dd023_n.jpg\" width=\"320\" height=\"240\" alt=\"Turi Auser Pensioni 2013 biblioteca\" \/><\/p>\n","protected":false},"author":1,"featured_media":0,"comment_status":"open","ping_status":"closed","sticky":false,"template":"","format":"standard","meta":{"colormag_page_container_layout":"default_layout","colormag_page_sidebar_layout":"default_layout","footnotes":""},"categories":[7],"tags":[],"class_list":["post-11674","post","type-post","status-publish","format-standard","hentry","category-attualita"],"_links":{"self":[{"href":"https:\/\/archivioturi.lavocedelpaese.info\/index.php\/wp-json\/wp\/v2\/posts\/11674","targetHints":{"allow":["GET"]}}],"collection":[{"href":"https:\/\/archivioturi.lavocedelpaese.info\/index.php\/wp-json\/wp\/v2\/posts"}],"about":[{"href":"https:\/\/archivioturi.lavocedelpaese.info\/index.php\/wp-json\/wp\/v2\/types\/post"}],"author":[{"embeddable":true,"href":"https:\/\/archivioturi.lavocedelpaese.info\/index.php\/wp-json\/wp\/v2\/users\/1"}],"replies":[{"embeddable":true,"href":"https:\/\/archivioturi.lavocedelpaese.info\/index.php\/wp-json\/wp\/v2\/comments?post=11674"}],"version-history":[{"count":0,"href":"https:\/\/archivioturi.lavocedelpaese.info\/index.php\/wp-json\/wp\/v2\/posts\/11674\/revisions"}],"wp:attachment":[{"href":"https:\/\/archivioturi.lavocedelpaese.info\/index.php\/wp-json\/wp\/v2\/media?parent=11674"}],"wp:term":[{"taxonomy":"category","embeddable":true,"href":"https:\/\/archivioturi.lavocedelpaese.info\/index.php\/wp-json\/wp\/v2\/categories?post=11674"},{"taxonomy":"post_tag","embeddable":true,"href":"https:\/\/archivioturi.lavocedelpaese.info\/index.php\/wp-json\/wp\/v2\/tags?post=11674"}],"curies":[{"name":"wp","href":"https:\/\/api.w.org\/{rel}","templated":true}]}}