{"id":11666,"date":"2014-02-10T09:47:26","date_gmt":"2014-02-10T09:47:26","guid":{"rendered":"https:\/\/archivioturi.lavocedelpaese.info\/index.php\/2014\/02\/10\/forti-emozioni-per-la-giornata-della-memoria\/"},"modified":"2014-02-10T09:47:26","modified_gmt":"2014-02-10T09:47:26","slug":"forti-emozioni-per-la-giornata-della-memoria","status":"publish","type":"post","link":"https:\/\/archivioturi.lavocedelpaese.info\/index.php\/2014\/02\/10\/forti-emozioni-per-la-giornata-della-memoria\/","title":{"rendered":"Forti emozioni per la Giornata della Memoria"},"content":{"rendered":"<p><img loading=\"lazy\" decoding=\"async\" src=\"http:\/\/farm8.staticflickr.com\/7452\/12429837404_b8ca8ec752_n.jpg\" width=\"320\" height=\"240\" alt=\"itc shoa\" \/><\/p>\n<p style=\"text-align: justify;\">Parlare degli orrori del Nazismo \u00e8 sempre difficile ed ascoltare le voci di chi porta nel proprio cuore le ferite che n\u00e9 tempo, n\u00e9 vita, possono rimarginare pu\u00f2 solo far riflettere e chiedere \u201cperdono\u201d.<\/p>\n<p style=\"text-align: justify;\">Una mattinata densa di emozioni quella trascorsa presso la sala teatro dell\u2019ITES \u201cS. Pertini\u201d di Turi sabato 1 febbraio, con l\u2019incontro di Mirella Stanzione, sopravvissuta al lager di Ravensb\u00fcck. In deferente silenzio, gli studenti del triennio dell\u2019Istituto turese, assieme ad una delegazione degli studenti dell\u2019ITC \u201cMontale\u201d di Rutigliano, delle classi terze medie dell\u2019I. C. \u201cResta \u2013 De Donato Giannini\u201d di Turi, dei Carabinieri, dell\u2019Aereonautica e delle Associazioni cittadine hanno rivissuto i mesi di prigionia dell\u2019allora diciassettenne Mirella.<\/p>\n<p style=\"text-align: justify;\">Ad accoglierla il dirigente scolastico, prof. Erminio Deleonardis e il prof. Osvaldo Buonaccino D\u2019Addiego che ha voluto cominciare con un\u2019espressione di Norberto Bobbio: \u201cNon dimenticate\u201d, apparse su \u201cLa Repubblica\u201d nel 1990. Non dimenticare quello che \u00e8 stato, non dimenticare fino a che punto si \u00e8 spinta la barbarie umana, non dimenticare chi ha perso tutto a causa della follia di chi ha classificato gli uomini in razze, in appartenenze, in serie, in numeri.<\/p>\n<p style=\"text-align: justify;\">\u201cSembra incredibile che ancora oggi ci sia chi nega, o chi non ritiene sufficienti le parole e le immagini di quel che \u00e8 stato\u201d \u2013 ha rimarcato il prof. Buonaccino, ponendo l\u2019accento su come la stessa testimone, Mirella Stanzione, come molti altri, ha iniziato a parlare del periodo della prigionia solo dal \u201999, perch\u00e9 aveva paura di non essere creduta, tanto erano inconcepibili le condizioni a cui erano stati sottoposti. \u201c125.000 donne furono immatricolate e circa 95.000 persero la vita\u201d \u2013 inizia la signora Stanzione. \u201cA Ravensb\u00fcck nacquero 870 bambini, ma in pochissimi riuscirono a sopravvivere. Molti, non resistettero\u201d e molti altri furono vittime di giochi sadici delle SS, \u201clanciati in aria come fosse un piattello e pronti ad essere colpiti\u201d. \u201cTanti furono gli esperimenti pseudoscientifici condotti sulle donne di Ravensb\u00fcck\u201d \u2013 prosegue commossa, a volte guardando quei fogli che stringe tra le mani tremanti, ancora increduli di quel che \u00e8 stato. \u201cSiamo state annientate come donne: non solo rapate, ma avevano pensato bene di toglierci pure le mestruazioni\u201d. \u201cAppena entrate in campo, immediatamente a tutte noi si \u00e8 fermato il ciclo, non so cosa mettevano nel famoso kaffee holen, qualcuno parlava di bromuro\u201d. Ecco che le sue parole, rotte da note vibranti, si fanno sempre pi\u00f9 incisive nel racconto di quanto \u00e8 accaduto nel campo di prigionia, dove la donna, insieme alla madre, ha trascorso circa un anno.<\/p>\n<p style=\"text-align: justify;\">Al termine della testimonianza, alcuni studenti dell\u2019ITES \u201cPertini\u201d hanno voluto portare le loro domande e i loro pensieri, che hanno ulteriormente commosso la signora Mirella Stanzione che li ha ringraziati per la bella accoglienza riservatale.<\/p>\n<p><object width=\"640\" height=\"480\"><param name=\"flashvars\" value=\"offsite=true&amp;lang=it-it&amp;page_show_url=%2Fphotos%2F91470992%40N02%2Fsets%2F72157640763120285%2Fshow%2F&amp;page_show_back_url=%2Fphotos%2F91470992%40N02%2Fsets%2F72157640763120285%2F&amp;set_id=72157640763120285&amp;jump_to=\" \/><param name=\"movie\" value=\"http:\/\/www.flickr.com\/apps\/slideshow\/show.swf?v=140556\" \/><param name=\"allowFullScreen\" value=\"true\" \/><embed type=\"application\/x-shockwave-flash\" src=\"http:\/\/www.flickr.com\/apps\/slideshow\/show.swf?v=140556\" allowfullscreen=\"true\" flashvars=\"offsite=true&amp;lang=it-it&amp;page_show_url=%2Fphotos%2F91470992%40N02%2Fsets%2F72157640763120285%2Fshow%2F&amp;page_show_back_url=%2Fphotos%2F91470992%40N02%2Fsets%2F72157640763120285%2F&amp;set_id=72157640763120285&amp;jump_to=\" width=\"640\" height=\"480\" \/><\/object><\/p>\n","protected":false},"excerpt":{"rendered":"<p><img loading=\"lazy\" decoding=\"async\" src=\"http:\/\/farm8.staticflickr.com\/7452\/12429837404_b8ca8ec752_n.jpg\" width=\"320\" height=\"240\" alt=\"itc shoa\" \/><\/p>\n","protected":false},"author":1,"featured_media":0,"comment_status":"open","ping_status":"closed","sticky":false,"template":"","format":"standard","meta":{"colormag_page_container_layout":"default_layout","colormag_page_sidebar_layout":"default_layout","footnotes":""},"categories":[6],"tags":[],"class_list":["post-11666","post","type-post","status-publish","format-standard","hentry","category-cultura"],"_links":{"self":[{"href":"https:\/\/archivioturi.lavocedelpaese.info\/index.php\/wp-json\/wp\/v2\/posts\/11666","targetHints":{"allow":["GET"]}}],"collection":[{"href":"https:\/\/archivioturi.lavocedelpaese.info\/index.php\/wp-json\/wp\/v2\/posts"}],"about":[{"href":"https:\/\/archivioturi.lavocedelpaese.info\/index.php\/wp-json\/wp\/v2\/types\/post"}],"author":[{"embeddable":true,"href":"https:\/\/archivioturi.lavocedelpaese.info\/index.php\/wp-json\/wp\/v2\/users\/1"}],"replies":[{"embeddable":true,"href":"https:\/\/archivioturi.lavocedelpaese.info\/index.php\/wp-json\/wp\/v2\/comments?post=11666"}],"version-history":[{"count":0,"href":"https:\/\/archivioturi.lavocedelpaese.info\/index.php\/wp-json\/wp\/v2\/posts\/11666\/revisions"}],"wp:attachment":[{"href":"https:\/\/archivioturi.lavocedelpaese.info\/index.php\/wp-json\/wp\/v2\/media?parent=11666"}],"wp:term":[{"taxonomy":"category","embeddable":true,"href":"https:\/\/archivioturi.lavocedelpaese.info\/index.php\/wp-json\/wp\/v2\/categories?post=11666"},{"taxonomy":"post_tag","embeddable":true,"href":"https:\/\/archivioturi.lavocedelpaese.info\/index.php\/wp-json\/wp\/v2\/tags?post=11666"}],"curies":[{"name":"wp","href":"https:\/\/api.w.org\/{rel}","templated":true}]}}