{"id":11646,"date":"2014-01-28T13:54:20","date_gmt":"2014-01-28T13:54:20","guid":{"rendered":"https:\/\/archivioturi.lavocedelpaese.info\/index.php\/2014\/01\/28\/nessuno-di-noi-puo-sequestrare-dio\/"},"modified":"2014-01-28T13:54:20","modified_gmt":"2014-01-28T13:54:20","slug":"nessuno-di-noi-puo-sequestrare-dio","status":"publish","type":"post","link":"https:\/\/archivioturi.lavocedelpaese.info\/index.php\/2014\/01\/28\/nessuno-di-noi-puo-sequestrare-dio\/","title":{"rendered":"\u201cNessuno di noi pu\u00f2 sequestrare Dio!\u201d"},"content":{"rendered":"<p><img loading=\"lazy\" decoding=\"async\" src=\"http:\/\/farm3.staticflickr.com\/2850\/12155268174_c71310768e.jpg\" alt=\"dgv\" width=\"320\" height=\"153\" \/><\/p>\n<p style=\"text-align: justify;\">\u201cQui stasera sta accadendo un miracolo!\u201d,&nbsp; queste le parole di don Giorgio&nbsp; Pugliese, responsabile diocesano dell\u2019ecumenismo&nbsp; e del dialogo religioso, ed&nbsp; effettivamente la sera del 23 gennaio la&nbsp; chiesa Madre di Turi \u00e8 diventata cattedrale&nbsp; dell\u2019ecumenismo: cattolici, ortodossi,&nbsp; protestanti e avventisti hanno&nbsp; pregato assieme, scambiato gesti di fratellanza;&nbsp; hanno,per una volta, messo da&nbsp; parte quel che li divide per sottolineare&nbsp; quel che pi\u00f9 li unisce. \u00c8 avvenuto tutto&nbsp; ai piedi della statua di Ges\u00f9, a sottolineare,&nbsp; quasi casualmente eppure in maniera&nbsp; altamente simbolica che solo ponendo&nbsp; lo sguardo su Ges\u00f9 le chiese possono&nbsp; trovare, se non l\u2019unit\u00e0, una strada comune&nbsp; da percorrere. Cristo non pu\u00f2 essere&nbsp; diviso (1 Cor 1, 1-17). Le parole di san&nbsp; Paolo sono divenute quest\u2019anno il messaggio&nbsp; per la settimana di preghiera per&nbsp; l\u2019unit\u00e0 dei cristiani, che ricorre proprio&nbsp; nei giorni antecedenti al 25 gennaio, in&nbsp; cui la chiesa ricorda san Paolo e la sua&nbsp; predicazione a tutto il mondo. Per la prima&nbsp; volta, Turi ha accolto una serata ecumenica&nbsp; diocesana, in cui pastori e fedeli&nbsp; di varie chiese hanno potuto pregare insieme,&nbsp; soffermandosi anche sui motivi&nbsp; storici e teologici delle divisioni. Hanno&nbsp; preso parte alla riflessione mons. Domenico&nbsp; Padovano, vescovo della nostra&nbsp; diocesi, il pastore Battista Nunzio Loiudice&nbsp; e il pastore Avventista Petru Nyerges&nbsp; Danci. Resta l\u2019amaro in bocca per&nbsp; l\u2019assenza, tra i pastori, di delegati della&nbsp; comunit\u00e0 ortodossa, pur discretamente&nbsp; rappresentata da diversi fedeli presenti.&nbsp; \u201cNonostante la nostra amicizia \u2013 ha sottolineato&nbsp; il pastore Nunzio \u2013 negare le&nbsp; distinzioni sarebbe impossibile. Anche&nbsp; in un\u2019epoca come questa di pluralismo,&nbsp; in cui comunque abbiamo il dovere di&nbsp; accogliere chi la pensa diversamente&nbsp; da noi, non dobbiamo rinunciare alla&nbsp; ricerca della verit\u00e0. <img loading=\"lazy\" decoding=\"async\" style=\"margin-top: 10px; margin-bottom: 10px; margin-left: 10px; float: right;\" src=\"http:\/\/farm8.staticflickr.com\/7332\/12155117803_87cdf0c4bd.jpg\" alt=\"dg\" width=\"407\" height=\"206\" \/>Quel che davvero&nbsp; divide le chiese non \u00e8 il divergere delle&nbsp; dottrine, ma l\u2019autoreferenzialit\u00e0, il credere&nbsp; di avere tutte le risposte in tasca.\u201d&nbsp; Mons. Padovano ha sottolineato come&nbsp; l\u2019integralismo sia una malattia dei cristiani,&nbsp; \u201cnon \u00e8 una difesa della fede ma&nbsp; una degenerazione. Chi crede di avere il&nbsp; monopolio su Dio fa morire la fede per&nbsp; asfissia. Lo Spirito Santo soffia dove e&nbsp; come vuole, slegato dalle strutture umane.\u201d&nbsp; Il pastore Petru ha ribadito che non&nbsp; si deve cedere \u201calla tentazione di sequestrare&nbsp; Dio, di rinchiuderlo nei propri&nbsp; schemi\u201d. Di grande portata emotiva \u00e8&nbsp; stata la recita del \u201cPadre nostro\u201d, che ha&nbsp; visto tutti i presenti prendersi per mano,&nbsp; in modo che non si distinguessero pi\u00f9&nbsp; le differenze di culto, mescolate nell\u2019unica&nbsp; preghiera insegnata da Ges\u00f9. Sulle&nbsp; note di \u201cHevenu Shalom\u201d, un segno di&nbsp; pace ecumenico, in cui ognuno poteva&nbsp; utilizzare la formula preferita, in un andirivieni&nbsp; di abbracci e mani da stringere.&nbsp; \u201cSar\u00e0 cos\u00ec anche alla fine dei giorni \u2013 ha&nbsp; detto il pastore Avventista \u2013 quando ci&nbsp; ritroveremo a scambiarci la felicit\u00e0 nella&nbsp; Gerusalemme celeste\u201d (Applausi). La&nbsp; serata si \u00e8 conclusa con la partecipazione&nbsp; del coro ecumenico di Conversano&nbsp; \u201cOne love chorus\u201d, formato da cattolici,&nbsp; battisti e avventisti, e che ha sottolineato&nbsp; , ancor pi\u00f9 con la musica e il canto,&nbsp; quanto siano comuni i patrimoni culturali&nbsp; e spirituali delle diverse chiese.&nbsp; Infine, dove non arrivano la preghiera&nbsp; e la musica, arriva la condivisione&nbsp; dinanzi ad un buffet in cui ognuno ha&nbsp; generosamente offerto del suo. A fine&nbsp; serata, mentre il coro intonava le ultime&nbsp; strofe, ha fatto l\u2019ingresso trionfale il&nbsp; senatore Tonino Coppi, subito accolto&nbsp; da don Giovanni Amodio con un caloroso&nbsp; abbraccio. Un modo drastico per&nbsp; ritornare sulla terra, segno che, anche&nbsp; in Chiesa Madre, le elezioni comunali&nbsp; sono imminenti.&nbsp;&nbsp;<\/p>\n","protected":false},"excerpt":{"rendered":"<p><img loading=\"lazy\" decoding=\"async\" src=\"http:\/\/farm3.staticflickr.com\/2850\/12155268174_c71310768e.jpg\" alt=\"dgv\" width=\"320\" height=\"153\" \/><\/p>\n","protected":false},"author":1,"featured_media":0,"comment_status":"open","ping_status":"closed","sticky":false,"template":"","format":"standard","meta":{"colormag_page_container_layout":"default_layout","colormag_page_sidebar_layout":"default_layout","footnotes":""},"categories":[7],"tags":[],"class_list":["post-11646","post","type-post","status-publish","format-standard","hentry","category-attualita"],"_links":{"self":[{"href":"https:\/\/archivioturi.lavocedelpaese.info\/index.php\/wp-json\/wp\/v2\/posts\/11646","targetHints":{"allow":["GET"]}}],"collection":[{"href":"https:\/\/archivioturi.lavocedelpaese.info\/index.php\/wp-json\/wp\/v2\/posts"}],"about":[{"href":"https:\/\/archivioturi.lavocedelpaese.info\/index.php\/wp-json\/wp\/v2\/types\/post"}],"author":[{"embeddable":true,"href":"https:\/\/archivioturi.lavocedelpaese.info\/index.php\/wp-json\/wp\/v2\/users\/1"}],"replies":[{"embeddable":true,"href":"https:\/\/archivioturi.lavocedelpaese.info\/index.php\/wp-json\/wp\/v2\/comments?post=11646"}],"version-history":[{"count":0,"href":"https:\/\/archivioturi.lavocedelpaese.info\/index.php\/wp-json\/wp\/v2\/posts\/11646\/revisions"}],"wp:attachment":[{"href":"https:\/\/archivioturi.lavocedelpaese.info\/index.php\/wp-json\/wp\/v2\/media?parent=11646"}],"wp:term":[{"taxonomy":"category","embeddable":true,"href":"https:\/\/archivioturi.lavocedelpaese.info\/index.php\/wp-json\/wp\/v2\/categories?post=11646"},{"taxonomy":"post_tag","embeddable":true,"href":"https:\/\/archivioturi.lavocedelpaese.info\/index.php\/wp-json\/wp\/v2\/tags?post=11646"}],"curies":[{"name":"wp","href":"https:\/\/api.w.org\/{rel}","templated":true}]}}