{"id":11644,"date":"2014-01-28T06:26:16","date_gmt":"2014-01-28T06:26:16","guid":{"rendered":"https:\/\/archivioturi.lavocedelpaese.info\/index.php\/2014\/01\/28\/san-sebastiano-donaci-un-sindaco\/"},"modified":"2014-01-28T06:26:16","modified_gmt":"2014-01-28T06:26:16","slug":"san-sebastiano-donaci-un-sindaco","status":"publish","type":"post","link":"https:\/\/archivioturi.lavocedelpaese.info\/index.php\/2014\/01\/28\/san-sebastiano-donaci-un-sindaco\/","title":{"rendered":"San Sebastiano&#8230; donaci un Sindaco"},"content":{"rendered":"<p><img loading=\"lazy\" decoding=\"async\" src=\"http:\/\/farm6.staticflickr.com\/5521\/12107230136_5bed9aaa4b_n.jpg\" width=\"320\" height=\"212\" alt=\"DSC_0112\" \/><\/p>\n<p style=\"text-align: justify;\">Luned\u00ec scorso, presso la Chiesa di San Giovanni Battista, si \u00e8 tenuta per la festa della Polizia Municipale, la santa messa in onore del santo patrono dei vigili, San Sebastiano.<\/p>\n<p style=\"text-align: justify;\">Egli era un militare romano, martire per aver sostenuto la fede cristiana; \u00e8 venerato sia dalla Chiesa Cattolica che da quella Ortodossa ed oggetto di un culto antichissimo. Visse sotto l\u2019impero di Diocleziano. Divenuto alto ufficiale dell\u2019esercito imperiale sostenne i cristiani incarcerati e diffuse il Cristianesimo tra i militari. Fu denudato, legato a un palo e trafitto da cos\u00ec tante frecce da sembrare un\u2019 istrice. Sopravvissuto alla pena, curato da Santa Irene, invece di fuggire e mettersi in salvo, torn\u00f2 dall\u2019imperatore per dichiarare apertamente la propria fede. Fu flagellato a morte. L\u2019omelia di Don Nicola D\u2019Onghia \u00e8 stata incentrata sul valore della legge e del bene comune che devono essere associate ad una fede salda, sull\u2019esempio del santo martire. \u201cQuando la legge \u00e8 fine a se stessa, non cambia la vita. Il cuore \u00e8 lontano. Possiamo essere bravi nelle pratiche ma il rischio \u00e8 svuotare tutto questo del suo significato pieno. Ges\u00f9 porta l\u2019agire a compimento. Tutto \u00e8 vero se c\u2019\u00e8 un atteggiamento interiore proiettato verso Dio e verso i fratelli. Non ci deve essere divisione ma unit\u00e0 tra la propria interiorit\u00e0 e la propria esteriorit\u00e0. San Sebastiano era un soldato di Diocleziano. Questo santo era fedele all\u2019impero ma Diocleziano non sapeva che era un cristiano. Fu martirizzato con le frecce. Era al servizio del bene della citt\u00e0 e delle persone. Al primo posto, c\u2019\u00e8 un bene superiore garantito dall\u2019ordine, dalla legge ma quest\u2019ultima deve essere una via; il fine deve essere il bene. Il servizio deve essere sempre pi\u00f9 ispirato da questa visione e il servitore dell\u2019ordine pubblico non deve essere un semplice esecutore dell\u2019ordine pubblico. I cittadini seguono i buoni esempi. Uno stato giusto significa cittadini giusti, come afferma Aristotele. Deve crescere il senso del bene e della giustizia.\u201d Il comandante dei vigili Michele Cassano, dopo la celebrazione, ha espresso il proprio augurio per il 2014: \u201cL\u2019augurio per il 2014 \u00e8 che, ben presto, ci sia l\u2019amministrazione comunale che dia i necessari indirizzi di carattere generale, alla nostra attivit\u00e0. Senza amministratori non ci sono direzioni politiche che orientino lo sviluppo della collettivit\u00e0. Ad esempio, la vecchia amministrazione aveva previsto la chiusura del centro storico al traffico, ad esclusione della zona a traffico limitato e l\u2019 aumento delle zone pedonali. Ci auspichiamo che migliori la qualit\u00e0 del servizio che offriamo. Non molti comuni sono capaci di consentire l\u2019inizio di un\u2019attivit\u00e0 produttiva in un solo giorno, grazie al SUAP telematico. Viene inviata la domanda tramite internet e poi essa \u00e8 da noi opportunamente controllata, in tempi brevissimi. Ci\u00f2 ha consentito di eliminare la carta e ha favorito un notevole snellimento burocratico. Ci auguriamo per il nuovo anno il rafforzamento della protezione civile. Siamo uno dei pochi comuni ad avere un gruppo, completamente operativo, fatto di volontari che dipendono direttamente dal comune. E\u2019 un fiore all\u2019occhiello, un vanto. Abbiamo una centrale operativa collegata direttamente con quella regionale, ovvero, sulla sua stessa frequenza. Siamo nell\u2019elenco regionale delle associazioni di volontariato e, quindi, nazionale. A breve, la protezione civile avr\u00e0 il Pick up, con l\u2019atomizzatore, per spegnere gli incendi boschivi. Faremo tutto in nome del bene comune, compresi gli interventi con il telelaser per proteggere tutti. Non tutti sanno che il limite di velocit\u00e0 cittadino \u00e8 di 50 km all\u2019ora. Abbiamo chiuso due sale giochi. Noi, da parte nostra, continueremo a tutelare con i controlli, il bene comune. Con la nostra attivit\u00e0 preventiva vogliamo sensibilizzare l\u2019aspetto civico delle persone perch\u00e9 se migliora il comportamento generale, migliora la qualit\u00e0 della vita di tutti i cittadini.\u201d<\/p>\n<p><object width=\"640\" height=\"480\"><param name=\"flashvars\" value=\"offsite=true&amp;lang=it-it&amp;page_show_url=%2Fphotos%2F91470992%40N02%2Fsets%2F72157640085085515%2Fshow%2F&amp;page_show_back_url=%2Fphotos%2F91470992%40N02%2Fsets%2F72157640085085515%2F&amp;set_id=72157640085085515&amp;jump_to=\" \/><param name=\"movie\" value=\"http:\/\/www.flickr.com\/apps\/slideshow\/show.swf?v=138195\" \/><param name=\"allowFullScreen\" value=\"true\" \/><embed type=\"application\/x-shockwave-flash\" src=\"http:\/\/www.flickr.com\/apps\/slideshow\/show.swf?v=138195\" allowfullscreen=\"true\" flashvars=\"offsite=true&amp;lang=it-it&amp;page_show_url=%2Fphotos%2F91470992%40N02%2Fsets%2F72157640085085515%2Fshow%2F&amp;page_show_back_url=%2Fphotos%2F91470992%40N02%2Fsets%2F72157640085085515%2F&amp;set_id=72157640085085515&amp;jump_to=\" width=\"640\" height=\"480\" \/><\/object><\/p>\n","protected":false},"excerpt":{"rendered":"<p><img loading=\"lazy\" decoding=\"async\" src=\"http:\/\/farm6.staticflickr.com\/5521\/12107230136_5bed9aaa4b_n.jpg\" width=\"320\" height=\"212\" alt=\"DSC_0112\" \/><\/p>\n","protected":false},"author":1,"featured_media":0,"comment_status":"open","ping_status":"closed","sticky":false,"template":"","format":"standard","meta":{"colormag_page_container_layout":"default_layout","colormag_page_sidebar_layout":"default_layout","footnotes":""},"categories":[6],"tags":[],"class_list":["post-11644","post","type-post","status-publish","format-standard","hentry","category-cultura"],"_links":{"self":[{"href":"https:\/\/archivioturi.lavocedelpaese.info\/index.php\/wp-json\/wp\/v2\/posts\/11644","targetHints":{"allow":["GET"]}}],"collection":[{"href":"https:\/\/archivioturi.lavocedelpaese.info\/index.php\/wp-json\/wp\/v2\/posts"}],"about":[{"href":"https:\/\/archivioturi.lavocedelpaese.info\/index.php\/wp-json\/wp\/v2\/types\/post"}],"author":[{"embeddable":true,"href":"https:\/\/archivioturi.lavocedelpaese.info\/index.php\/wp-json\/wp\/v2\/users\/1"}],"replies":[{"embeddable":true,"href":"https:\/\/archivioturi.lavocedelpaese.info\/index.php\/wp-json\/wp\/v2\/comments?post=11644"}],"version-history":[{"count":0,"href":"https:\/\/archivioturi.lavocedelpaese.info\/index.php\/wp-json\/wp\/v2\/posts\/11644\/revisions"}],"wp:attachment":[{"href":"https:\/\/archivioturi.lavocedelpaese.info\/index.php\/wp-json\/wp\/v2\/media?parent=11644"}],"wp:term":[{"taxonomy":"category","embeddable":true,"href":"https:\/\/archivioturi.lavocedelpaese.info\/index.php\/wp-json\/wp\/v2\/categories?post=11644"},{"taxonomy":"post_tag","embeddable":true,"href":"https:\/\/archivioturi.lavocedelpaese.info\/index.php\/wp-json\/wp\/v2\/tags?post=11644"}],"curies":[{"name":"wp","href":"https:\/\/api.w.org\/{rel}","templated":true}]}}