{"id":11635,"date":"2014-01-27T10:31:38","date_gmt":"2014-01-27T10:31:38","guid":{"rendered":"https:\/\/archivioturi.lavocedelpaese.info\/index.php\/2014\/01\/27\/nuovo-look-per-la-banda-musicale-cittadina\/"},"modified":"2014-01-27T10:31:38","modified_gmt":"2014-01-27T10:31:38","slug":"nuovo-look-per-la-banda-musicale-cittadina","status":"publish","type":"post","link":"https:\/\/archivioturi.lavocedelpaese.info\/index.php\/2014\/01\/27\/nuovo-look-per-la-banda-musicale-cittadina\/","title":{"rendered":"Nuovo look per la Banda Musicale Cittadina"},"content":{"rendered":"<p><img loading=\"lazy\" decoding=\"async\" src=\"http:\/\/farm4.staticflickr.com\/3801\/12135399646_6b86e46eeb_n.jpg\" width=\"320\" height=\"213\" alt=\"Banda tURI\" \/><\/p>\n<p style=\"text-align: justify;\">Una nuova veste grafica, realizzata da Donato Perfido, per la Banda Musicale Cittadina \u201cDon Giovanni Cipriani\u201d. Un nuovo look per un nuovo anno che si apre con il sorriso dei successi che la Banda sta portando a casa.<\/p>\n<p style=\"text-align: justify;\">Dopo l\u2019impegnativa parentesi degli appuntamenti natalizi, prosegue con l\u2019intenso lavoro del Laboratorio Musicale ad indirizzo bandistico, coordinato dallo stesso Direttore Valerio Savino e che vede protagonisti indiscussi i giovani amanti della musica da banda, guidati da Gianfranco Cipriani per la tromba e trombone, Renato De Bellis per la tromba, Francesco Mazzone per la musica di insieme, Giancarlo Mazzone per il clarinetto, Ino Resta per il solfeggio e la teoria musicale, Domenico Savino per le percussioni, Valerio Savino per il solfeggio e la teoria musicale e Daniele Taylor per i sassofoni.<\/p>\n<p style=\"text-align: justify;\">La banda, che da oggi si presenta con questa sua nuova ed accattivante veste grafica, continua a voler avvicinare il pubblico dei pi\u00f9 giovani al mondo della musica, sottolineando in tal modo quella valenza educativa della musica che sin dal suo fondamento, avvenuto l\u20198 Aprile 1991 si \u00e8 proposta. L\u2019occhio che incontra l\u2019orecchio, la vista che cattura insieme all\u2019udito per abbracciare la vasta realt\u00e0 musicale in tutte le sue sfumature ed espressioni. L\u2019arte della musica incrocia cos\u00ec anche i moderni mezzi di diffusione della conoscenza, abbraccia chi si lascia incuriosire dal movimento, dalle immagini, dai colori, per poi immergere il proprio interesse verso un percorso di formazione che non \u00e8 solo studio, ma \u00e8 anche e soprattutto un modo di vivere, una visione della realt\u00e0, un\u2019esperienza di conoscenza, una continua ricerca della perfezione.&nbsp;<\/p>\n","protected":false},"excerpt":{"rendered":"<p><img loading=\"lazy\" decoding=\"async\" src=\"http:\/\/farm4.staticflickr.com\/3801\/12135399646_6b86e46eeb_n.jpg\" width=\"320\" height=\"213\" alt=\"Banda tURI\" \/><\/p>\n","protected":false},"author":1,"featured_media":0,"comment_status":"open","ping_status":"closed","sticky":false,"template":"","format":"standard","meta":{"colormag_page_container_layout":"default_layout","colormag_page_sidebar_layout":"default_layout","footnotes":""},"categories":[7],"tags":[],"class_list":["post-11635","post","type-post","status-publish","format-standard","hentry","category-attualita"],"_links":{"self":[{"href":"https:\/\/archivioturi.lavocedelpaese.info\/index.php\/wp-json\/wp\/v2\/posts\/11635","targetHints":{"allow":["GET"]}}],"collection":[{"href":"https:\/\/archivioturi.lavocedelpaese.info\/index.php\/wp-json\/wp\/v2\/posts"}],"about":[{"href":"https:\/\/archivioturi.lavocedelpaese.info\/index.php\/wp-json\/wp\/v2\/types\/post"}],"author":[{"embeddable":true,"href":"https:\/\/archivioturi.lavocedelpaese.info\/index.php\/wp-json\/wp\/v2\/users\/1"}],"replies":[{"embeddable":true,"href":"https:\/\/archivioturi.lavocedelpaese.info\/index.php\/wp-json\/wp\/v2\/comments?post=11635"}],"version-history":[{"count":0,"href":"https:\/\/archivioturi.lavocedelpaese.info\/index.php\/wp-json\/wp\/v2\/posts\/11635\/revisions"}],"wp:attachment":[{"href":"https:\/\/archivioturi.lavocedelpaese.info\/index.php\/wp-json\/wp\/v2\/media?parent=11635"}],"wp:term":[{"taxonomy":"category","embeddable":true,"href":"https:\/\/archivioturi.lavocedelpaese.info\/index.php\/wp-json\/wp\/v2\/categories?post=11635"},{"taxonomy":"post_tag","embeddable":true,"href":"https:\/\/archivioturi.lavocedelpaese.info\/index.php\/wp-json\/wp\/v2\/tags?post=11635"}],"curies":[{"name":"wp","href":"https:\/\/api.w.org\/{rel}","templated":true}]}}