{"id":11632,"date":"2014-01-22T08:45:56","date_gmt":"2014-01-22T08:45:56","guid":{"rendered":"https:\/\/archivioturi.lavocedelpaese.info\/index.php\/2014\/01\/22\/cantiere-abusivo-fermati-i-lavori\/"},"modified":"2014-01-22T08:45:56","modified_gmt":"2014-01-22T08:45:56","slug":"cantiere-abusivo-fermati-i-lavori","status":"publish","type":"post","link":"https:\/\/archivioturi.lavocedelpaese.info\/index.php\/2014\/01\/22\/cantiere-abusivo-fermati-i-lavori\/","title":{"rendered":"Cantiere abusivo, fermati i lavori"},"content":{"rendered":"<p><img loading=\"lazy\" decoding=\"async\" src=\"http:\/\/farm4.staticflickr.com\/3809\/12085535705_e989157e1a_q.jpg\" width=\"320\" height=\"210\" alt=\"turi 1\" \/><\/p>\n<p style=\"text-align: justify;\">A seguito di un esposto non anonimo,&nbsp;della conseguente attivit\u00e0 investigativa&nbsp;svolta dalla Polizia Municipale di Turi e su&nbsp;richiesta del Pm Baldo Pisani, il palazzo&nbsp;in costruzione in Via Santa Maria Assunta,&nbsp;di propriet\u00e0 dell\u2019imprenditore turese&nbsp;Pasquale Corcelli, \u00e8 stato posto sotto sequestro&nbsp;giudiziario per il riscontro, ad una&nbsp;prima indagine, di \u201cdifformit\u00e0 sostanziali\u201d&nbsp;tra quanto concesso e quanto realizzato.<br \/>Dal sopralluogo \u00e8 emerso un aumento di&nbsp;superficie non autorizzato, superiore al 9%,&nbsp;prodotto da dei pergolati che non sono stati&nbsp;costruiti in legno, ma in cemento armato;&nbsp;considerando che la soglia limite prevista&nbsp;dalla normativa sull\u2019edilizia della Regione&nbsp;Puglia \u00e8 del 5%, tale difformit\u00e0 deve essere&nbsp;sanzionata penalmente, secondo l\u2019art. 44&nbsp;c. 1 lett. a e b del testo dell\u2019edilizia DPR&nbsp;380\/01. A questo punto si attende l\u2019ordinanza&nbsp;di demolizione da parte dell\u2019ufficio&nbsp;tecnico del Comune, responsabile dell\u2019attivit\u00e0&nbsp;edilizia, che dovr\u00e0 essere emessa entro&nbsp;i 45 giorni dal sequestro; il proprietario del&nbsp;palazzo avr\u00e0 cos\u00ec 90 giorni di tempo per&nbsp;adeguarsi alla legge, realizzando la demolizione&nbsp;dell\u2019opera in questione.<br \/>La Polizia Municipale ha poi accertato&nbsp;delle irregolarit\u00e0 riguardanti gli obblighi&nbsp;dei datori di lavoro. Per quanto riguarda&nbsp;l\u2019edilizia, gli operai devono essere assunti&nbsp;entro le 24 ore del giorno prima in cui&nbsp;iniziano a lavorare, procedura che generalmente&nbsp;fa il commercialista online. Quando<br \/>i vigili sono arrivati sul posto, due di loro&nbsp;non avevano i tesserini di assunzione; li&nbsp;hanno presentati solo in un secondo momento&nbsp;con la stessa data del sopralluogo,&nbsp;quindi non sono stati regolarizzati nei termini&nbsp;previsti dalla legge. A questo i datori&nbsp;di lavoro dovranno rispondere al Dipartimento&nbsp;Provinciale del Lavoro.<\/p>\n","protected":false},"excerpt":{"rendered":"<p><img loading=\"lazy\" decoding=\"async\" src=\"http:\/\/farm4.staticflickr.com\/3809\/12085535705_e989157e1a_q.jpg\" width=\"320\" height=\"210\" alt=\"turi 1\" \/><\/p>\n","protected":false},"author":1,"featured_media":0,"comment_status":"open","ping_status":"closed","sticky":false,"template":"","format":"standard","meta":{"colormag_page_container_layout":"default_layout","colormag_page_sidebar_layout":"default_layout","footnotes":""},"categories":[7],"tags":[],"class_list":["post-11632","post","type-post","status-publish","format-standard","hentry","category-attualita"],"_links":{"self":[{"href":"https:\/\/archivioturi.lavocedelpaese.info\/index.php\/wp-json\/wp\/v2\/posts\/11632","targetHints":{"allow":["GET"]}}],"collection":[{"href":"https:\/\/archivioturi.lavocedelpaese.info\/index.php\/wp-json\/wp\/v2\/posts"}],"about":[{"href":"https:\/\/archivioturi.lavocedelpaese.info\/index.php\/wp-json\/wp\/v2\/types\/post"}],"author":[{"embeddable":true,"href":"https:\/\/archivioturi.lavocedelpaese.info\/index.php\/wp-json\/wp\/v2\/users\/1"}],"replies":[{"embeddable":true,"href":"https:\/\/archivioturi.lavocedelpaese.info\/index.php\/wp-json\/wp\/v2\/comments?post=11632"}],"version-history":[{"count":0,"href":"https:\/\/archivioturi.lavocedelpaese.info\/index.php\/wp-json\/wp\/v2\/posts\/11632\/revisions"}],"wp:attachment":[{"href":"https:\/\/archivioturi.lavocedelpaese.info\/index.php\/wp-json\/wp\/v2\/media?parent=11632"}],"wp:term":[{"taxonomy":"category","embeddable":true,"href":"https:\/\/archivioturi.lavocedelpaese.info\/index.php\/wp-json\/wp\/v2\/categories?post=11632"},{"taxonomy":"post_tag","embeddable":true,"href":"https:\/\/archivioturi.lavocedelpaese.info\/index.php\/wp-json\/wp\/v2\/tags?post=11632"}],"curies":[{"name":"wp","href":"https:\/\/api.w.org\/{rel}","templated":true}]}}