{"id":11599,"date":"2013-12-23T12:06:06","date_gmt":"2013-12-23T12:06:06","guid":{"rendered":"https:\/\/archivioturi.lavocedelpaese.info\/index.php\/2013\/12\/23\/caro-babbo-natale-in-libreria\/"},"modified":"2013-12-23T12:06:06","modified_gmt":"2013-12-23T12:06:06","slug":"caro-babbo-natale-in-libreria","status":"publish","type":"post","link":"https:\/\/archivioturi.lavocedelpaese.info\/index.php\/2013\/12\/23\/caro-babbo-natale-in-libreria\/","title":{"rendered":"Caro Babbo Natale \u2026 in libreria"},"content":{"rendered":"<p><img loading=\"lazy\" decoding=\"async\" src=\"http:\/\/farm3.staticflickr.com\/2853\/11480800936_27cdd72e60_n.jpg\" width=\"320\" height=\"240\" alt=\"DSC00202\" \/><\/p>\n<p style=\"text-align: justify;\"><em><strong>Turi<\/strong> &#8211; Sogni e desideri nelle letterine dei bambini<\/em><\/p>\n<p style=\"text-align: justify;\">&nbsp;<\/p>\n<p style=\"text-align: justify;\">La maggior parte delle volte, quando si cresce, si perdono tutte le sorprese e le attese legate alle occasioni, agli incontri, alle nuove scoperte. Cos\u00ec il Natale si trasforma in mera ansia commerciale. Ci si dimentica perci\u00f2 di quelli che erano i nostri sogni da bambini o di quanto fosse speciale e magico questo periodo dell\u2019anno.<\/p>\n<p style=\"text-align: justify;\">A raccontarlo a tutti noi, i bambini che sabato 14 e domenica 15 dicembre hanno partecipato al laboratorio creativo presso la libreria Eleutera.<\/p>\n<p style=\"text-align: justify;\">Con l\u2019ausilio di Monica Malena, Alina Laruccia, Mimma Laruccia e Laura Camposeo, oltre che dei genitori, hanno realizzato le letterine per Babbo Natale. Disegni di angeli, stelle, bambinelli, nativit\u00e0 o capanne si sono incrociati con le immagini degli alberi addobbati, doni o Babbi. E poi pensieri, frasi, sogni hanno regalato agli adulti tutta la bellezza e la semplicit\u00e0 del mondo dei pi\u00f9 piccoli.<\/p>\n<p style=\"text-align: justify;\">\u201cBisognerebbe guardare il mondo con gli occhi di un bambino\u201d, usare la meraviglia, l\u2019immaginazione, per essere in grado di lasciarsi trasportare da questo momento. Bisognerebbe osservare il mondo con rinnovata curiosit\u00e0, prendendo spunto da loro e dal bambino che si \u00e8 stato cos\u00ec forse si potr\u00e0 ritrovare quella meraviglia e quella magia che ogni bambino ci racconta ed esprime e che spesso noi adulti per superficialit\u00e0 e noncuranza dimentichiamo di guardare e cogliere.<\/p>\n<p style=\"text-align: justify;\">Ad ogni bambino, a fine serata, un dolce pensiero per ricordare le belle ore trascorse in libreria.<\/p>\n<p><object width=\"640\" height=\"480\"><param name=\"flashvars\" value=\"offsite=true&amp;lang=it-it&amp;page_show_url=%2Fphotos%2F91470992%40N02%2Fsets%2F72157638884234813%2Fshow%2F&amp;page_show_back_url=%2Fphotos%2F91470992%40N02%2Fsets%2F72157638884234813%2F&amp;set_id=72157638884234813&amp;jump_to=\" \/><param name=\"movie\" value=\"http:\/\/www.flickr.com\/apps\/slideshow\/show.swf?v=138195\" \/><param name=\"allowFullScreen\" value=\"true\" \/><embed type=\"application\/x-shockwave-flash\" src=\"http:\/\/www.flickr.com\/apps\/slideshow\/show.swf?v=138195\" allowfullscreen=\"true\" flashvars=\"offsite=true&amp;lang=it-it&amp;page_show_url=%2Fphotos%2F91470992%40N02%2Fsets%2F72157638884234813%2Fshow%2F&amp;page_show_back_url=%2Fphotos%2F91470992%40N02%2Fsets%2F72157638884234813%2F&amp;set_id=72157638884234813&amp;jump_to=\" width=\"640\" height=\"480\" \/><\/object><\/p>\n","protected":false},"excerpt":{"rendered":"<p><img loading=\"lazy\" decoding=\"async\" src=\"http:\/\/farm3.staticflickr.com\/2853\/11480800936_27cdd72e60_n.jpg\" width=\"320\" height=\"240\" alt=\"DSC00202\" \/><\/p>\n","protected":false},"author":1,"featured_media":0,"comment_status":"open","ping_status":"closed","sticky":false,"template":"","format":"standard","meta":{"colormag_page_container_layout":"default_layout","colormag_page_sidebar_layout":"default_layout","footnotes":""},"categories":[6],"tags":[],"class_list":["post-11599","post","type-post","status-publish","format-standard","hentry","category-cultura"],"_links":{"self":[{"href":"https:\/\/archivioturi.lavocedelpaese.info\/index.php\/wp-json\/wp\/v2\/posts\/11599","targetHints":{"allow":["GET"]}}],"collection":[{"href":"https:\/\/archivioturi.lavocedelpaese.info\/index.php\/wp-json\/wp\/v2\/posts"}],"about":[{"href":"https:\/\/archivioturi.lavocedelpaese.info\/index.php\/wp-json\/wp\/v2\/types\/post"}],"author":[{"embeddable":true,"href":"https:\/\/archivioturi.lavocedelpaese.info\/index.php\/wp-json\/wp\/v2\/users\/1"}],"replies":[{"embeddable":true,"href":"https:\/\/archivioturi.lavocedelpaese.info\/index.php\/wp-json\/wp\/v2\/comments?post=11599"}],"version-history":[{"count":0,"href":"https:\/\/archivioturi.lavocedelpaese.info\/index.php\/wp-json\/wp\/v2\/posts\/11599\/revisions"}],"wp:attachment":[{"href":"https:\/\/archivioturi.lavocedelpaese.info\/index.php\/wp-json\/wp\/v2\/media?parent=11599"}],"wp:term":[{"taxonomy":"category","embeddable":true,"href":"https:\/\/archivioturi.lavocedelpaese.info\/index.php\/wp-json\/wp\/v2\/categories?post=11599"},{"taxonomy":"post_tag","embeddable":true,"href":"https:\/\/archivioturi.lavocedelpaese.info\/index.php\/wp-json\/wp\/v2\/tags?post=11599"}],"curies":[{"name":"wp","href":"https:\/\/api.w.org\/{rel}","templated":true}]}}