{"id":11573,"date":"2013-12-02T12:54:31","date_gmt":"2013-12-02T12:54:31","guid":{"rendered":"https:\/\/archivioturi.lavocedelpaese.info\/index.php\/2013\/12\/02\/il-trionfo-di-menucce-sacchese-forse\/"},"modified":"2013-12-02T12:54:31","modified_gmt":"2013-12-02T12:54:31","slug":"il-trionfo-di-menucce-sacchese-forse","status":"publish","type":"post","link":"https:\/\/archivioturi.lavocedelpaese.info\/index.php\/2013\/12\/02\/il-trionfo-di-menucce-sacchese-forse\/","title":{"rendered":"Il trionfo di \u201cM\u00e8n\u00f9cce s&#8217;acch\u00e8se .. f\u00f2rse\u201d"},"content":{"rendered":"<p><img loading=\"lazy\" decoding=\"async\" src=\"http:\/\/farm8.staticflickr.com\/7380\/11168567385_ca533b42b5_n.jpg\" width=\"320\" height=\"215\" alt=\"spettacolo\" \/><\/p>\n<p class=\"Standard\" style=\"text-align: justify;\">Domenica 24 novembre, a partire dalle ore 18.00, presso l\u2019auditorium dell\u2019ITES \u201cS.PERTINI\u201d di Turi, \u00e8 stata inaugurata la prima rassegna del teatro amatoriale \u201cUna domenica tutta da ridere\u201d.<\/p>\n<p class=\"Standard\" style=\"text-align: justify;\">La rassegna, organizzata dal Prof. Osvaldo Buonaccino d\u2019Addiego, che si concluder\u00e0 il 21 dicembre con la commedia \u201cLa lettera di mamm\u00e0 \u201c presentata dal gruppo teatrale dell\u2019Universit\u00e0 della Terza Et\u00e0 di Turi insieme al gruppo teatrale de I Plautini , si prefigge l&#8217;obiettivo di&nbsp; promuovere l\u2019arte di fare teatro, offrendo a giovani (e meno giovani)&nbsp; un importante occasione di crescita e confronto in quanto permette di acquisire le tradizioni&nbsp; e la lingua dei nostri padri regalando momenti di genuina comicit\u00e0. Ad inaugurare questa kermesse teatrale \u00e8 stata l\u2019associazione culturale \u201cI discjadisce\u201d che ha riproposto il suo ultimo successo \u201cMenucce s\u2019acchese\u2026.forse\u201dscritto e diretto da Pasquale del Re . La commedia, la cui messa in scena \u00e8 stata preceduta dalla lettura della poesia \u201cCe b\u00e8lla men\u00f2nne\u201d, \u00e8 risultata una rappresentazione grottesca e divertente di uno spaccato di vita popolare degli anni &#8217;70 in cui la celebrazione di un matrimonio riparatore tra due giovani di diversa estrazione sociale ha posto in essere le vicissitudini che le famiglie meno abbienti dell&#8217;epoca si trovavano ad affrontare al fine di porre fine al misfatto. Tra risate, colpi di scena e immancabili pettegolezzi (\u201ci discia disce\u201d) lo spettacolo \u00e8 riuscito ad entusiasmare il gremito auditorium soddisfatto non solo dalla trama ma anche dalla qualit\u00e0 della rappresentazione dovuta alla&nbsp; bravura di interpreti dilettanti non professionisti. Gli interpreti: Tina Cervellera, Immacolata tutta pelliccia e senza peli, Anna Cipriani, Nonna Jangel\u00ecne, Fanio Coppi, Dott. Guarnieri, Giampiero Coppi, Martino, Mariangela Di Lauro, Comare Mari\u00e8tte, Francesca Gentile, Comare Andon\u00e8tte, Irene Mastronardi, Jann\u00ecne, Lilli Susca, la zia V\u00ecatrice, Roberta Zita, Menuccia, Pasquale Del Re, Pepp\u00ecne. Ancora una volta Pasquale del Re, dopo il precedente successo \u201cU fermagge p\u00f9nde\u201d, \u00e8 riuscito a cucire una trama ricca di trovate umoristiche che ha&nbsp; magistralmente rivisitato i modus operandi tipici della nostra storia locale.&nbsp;<\/p>\n<p class=\"Standard\">&nbsp;<\/p>\n","protected":false},"excerpt":{"rendered":"<p><img loading=\"lazy\" decoding=\"async\" src=\"http:\/\/farm8.staticflickr.com\/7380\/11168567385_ca533b42b5_n.jpg\" width=\"320\" height=\"215\" alt=\"spettacolo\" \/><\/p>\n","protected":false},"author":1,"featured_media":0,"comment_status":"open","ping_status":"closed","sticky":false,"template":"","format":"standard","meta":{"colormag_page_container_layout":"default_layout","colormag_page_sidebar_layout":"default_layout","footnotes":""},"categories":[6],"tags":[],"class_list":["post-11573","post","type-post","status-publish","format-standard","hentry","category-cultura"],"_links":{"self":[{"href":"https:\/\/archivioturi.lavocedelpaese.info\/index.php\/wp-json\/wp\/v2\/posts\/11573","targetHints":{"allow":["GET"]}}],"collection":[{"href":"https:\/\/archivioturi.lavocedelpaese.info\/index.php\/wp-json\/wp\/v2\/posts"}],"about":[{"href":"https:\/\/archivioturi.lavocedelpaese.info\/index.php\/wp-json\/wp\/v2\/types\/post"}],"author":[{"embeddable":true,"href":"https:\/\/archivioturi.lavocedelpaese.info\/index.php\/wp-json\/wp\/v2\/users\/1"}],"replies":[{"embeddable":true,"href":"https:\/\/archivioturi.lavocedelpaese.info\/index.php\/wp-json\/wp\/v2\/comments?post=11573"}],"version-history":[{"count":0,"href":"https:\/\/archivioturi.lavocedelpaese.info\/index.php\/wp-json\/wp\/v2\/posts\/11573\/revisions"}],"wp:attachment":[{"href":"https:\/\/archivioturi.lavocedelpaese.info\/index.php\/wp-json\/wp\/v2\/media?parent=11573"}],"wp:term":[{"taxonomy":"category","embeddable":true,"href":"https:\/\/archivioturi.lavocedelpaese.info\/index.php\/wp-json\/wp\/v2\/categories?post=11573"},{"taxonomy":"post_tag","embeddable":true,"href":"https:\/\/archivioturi.lavocedelpaese.info\/index.php\/wp-json\/wp\/v2\/tags?post=11573"}],"curies":[{"name":"wp","href":"https:\/\/api.w.org\/{rel}","templated":true}]}}