{"id":11556,"date":"2013-11-18T14:25:36","date_gmt":"2013-11-18T14:25:36","guid":{"rendered":"https:\/\/archivioturi.lavocedelpaese.info\/index.php\/2013\/11\/18\/buona-festa-del-ringraziamento\/"},"modified":"2013-11-18T14:25:36","modified_gmt":"2013-11-18T14:25:36","slug":"buona-festa-del-ringraziamento","status":"publish","type":"post","link":"https:\/\/archivioturi.lavocedelpaese.info\/index.php\/2013\/11\/18\/buona-festa-del-ringraziamento\/","title":{"rendered":"Buona Festa del Ringraziamento"},"content":{"rendered":"<p><img loading=\"lazy\" decoding=\"async\" src=\"http:\/\/farm3.staticflickr.com\/2818\/10921855516_43a82df45c_n.jpg\" alt=\"ringraziamento\" width=\"320\" height=\"240\" \/><\/p>\n<p style=\"text-align: justify;\">Si \u00e8 svolta domenica 10 novembre, presso la Chiesa Maria SS. Ausiliatrice, la 63esima Giornata del Ringraziamento della Coldiretti di Turi.<\/p>\n<p style=\"text-align: justify;\">Doni in natura, dall\u2019uva al vino, dai frutti ai prodotti di lavorazione sono stati offerti all\u2019altare dai tanti coltivatori della nostra cittadina. A infondere continuo coraggio e fede per proseguire in questo duro lavoro, le parole di Don Giovanni Amodio che insieme agli agricoltori di Turi ha ringraziato il Signore per i risultati dell\u2019attivit\u00e0 agricola dell\u2019anno che sta per chiudersi e la speranza di una buona produzione per la prossima stagione per la quale si comincia gi\u00e0 a lavorare.<\/p>\n<p><img loading=\"lazy\" decoding=\"async\" src=\"http:\/\/farm4.staticflickr.com\/3794\/10921797915_0b1e3cd765_m.jpg\" alt=\"ringraziamento\" width=\"240\" height=\"180\" style=\"margin-top: 10px; margin-bottom: 10px; margin-left: 10px; float: right;\" \/><\/p>\n<p style=\"text-align: justify;\">Parole di fiducia e di amore nei confronti di un\u2019intensa attivit\u00e0 che quotidianamente gli agricoltori sono impegnati a svolgere e che rappresenta il caposaldo dell\u2019intera societ\u00e0 mondiale, senza del quale, molte popolazioni non potrebbero sopravvivere. Nessun volto della politica turese ha presenziato alla cerimonia religiosa che si \u00e8 conclusa con l\u2019augurio di poter continuare a svolgere questo lavoro con un maggiore aiuto ed una salvaguardia da parte di chi dovrebbe proteggere e valorizzare il lavoro legato alla terra.<\/p>\n<p style=\"text-align: justify;\">L&#8217;associazione dei coltivatori festeggia cos\u00ec in forma nazionale la ricorrenza, nella convinzione che c&#8217;\u00e8 bisogno di pi\u00f9 agricoltura e di un ritorno ad essa soprattutto da parte dei giovani e sono stati in molti a partecipare nella serata di domenica alla messa della Coldiretti, quasi a voler sottolineare che c\u2019\u00e8 chi continua a crederci, a rimboccarsi le maniche e a non abbandonare la terra dinanzi alle difficolt\u00e0 che quest\u2019attivit\u00e0 presenta.<\/p>\n<p style=\"text-align: justify;\">Gli imprenditori agricoli che quotidianamente, grazie al proprio lavoro, garantiscono al settore primario la vitalit\u00e0 e i prodotti a tutti i cittadini-consumatori, sentono fortemente l\u2019importanza di questa ricorrenza di unione e di riconoscenza. Un caloroso ringraziamento \u00e8 andato a tutti gli imprenditori che da sempre seguono le regole ed esercitano quotidianamente con passione il proprio lavoro nonostante il loro settore sia in forte crisi.<\/p>\n","protected":false},"excerpt":{"rendered":"<p><img loading=\"lazy\" decoding=\"async\" src=\"http:\/\/farm3.staticflickr.com\/2818\/10921855516_43a82df45c_n.jpg\" alt=\"ringraziamento\" width=\"320\" height=\"240\" \/><\/p>\n","protected":false},"author":1,"featured_media":0,"comment_status":"open","ping_status":"closed","sticky":false,"template":"","format":"standard","meta":{"colormag_page_container_layout":"default_layout","colormag_page_sidebar_layout":"default_layout","footnotes":""},"categories":[6],"tags":[],"class_list":["post-11556","post","type-post","status-publish","format-standard","hentry","category-cultura"],"_links":{"self":[{"href":"https:\/\/archivioturi.lavocedelpaese.info\/index.php\/wp-json\/wp\/v2\/posts\/11556","targetHints":{"allow":["GET"]}}],"collection":[{"href":"https:\/\/archivioturi.lavocedelpaese.info\/index.php\/wp-json\/wp\/v2\/posts"}],"about":[{"href":"https:\/\/archivioturi.lavocedelpaese.info\/index.php\/wp-json\/wp\/v2\/types\/post"}],"author":[{"embeddable":true,"href":"https:\/\/archivioturi.lavocedelpaese.info\/index.php\/wp-json\/wp\/v2\/users\/1"}],"replies":[{"embeddable":true,"href":"https:\/\/archivioturi.lavocedelpaese.info\/index.php\/wp-json\/wp\/v2\/comments?post=11556"}],"version-history":[{"count":0,"href":"https:\/\/archivioturi.lavocedelpaese.info\/index.php\/wp-json\/wp\/v2\/posts\/11556\/revisions"}],"wp:attachment":[{"href":"https:\/\/archivioturi.lavocedelpaese.info\/index.php\/wp-json\/wp\/v2\/media?parent=11556"}],"wp:term":[{"taxonomy":"category","embeddable":true,"href":"https:\/\/archivioturi.lavocedelpaese.info\/index.php\/wp-json\/wp\/v2\/categories?post=11556"},{"taxonomy":"post_tag","embeddable":true,"href":"https:\/\/archivioturi.lavocedelpaese.info\/index.php\/wp-json\/wp\/v2\/tags?post=11556"}],"curies":[{"name":"wp","href":"https:\/\/api.w.org\/{rel}","templated":true}]}}