{"id":11543,"date":"2013-11-12T06:34:55","date_gmt":"2013-11-12T06:34:55","guid":{"rendered":"https:\/\/archivioturi.lavocedelpaese.info\/index.php\/2013\/11\/12\/risplendente-mettiamo-il-pd-al-centro-della-politica-turese\/"},"modified":"2013-11-12T06:34:55","modified_gmt":"2013-11-12T06:34:55","slug":"risplendente-mettiamo-il-pd-al-centro-della-politica-turese","status":"publish","type":"post","link":"https:\/\/archivioturi.lavocedelpaese.info\/index.php\/2013\/11\/12\/risplendente-mettiamo-il-pd-al-centro-della-politica-turese\/","title":{"rendered":"Risplendente: \u201cMettiamo il Pd al centro della Politica turese\u201d"},"content":{"rendered":"<p><img loading=\"lazy\" decoding=\"async\" src=\"http:\/\/farm9.staticflickr.com\/8071\/8432995047_6e2ae7a097_m.jpg\" width=\"180\" height=\"240\" alt=\"Pietro Risplendente\" \/><\/p>\n<p style=\"text-align: center;\"><strong>Vi riproponiamo la lunga e&nbsp;appassionata relazione del segretario&nbsp;uscente del Pd, Pietro&nbsp;Risplendente.<\/strong><\/p>\n<p style=\"text-align: justify;\"><strong><\/strong><br \/>\u201cBuon giorno a tutti, secondo congresso del Partito&nbsp;Democratico di Turi dopo quello&nbsp;del 2010. Era quello un congresso&nbsp;che poneva fine ad una&nbsp;stagione cominciata male e che&nbsp;finiva, poco prima dei quel congresso,&nbsp;molto peggio. Un periodo&nbsp;caratterizzato da una guerra&nbsp;di bande! Le appartenenze venivano&nbsp;prima di ogni altro interesse!<br \/>E voglio qui ricordare, per&nbsp;farne ancor pi\u00f9 tesoro, i fatti che&nbsp;precedettero quel giorno. Aprivo&nbsp;quel congresso da Commissario&nbsp;del circolo di Turi e gi\u00e0 il&nbsp;fatto che un circolo sia guidato&nbsp;da un commissario \u00e8, di per s\u00e9,&nbsp;un vulnus della capacit\u00e0 democratica,&nbsp;della capacit\u00e0 di dialogo&nbsp;in un partito. Torner\u00f2 su questo&nbsp;aspetto della vita democratica di&nbsp;un circolo. Voglio qui ricordare&nbsp;quel periodo perch\u00e9 intendo ribadire&nbsp;la mia, la nostra solidariet\u00e0&nbsp;democratica a chi aveva&nbsp;guidato il nostro circolo fino a&nbsp;quel momento, a Pietro, \u2026Pietro&nbsp;Salice che fu doppiamente,&nbsp;umanamente e istituzionalmente&nbsp;offeso, ferito dal comportamento&nbsp;indegno di alcuni componenti&nbsp;del circolo nella fase iniziale&nbsp;della campagna elettorale per la&nbsp;elezione del Consiglio Regionale.&nbsp;E si che Pietro era stato in&nbsp;un certo qual modo costretto ad&nbsp;accettare quella nomina che lui&nbsp;non aveva chiesto. Vero \u00e8 che&nbsp;ogni cittadino \u00e8 libero di ospitare&nbsp;in casa propria un candidato,&nbsp;vero \u00e8 che un candidato \u00e8 libero&nbsp;di fare riunioni elettorali in casa&nbsp;di privati cittadini, ma \u00e8 vero&nbsp;anche che se tutti ci muoviamo&nbsp;nella logica di un partito in cui&nbsp;ogni discussione si svolge nella&nbsp;sede istituzionale, senza riunioni&nbsp;corsare,senza patti stipulati fuori&nbsp;del partito,\u2026 quella famosa&nbsp;riunione si sarebbe dovuta svolgere&nbsp;nella sede del partito \u2026.e&nbsp;comunque il segretario avrebbe&nbsp;dovuto essere avvisato. Cos\u00ec&nbsp;non \u00e8 stato. Un po\u2019 come \u00e8 successo&nbsp;per quel famoso comizio&nbsp;del duo Pentassuglia\/Boccardi.&nbsp;<\/p>\n<p style=\"text-align: justify;\">Pi\u00f9 che di un comizio dovremmo&nbsp;parlare di farsa grottesca per&nbsp;quello che dissero e per quello&nbsp;che non \u00e8 stato fatto per la SS&nbsp;172. Abbiamo saputo di quel&nbsp;comizio perch\u00e9 una mano anonima&nbsp;ha affisso sulla nostra porta&nbsp;una fotocopia dell\u2019avviso. E&nbsp;quando abbiamo protestato con&nbsp;i referenti provinciali e regionali&nbsp;non abbiamo avuto nessuna risposta.&nbsp;Due esempi per ricordare che&nbsp;questo modo di fare, di intendere&nbsp;la politica di partito non \u00e8 la&nbsp;nostra,non dovrebbe essere la&nbsp;nostra quando ciascuno di noi&nbsp;decide liberamente di aderire&nbsp;ad un partito , lo fa accettando&nbsp;l\u2019idea che ogni punto di vista,&nbsp;ogni contrapposizione di pensiero,&nbsp;visione della realt\u00e0, programmazione&nbsp;dell\u2019attivit\u00e0 del&nbsp;partito deve essere discusso,&nbsp;approfondito, condiviso all\u2019interno&nbsp;del circolo,in maniera&nbsp;collegiale\u2026e quindi dovrebbe&nbsp;adeguare il proprio comportamento&nbsp;a questa concezione&#8230;<br \/>Concezione che abbiamo sempre&nbsp;tenacemente difeso\u2026..ma&nbsp;che \u00e8 stato negato in quegli&nbsp;esempi che ho fatto prima. Tutto&nbsp;ci\u00f2 non dovr\u00e0 pi\u00f9 avvenire,&nbsp;il leaderismo vecchio o nuovo&nbsp;che sia, tanto caro a molti non&nbsp;ci appartiene e lo abbiamo sempre&nbsp;contrastato, l\u2019ho contrastato &nbsp;e continuer\u00f2 a farlo. Il partito, lo&nbsp;ribadisco, non appartiene ad una&nbsp;persona, ad un gruppo,il partito&nbsp;\u00e8 patrimonio di tutti. Lo abbiamo&nbsp;fatto anche quando il partito&nbsp;\u00e8 stato penalizzato nelle vicende&nbsp;regionali e provinciali, lo abbiamo&nbsp;fatto ad onta di chi ha detto&nbsp;pubblicamente : \u201c \u2026del PD&nbsp;non rimarr\u00e0 traccia\u201d perch\u00e9 non&nbsp;ci siamo piegati a quella logica&nbsp;che, spero, abbiamo definitivamente&nbsp;abbandonato<br \/>Se siamo qui ( per i cultori&nbsp;della statistica voglio ricordare&nbsp;che oggi il numero degli iscritti&nbsp;\u00e8 cresciuto del 50 %)\u2026 se siamo&nbsp;qui vuol dire che siamo nel giusto\u2026siamo qui e ci rimarremo!<br \/>E tanto per completare mil discorso di chi ha scelto di&nbsp;rimanere nel partito e di chi ha&nbsp;fatto scelte di segno diverso giova&nbsp;ricordare che quel risultato&nbsp;delle provinciali ha risentito pesantemente&nbsp;delle scelte di molti&nbsp;personaggi che si muovevano&nbsp;nella direzione del leaderismo o&nbsp;del proprio tornaconto ( le foto&nbsp;sono l\u00ec a documentare in maniera&nbsp;inoppugnabile la gioia di&nbsp;certi elettori), compresi ex PD&nbsp;che probabilmente cercavano&nbsp;e cercano ancora altri sbocchi,&nbsp;altre gratificazioni sbagliando&nbsp;ma che contribuirono a quella&nbsp;sconfitta. La politica \u00e8 si anche&nbsp;scontri personali, ma \u00e8 soprattutto&nbsp;passione, passione e sentimento&nbsp;civico \u2026e rispetto delle&nbsp;persone e delle loro idee. Chi&nbsp;ha una concezione utilitaristica&nbsp;delle politica non ha diritto di&nbsp;asilo nel Partito Democratico. E<br \/>veniamo a fatti temporalmente a&nbsp;noi pi\u00f9 vicini.<br \/>E\u2019 stato, quello delle primarie&nbsp;un capitolo tormentato della&nbsp;storia del circolo. Tormentato&nbsp;per come ci siamo arrivati\u2026 ma&nbsp;per quanto mi riguarda, affrontato&nbsp;con la certezza di una scelta&nbsp;coerente. Giova ricordare che&nbsp;il candidato sindaco per le primarie&nbsp;fu una scelta del circolo&nbsp;che schier\u00f2 il segretario come&nbsp;da norma statutaria che spero&nbsp;cambi. Forse avremmo dovuto&nbsp;allargare l\u2019orizzonte della scelta,&nbsp;in parte l\u2019abbiamo anche fatto&nbsp;proponendo ad altri esterni al&nbsp;PD una candidatura\u2026.ma\u2026.conoscete&nbsp;i fatti<br \/>A quelle primarie avrei voluto&nbsp;arrivarci in maniera diversa,&nbsp;avrei voluto svolger quella festa&nbsp;della democrazia con un numero&nbsp;maggiore di partecipanti,\u2026&nbsp;con una platea pi\u00f9 ampia, ma ci&nbsp;siamo dovuti arrendere ai no di&nbsp;alcuni che erano ammaliati dalle&nbsp;sirene del centrodestra \u2013i nomi&nbsp;li conoscete tutti- e soprattutto&nbsp;alla chiusura cieca del movimento&nbsp;Impegno per Turi che ha&nbsp;rifiutato categoricamente ogni&nbsp;ipotesi di scelta democratica del&nbsp;candidato sindaco. Ci si scontrava,&nbsp;in quel frangente, con due&nbsp;metodi di scelta. Vi ricordate il&nbsp;mio slogan? \u2026UN SINDACO&nbsp;SI SCEGLIE. Noi volevamo&nbsp;sceglierlo, loro ci volevano non&nbsp;solo imporre il loro, ma hanno&nbsp;pure tentato di blandire qualcuno&nbsp;di noi per indebolire ancora&nbsp;di pi\u00f9 la nostra formazione politica,\u2026&nbsp;ritengo ancora, nonostante&nbsp;tutto, nonostante alcune&nbsp;loro scelte che hanno smascherato&nbsp;la vera appartenenza politica&nbsp;di qualcuno di loro,\u2026\u2026.di&nbsp;qualcuno non di tutti,\u2026. che dovremmo&nbsp;dialogare con quel movimento&nbsp;che, comunque gestito,&nbsp;esprime un disagio della gente&nbsp;nei confronti della politica.<br \/>Com\u2019\u00e8 andata lo sappiamo&nbsp;tutti. Abbiamo perso tempo con&nbsp;chi non voleva sentire parlare&nbsp;di scelte democratiche e siamo&nbsp;arrivati tardi all\u2019appuntamento&nbsp;con le primarie fatte con SEL&nbsp;che invece si preparava per tempo.<br \/>Il partito di Vendola \u00e8 riuscito&nbsp;a mettere in campo un gruppo&nbsp;pi\u00f9 determinato, pi\u00f9 organizzato&nbsp;di noi e ha vinto potendo quindi&nbsp;esprimere il candidato sindaco.<br \/>&nbsp;Dovevamo essere massa critica,&nbsp;gi\u00e0 dovevamo\u2026.avremmo dovuto\u2026&nbsp;non lo abbiamo fatto\u2026.&nbsp;Vi ricordo che dopo la sconfitta&nbsp;subita alle primarie ho messo&nbsp;il mio mandato a disposizione del partito,\u2026dissi che non aveva perso solo Piero Risplendente, \u2026aveva perso ilsegretario del PD e quindi tutto il partito\u2026ma i presenti all\u2019assemblea degli iscrittirigett\u00f2 quelle dimissioni. Rimasi al mio posto,io e qualche altro vecchio volenteroso,come quei soldati giapponesi nascosti nella giungla che continuarono a combattere una guerra gi\u00e0 persa da tempo, gi\u00e0 finita per molti, mai nemmeno cominciata per altri che tornano. Il candidato di Sel aveva vinto le primarie. E con il candidato sindaco &nbsp;di Sel abbiamo perso le amministrative. Le abbiamo perse, insieme a Sel perch\u00e9 mentre il PDL si ricompattava tranne quella fazione del Pdl mascherata da impegno civico,\u2026 il movimento Impegno per Turi non apparentandosi con noi\u2026 ( e d\u2019altronde non poteva essere altrimenti considerando l\u2019ingresso ultimo dei rappresentanti dei seguaci di Quagliariello) \u2026determinava la frammentazione dello schieramento opposto al Pdl ufficiale. Non siamo riusciti ad eleggere un nostro rappresentante in consiglio comunale,\u2026 \u00e8 sotto gli occhi di tutti, ma se contate&nbsp;i voti che ciascuno dei candidati del PD ha raccolto, vi rendete conto della forza che avremmo potuto esprimere se solo fossimo riusciti \u2026torno ad usare lo stesso concetto di prima\u2026 fossimo riusciti a fare \u201cmassa critica\u201d. Le assenze\u2026 in campagna elettorale\u2026 a qualunque titolo verificatesi\u2026 pesano non solo in termini di voti che non si cercano e non si ottengono\u2026pesano anche in termini di sostegno umano a chi si mette in gioco in prima persona, potrei farne l\u2019elenco ma me lo risparmio. Avevo capito che si perdeva, lo avevo capito dalle presenze attorno a me, \u2026dalle assenze intorno a me.<\/p>\n<p style=\"text-align: justify;\">Spero solo che abbiamo imparato\u2026tutti&nbsp;\u2026Apro qui una finestra sui rapporti con&nbsp;SEL, dopo i primi tentativi di coordinamento,&nbsp;dopo le prime comunicazioni, siamo&nbsp;ora ad una situazione direi di \u2026tiriamo&nbsp;a campare\u2026il segretario del PD,partito in&nbsp;coalizione con Sel, non pu\u00f2 essere tenuto&nbsp;all\u2019oscuro dell\u2019attivit\u00e0 amministrativa, il segretario&nbsp;del PD non deve essere informato il&nbsp;giorno prima della posizione dei rappresentanti&nbsp;di Sel in consiglio comunale, il segretario&nbsp;del PD ha saputo dal Sindaco e dalla&nbsp;stampa che i rappresentanti della lista Turi&nbsp;Futura si erano dimessi\u2026vivaddio sono in&nbsp;consiglio anche in forza dei nostri voti!&nbsp;Andate a rileggere i voti personali di tutti&nbsp;i candidati della lista Turi Futura e vi renderete&nbsp;conto di quello che sto dicendo Sar\u00e0&nbsp;anche antipatico, ma\u2026 Da quella sconfitta&nbsp;ritengo si debba trarre una lezione di vita,..&nbsp;nemmeno di politica\u2026 ma di vita Ritengo&nbsp;che noi dobbiamo ritornare a pensare al nostro&nbsp;partito come ad una componente fondamentale&nbsp;della democrazia turese, e come tali&nbsp;si deve cominciare ad operare da oggi.&nbsp;Dobbiamo mettere il Partito Democratico&nbsp;al centro della politica turese. Infine le&nbsp;ultime elezioni politiche e la posizione del&nbsp;segretario dopo il varo del governo Letta.&nbsp;In un quadro di \u201cmeravigliosa sconfitta\u201d&nbsp;sul piano nazionale,qui a Turi abbiamo avuto&nbsp;il suffragio di circa 1000 elettori.&nbsp;Se considerate che venivamo da una doppia&nbsp;sconfitta\u2026. io considero quel dato come&nbsp;una attestazione di vitalit\u00e0 del nostro partito&nbsp;qui a Turi. Certo, c\u2019\u00e8 stato chi ha ironicamente&nbsp;ricordato sulla stampa che abbiamo&nbsp;inanellato una serie di sconfitte\u2026o meglio\u2026&nbsp;non abbiamo mai vinto,\u2026ma ognuno&nbsp;\u00e8 libero di pensare quello che vuole. Io rimango&nbsp;convinto che\u2026 a fronte delle nostre&nbsp;non vittorie \u2026ci troviamo con un\u2019amministrazione&nbsp;comunale e un consiglio comunale\u2026.&nbsp;che \u00e8 sotto gli occhi di tutti. Che non&nbsp;c\u2019\u00e8 pi\u00f9 Non \u00e8 solo il PD che \u00e8 mal-messo,&nbsp;come ha chiosato certa stampa, \u00e8 l\u2019intera&nbsp;nostra comunit\u00e0 che ora \u00e8 mal-messa, solo&nbsp;ieri mattina il Sindaco mi ha comunicato&nbsp;personalmente di aver rimesso il mandato&nbsp;che solo pochi mesi fa la comunit\u00e0 turese&nbsp;gli aveva affidato. La nuova segreteria dovr\u00e0,&nbsp;da subito, affrontare questo problema&nbsp;politico. Torniamo alla politica nazionale&nbsp;e al voto politico di quei 1000, personalmente<br \/>aspetto ancora di conoscere i nomi&nbsp;di quei 101 che hanno colpito a freddo&nbsp;Romano Prodi,\u2026.personalmente ancora&nbsp;sono critico sulla scelta del governo Letta.&nbsp;Sono tra quelli che chiedono di conoscere il&nbsp;nome di quei 101 cos\u00ec come hanno chiesto e&nbsp;chiedono Laura Puppato e il candidato alla&nbsp;segreteria nazionale Pippo Civati che io sostengo&nbsp;e del quale condivido il non voto al&nbsp;governo Letta. Ricorderete tutti la mia lettera&nbsp;che, per la verit\u00e0, era stata inviata a tutti&nbsp;gli iscritti ma che \u00e8 finita sulla stampa. Poco&nbsp;male, non rinnego una sola parola di quanto&nbsp;scritto&#8230; Certo, comprendo che si \u00e8 trattato&nbsp;di una scelta obbligata dai fatti, ma assistere&nbsp;quotidianamente ai tentativi di affossarlo&nbsp;da parte di chi, ancora una volta, l\u2019ennesima&nbsp;volta tenta di asservire l\u2019Italia ai bisogni di&nbsp;un solo uomo\u2026.non lo si pu\u00f2 sopportare.<br \/>Non so voi, ma ascoltare Brunetta mi fa&nbsp;quasi rimpiangere l\u2019approvazione delle legge&nbsp;Basaglia. Eppure sono qui, eppure siamo&nbsp;tutti qui. Anche quando polemicamente non&nbsp;condividendo le scelte nazionali del partito&nbsp;mi sono dimesso, ho accettato di mantenere la segreteria sino a questo momento. Ricordate&nbsp;l\u2019esempio del soldato giapponese?&nbsp;Per spirito di servizio, per evitare al circolo&nbsp;l\u2019onta di un secondo commissariamento.&nbsp;Questo \u00e8 essere partito! Ma ora siamo giunti&nbsp;al congresso. E\u2019 con questo spirito che consegno il mandato a questa assemblea congressuale&nbsp;che, nonostante l\u2019ironia di qualcuno&nbsp;(ripeto), \u00e8 ampliata rispetto al 2011 ( 16&nbsp;iscritti) e al 2012 (21 iscritti) e che oggi conta&nbsp;circa 28 iscritti. E sono tutti iscritti convintamente&nbsp;aderenti al programma del PD,&nbsp;\u2026la nostra campagna di tesseramento ha&nbsp;sempre puntato sull\u2019adesione delle persona&nbsp;mai sul solo numero delle tessere, noi non&nbsp;distribuiremo mai coupon e\/o buoni benzina.&nbsp;Alla nuova dirigenza del partito che mi&nbsp;auguro veramente unitaria auguro buon lavoro&nbsp;con una sola raccomandazione,\u2026dopo&nbsp;tutto il lavoro oscuro, certosino, solitario, il&nbsp;Partito Democratico ha oggi tutti i numeri&nbsp;per tornare a essere veramente il centro&nbsp;del dibattito\u2026lo ricordavo prima\u2026tocca a&nbsp;voi realizzare tutto ci\u00f2, evitate gli errori del&nbsp;passato, le guerre di bande portano solo alla&nbsp;distruzione del partito. E\u2019 finito il tempo per&nbsp;me di ascoltare frasi tipo\u2026.bisognerebbe&nbsp;fare \u2026. Turi ha bisogno di un partito forte\u2026.&nbsp;e poi vedere gli interlocutori fermarsi&nbsp;prima della proposta o addirittura andarsene&nbsp;prima della fine delle riunioni lasciando al&nbsp;sottoscritto il peso di fare\u2026da solo. Il nuovo&nbsp;che avanza, se \u00e8 veramente nuovo e non &nbsp;nuovismo che maschera una semplicistica&nbsp;presa di potere, deve dare da subito prova&nbsp;di s\u00e8. Non avete alcun alibi! Buon lavoro a&nbsp;tutti voi\u201d.<\/p>\n<p style=\"text-align: right;\"><strong>Pietro Risplendente<\/strong><\/p>\n","protected":false},"excerpt":{"rendered":"<p><img loading=\"lazy\" decoding=\"async\" src=\"http:\/\/farm9.staticflickr.com\/8071\/8432995047_6e2ae7a097_m.jpg\" width=\"180\" height=\"240\" alt=\"Pietro Risplendente\" \/><\/p>\n","protected":false},"author":1,"featured_media":0,"comment_status":"open","ping_status":"closed","sticky":false,"template":"","format":"standard","meta":{"colormag_page_container_layout":"default_layout","colormag_page_sidebar_layout":"default_layout","footnotes":""},"categories":[4],"tags":[],"class_list":["post-11543","post","type-post","status-publish","format-standard","hentry","category-politica"],"_links":{"self":[{"href":"https:\/\/archivioturi.lavocedelpaese.info\/index.php\/wp-json\/wp\/v2\/posts\/11543","targetHints":{"allow":["GET"]}}],"collection":[{"href":"https:\/\/archivioturi.lavocedelpaese.info\/index.php\/wp-json\/wp\/v2\/posts"}],"about":[{"href":"https:\/\/archivioturi.lavocedelpaese.info\/index.php\/wp-json\/wp\/v2\/types\/post"}],"author":[{"embeddable":true,"href":"https:\/\/archivioturi.lavocedelpaese.info\/index.php\/wp-json\/wp\/v2\/users\/1"}],"replies":[{"embeddable":true,"href":"https:\/\/archivioturi.lavocedelpaese.info\/index.php\/wp-json\/wp\/v2\/comments?post=11543"}],"version-history":[{"count":0,"href":"https:\/\/archivioturi.lavocedelpaese.info\/index.php\/wp-json\/wp\/v2\/posts\/11543\/revisions"}],"wp:attachment":[{"href":"https:\/\/archivioturi.lavocedelpaese.info\/index.php\/wp-json\/wp\/v2\/media?parent=11543"}],"wp:term":[{"taxonomy":"category","embeddable":true,"href":"https:\/\/archivioturi.lavocedelpaese.info\/index.php\/wp-json\/wp\/v2\/categories?post=11543"},{"taxonomy":"post_tag","embeddable":true,"href":"https:\/\/archivioturi.lavocedelpaese.info\/index.php\/wp-json\/wp\/v2\/tags?post=11543"}],"curies":[{"name":"wp","href":"https:\/\/api.w.org\/{rel}","templated":true}]}}