{"id":11542,"date":"2013-11-11T14:31:13","date_gmt":"2013-11-11T14:31:13","guid":{"rendered":"https:\/\/archivioturi.lavocedelpaese.info\/index.php\/2013\/11\/11\/annarita-rossi-riaccende-il-pd\/"},"modified":"2013-11-11T14:31:13","modified_gmt":"2013-11-11T14:31:13","slug":"annarita-rossi-riaccende-il-pd","status":"publish","type":"post","link":"https:\/\/archivioturi.lavocedelpaese.info\/index.php\/2013\/11\/11\/annarita-rossi-riaccende-il-pd\/","title":{"rendered":"Annarita Rossi riaccende il Pd"},"content":{"rendered":"<p><img loading=\"lazy\" decoding=\"async\" src=\"http:\/\/farm4.staticflickr.com\/3731\/10796089613_590942479b_m.jpg\" alt=\"annarita Rossi\" width=\"162\" height=\"240\" \/><\/p>\n<p style=\"text-align: justify;\">Il Pd ha un nuovo segretario: Annarita&nbsp;Rossi. \u00e8 stata eletta, domenica scorsa,&nbsp;all\u2019unanimit\u00e0 nella sezione locale del Pd.<br \/>L\u2019obiettivo, ha spiegato il neo Segretario&nbsp;del Pd, \u00e8 ambizioso. \u201cIl mio unico scopo&nbsp;&#8211; ha dichiarato ai nostri microfoni &#8211; \u00e8 avvicinare&nbsp;tante persone pulite alla politica.<br \/>Questo non vuol dire buttare dalla finestra&nbsp;o isolare coloro che finora hanno tenuto in&nbsp;piedi il Pd turese. Anzi, sono sicura che&nbsp;la loro presenza sia fondamentale per ricostruire&nbsp;un gruppo compatto ed in grado,&nbsp;soprattutto, di diventare autorevole e determinante&nbsp;per il futuro politico di Turi.<br \/>Allo stesso modo vorrei far comprendere&nbsp;ai pi\u00f9 giovani che questo luogo \u00e8 per loro&nbsp;e per il loro futuro\u201d.<br \/>Il neosegretario Annarita Rossi ha voluto&nbsp;leggere una lettera scritta da Davide&nbsp;Montaro, giovane militante del Pd di&nbsp;Noci:<\/p>\n<p style=\"text-align: justify;\">\u201cEgregi adulti del PD,&nbsp;sia ben chiaro, adulti per una questione&nbsp;di et\u00e0, pi\u00f9 che di saggezza. Non offendetevi,&nbsp;ma ora capirete il perch\u00e9 di questa mia&nbsp;posizione.<br \/>Sono ormai pi\u00f9 di tre anni che combatto&nbsp;quotidianamente per questo partito e non&nbsp;pensavo di dover combattere, un giorno,&nbsp;contro lo stesso. Combatto perch\u00e9 non&nbsp;posso accettare in nessun modo quanto sta&nbsp;accadendo in tutta Italia, nei circoli, nelle&nbsp;federazioni provinciali. Combatto perch\u00e9&nbsp;ho una dignit\u00e0 che mi spinge a calpestare&nbsp;violentemente l\u2019uso improprio che molti di&nbsp;voi stanno facendo del tesseramento, per&nbsp;una lotta interna tra correnti, tra vecchi&nbsp;ex, tra capibastone. Che vergogna.&nbsp;Mi dispiace per voi, cari adulti del PD,&nbsp;ma non \u00e8 questo l\u2019esempio che avreste&nbsp;dovuto dare ai giovani militanti, a chi \u00e8&nbsp;rimasto fuori ad osservare prima di prendere&nbsp;una decisione sul tesserarsi o meno&nbsp;(allontanandolo spaventato, inesorabilmente).&nbsp;Avete fallito. Fallito nella vostra vita&nbsp;politica, siete i primi responsabili del tracollo&nbsp;del nostro Paese, perch\u00e9 non siete riusciti&nbsp;a creare un soggetto politico capace&nbsp;di sanare il vuoto che il berlusconismo ha&nbsp;creato nel Paese. Avete fallito perch\u00e9 non&nbsp;siete moralmente superiori a nessuno, ma&nbsp;credete l\u2019esatto contrario. Con che faccia&nbsp;criticate un elettore di Berlusconi, se voi&nbsp;siete la fotocopia di un modo di intendere&nbsp;la politica e il partito?<br \/>La differenza tra il partito di Berlusconi&nbsp;e il vostro, che voi avete plasmato (e che&nbsp;noi demoliremo per ricostruirlo da zero),&nbsp;sta nel fatto che per uno c\u2019\u00e8 solo un leader,&nbsp;per l\u2019altro, ogni circolo ne ha 3 o 4.&nbsp;La sostanza non cambia, anzi, peggiora.<br \/>Cari adulti del PD, io sono un giovane&nbsp;del PD. Non lo dico per vantarmi, perch\u00e9&nbsp;io e, come me, tanti altri ragazzi abbiamo&nbsp;un fardello molto pi\u00f9 grosso e pesante&nbsp;del vostro: noi dobbiamo combattere, non&nbsp;solo, contro vecchie logiche politiche ma&nbsp;anche e soprattutto contro i nostri coetanei&nbsp;che ci credono vecchi perch\u00e9 impegnati&nbsp;in un partito.<br \/>Cari adulti del PD, abbiate un minimo&nbsp;sussulto di dignit\u00e0: dimettetevi da qualsiasi&nbsp;carica politica e chiedete scusa alle&nbsp;vittime dei vostri interessi, chiedete scusa&nbsp;a chi crede veramente nel PD e nei congressi,&nbsp;come momento cardine per il rinnovamento&nbsp;del partito e quindi dell\u2019Italia.<br \/>Cos\u00ec non sar\u00e0 e questo mi dispiace.<br \/>Cari adulti del PD, abbiate fede, qualcuno&nbsp;dar\u00e0 vita al vero PD. Una cosa \u00e8&nbsp;certa: non saranno coloro che giocano&nbsp;con il tesseramento.<\/p>\n<p style=\"text-align: justify;\">Saluti.\u201d<\/p>\n<p style=\"text-align: justify;\">&nbsp;<\/p>\n<p style=\"text-align: center;\"><span style=\"font-size: 12pt;\"><strong>Il nuovo&nbsp;direttivo del Pd:&nbsp;et\u00e0 media 35&nbsp;anni!<\/strong><\/span><\/p>\n<p style=\"text-align: justify;\"><span style=\"font-size: 12pt;\"><span style=\"font-size: 10pt;\"><\/span><\/span><\/p>\n<p>Pietro Risplendente &#8211; 62 anni<br \/>Aiello Marco &#8211; 22 anni<br \/>Aiello Gaetano detto Nino &#8211; 53 anni<br \/>Gabriele Paolo Dell\u2019Aera &#8211; 24 anni<br \/>Nicola Vito Antonio Carenza &#8211; 24 anni<br \/>Maria Teresa Lomuscio 24 anni<br \/>Miale Giacomo detto Mino &#8211; 56 anni<br \/>Cazzetta Mirko &#8211; 28 anni<br \/>Nicola Zita &#8211; 28 anni<br \/>Angelo Leogrande &#8211; 33 anni<\/p>\n<p style=\"text-align: justify;\"><span style=\"font-size: 12pt;\"><span style=\"font-size: 10pt;\"><\/span><strong><br \/><\/strong><\/span><\/p>\n","protected":false},"excerpt":{"rendered":"<p><img loading=\"lazy\" decoding=\"async\" src=\"http:\/\/farm4.staticflickr.com\/3731\/10796089613_590942479b_m.jpg\" alt=\"annarita Rossi\" width=\"162\" height=\"240\" \/><\/p>\n","protected":false},"author":1,"featured_media":0,"comment_status":"open","ping_status":"closed","sticky":false,"template":"","format":"standard","meta":{"colormag_page_container_layout":"default_layout","colormag_page_sidebar_layout":"default_layout","footnotes":""},"categories":[4],"tags":[],"class_list":["post-11542","post","type-post","status-publish","format-standard","hentry","category-politica"],"_links":{"self":[{"href":"https:\/\/archivioturi.lavocedelpaese.info\/index.php\/wp-json\/wp\/v2\/posts\/11542","targetHints":{"allow":["GET"]}}],"collection":[{"href":"https:\/\/archivioturi.lavocedelpaese.info\/index.php\/wp-json\/wp\/v2\/posts"}],"about":[{"href":"https:\/\/archivioturi.lavocedelpaese.info\/index.php\/wp-json\/wp\/v2\/types\/post"}],"author":[{"embeddable":true,"href":"https:\/\/archivioturi.lavocedelpaese.info\/index.php\/wp-json\/wp\/v2\/users\/1"}],"replies":[{"embeddable":true,"href":"https:\/\/archivioturi.lavocedelpaese.info\/index.php\/wp-json\/wp\/v2\/comments?post=11542"}],"version-history":[{"count":0,"href":"https:\/\/archivioturi.lavocedelpaese.info\/index.php\/wp-json\/wp\/v2\/posts\/11542\/revisions"}],"wp:attachment":[{"href":"https:\/\/archivioturi.lavocedelpaese.info\/index.php\/wp-json\/wp\/v2\/media?parent=11542"}],"wp:term":[{"taxonomy":"category","embeddable":true,"href":"https:\/\/archivioturi.lavocedelpaese.info\/index.php\/wp-json\/wp\/v2\/categories?post=11542"},{"taxonomy":"post_tag","embeddable":true,"href":"https:\/\/archivioturi.lavocedelpaese.info\/index.php\/wp-json\/wp\/v2\/tags?post=11542"}],"curies":[{"name":"wp","href":"https:\/\/api.w.org\/{rel}","templated":true}]}}