{"id":11535,"date":"2013-11-04T13:30:43","date_gmt":"2013-11-04T13:30:43","guid":{"rendered":"https:\/\/archivioturi.lavocedelpaese.info\/index.php\/2013\/11\/04\/siringa-a-due-passi-dallasilo\/"},"modified":"2013-11-04T13:30:43","modified_gmt":"2013-11-04T13:30:43","slug":"siringa-a-due-passi-dallasilo","status":"publish","type":"post","link":"https:\/\/archivioturi.lavocedelpaese.info\/index.php\/2013\/11\/04\/siringa-a-due-passi-dallasilo\/","title":{"rendered":"Siringa a due passi dall\u2019asilo"},"content":{"rendered":"<p><img loading=\"lazy\" decoding=\"async\" src=\"http:\/\/farm8.staticflickr.com\/7289\/10666832786_bb56b8c55f_m.jpg\" alt=\"degrado (2)\" width=\"180\" height=\"240\" \/><\/p>\n<p><img loading=\"lazy\" decoding=\"async\" src=\"http:\/\/farm4.staticflickr.com\/3811\/10666833216_35408d1ee3_n.jpg\" alt=\"degrado (1)\" width=\"240\" height=\"320\" style=\"margin-top: 10px; margin-bottom: 10px; margin-left: 10px; float: right;\" \/><\/p>\n<p style=\"text-align: justify;\">Un\u2019immagine forte, una siringa abbandonata in terra e vicino, una bottiglia di birra con il collo rotto. \u00c8 l\u2019eredit\u00e0 fotografata da una nostra lettrice arrabbiata della totale indifferenza dinanzi a tali esempi di degrado e di pericolosit\u00e0. Il tutto \u00e8 stato catturato dinanzi alla piazzetta in prossimit\u00e0 della caserma dei carabinieri di Turi e quindi a pochi passi da una scuola dell\u2019infanzia.<\/p>\n<p style=\"text-align: justify;\">\u201cChiss\u00e0 se il sindaco si decider\u00e0 a far mettere dei bidoni nella piazzetta\u201d \u2013 aggiunge con tono deciso la nostra lettrice, aggiungendo come spesso si ritrova a liberare lo spazio da bottiglie o cartoni delle pizze. Ma da due settimane \u00e8 presente una siringa e \u201cnessuno si adopera a rimuoverla!\u201d. \u201c\u00c8 una schifezza, vergogna!\u201d \u2013 prosegue la donna, ammettendo come \u00e8 altrettanto assurdo che ogni giorno, durante le ore di entrata e di uscita dei bambini da scuola, ci siano i vigili urbani che non si sono accorti di nulla e non fanno nulla per sistemare la zona.<\/p>\n<p style=\"text-align: justify;\">Ci auguriamo che la piazzetta venga presto ripulita e si preservino i luoghi che maggiormente sono frequentati dai pi\u00f9 piccoli che in un attimo di distrazione dai propri genitori possono avvicinarsi agli oggetti pericolosi, attirati dalla loro curiosit\u00e0.<\/p>\n","protected":false},"excerpt":{"rendered":"<p><img loading=\"lazy\" decoding=\"async\" src=\"http:\/\/farm8.staticflickr.com\/7289\/10666832786_bb56b8c55f_m.jpg\" alt=\"degrado (2)\" width=\"180\" height=\"240\" \/><\/p>\n","protected":false},"author":1,"featured_media":0,"comment_status":"open","ping_status":"closed","sticky":false,"template":"","format":"standard","meta":{"colormag_page_container_layout":"default_layout","colormag_page_sidebar_layout":"default_layout","footnotes":""},"categories":[7],"tags":[],"class_list":["post-11535","post","type-post","status-publish","format-standard","hentry","category-attualita"],"_links":{"self":[{"href":"https:\/\/archivioturi.lavocedelpaese.info\/index.php\/wp-json\/wp\/v2\/posts\/11535","targetHints":{"allow":["GET"]}}],"collection":[{"href":"https:\/\/archivioturi.lavocedelpaese.info\/index.php\/wp-json\/wp\/v2\/posts"}],"about":[{"href":"https:\/\/archivioturi.lavocedelpaese.info\/index.php\/wp-json\/wp\/v2\/types\/post"}],"author":[{"embeddable":true,"href":"https:\/\/archivioturi.lavocedelpaese.info\/index.php\/wp-json\/wp\/v2\/users\/1"}],"replies":[{"embeddable":true,"href":"https:\/\/archivioturi.lavocedelpaese.info\/index.php\/wp-json\/wp\/v2\/comments?post=11535"}],"version-history":[{"count":0,"href":"https:\/\/archivioturi.lavocedelpaese.info\/index.php\/wp-json\/wp\/v2\/posts\/11535\/revisions"}],"wp:attachment":[{"href":"https:\/\/archivioturi.lavocedelpaese.info\/index.php\/wp-json\/wp\/v2\/media?parent=11535"}],"wp:term":[{"taxonomy":"category","embeddable":true,"href":"https:\/\/archivioturi.lavocedelpaese.info\/index.php\/wp-json\/wp\/v2\/categories?post=11535"},{"taxonomy":"post_tag","embeddable":true,"href":"https:\/\/archivioturi.lavocedelpaese.info\/index.php\/wp-json\/wp\/v2\/tags?post=11535"}],"curies":[{"name":"wp","href":"https:\/\/api.w.org\/{rel}","templated":true}]}}