{"id":11528,"date":"2013-10-30T14:10:03","date_gmt":"2013-10-30T14:10:03","guid":{"rendered":"https:\/\/archivioturi.lavocedelpaese.info\/index.php\/2013\/10\/30\/incidente-mortale-sulla-turi-sammichele\/"},"modified":"2013-10-30T14:10:03","modified_gmt":"2013-10-30T14:10:03","slug":"incidente-mortale-sulla-turi-sammichele","status":"publish","type":"post","link":"https:\/\/archivioturi.lavocedelpaese.info\/index.php\/2013\/10\/30\/incidente-mortale-sulla-turi-sammichele\/","title":{"rendered":"Incidente mortale sulla Turi-Sammichele"},"content":{"rendered":"<p><img loading=\"lazy\" decoding=\"async\" src=\"http:\/\/farm3.staticflickr.com\/2825\/10574743485_10ccc1115f_n.jpg\" alt=\"Incidente mortale Turi-Sammichele\" width=\"320\" height=\"213\" \/><\/p>\n<p style=\"text-align: justify;\"><strong>Ultim&#8217;ora.&nbsp;<\/strong>Un tragico incidente si \u00e8 verificato questo pomeriggio sulla strada provinciale 132 che collega Turi e Sammichele. Nello schianto tra una Fiat Panda e una Fiat Bravo ha perso la vita un uomo di 71 anni, Giovanni Tedesco, residente a Como. Non \u00e8 ancora chiara la dinamica dell&#8217;incidente. La Fiat Panda guidata dal 71enne si \u00e8 scontrata frontalmente con una Fiat Bravo in prossimit\u00e0 di una curva pericolosa. A bordo della Bravo viaggiavano fratello e sorella, rispettivamente di 21 e 25 anni, di Turi che sono stati trasportati all&#8217;ospedale &#8220;Santa Maria degli Angeli&#8221; di Putignano per accertamenti. Sul luogo dell&#8217;incidente sono intervenuti i sanitari del 118 che hanno cercato in tutti i modi di rianimare l&#8217;uomo gravemente ferito, ma \u00e8 deceduto poco dopo durante il trasporto all&#8217;ospedale &#8220;Miulli&#8221;di Acquaviva. I carabinieri di Turi, intervenuti per i rilievi, stanno cercando di stabilire le cause dell&#8217;incidente.&nbsp;<\/p>\n<p><object width=\"660\" height=\"495\"><param name=\"flashvars\" value=\"offsite=true&amp;lang=it-it&amp;page_show_url=%2Fphotos%2F91470992%40N02%2Fsets%2F72157637122241906%2Fshow%2F&amp;page_show_back_url=%2Fphotos%2F91470992%40N02%2Fsets%2F72157637122241906%2F&amp;set_id=72157637122241906&amp;jump_to=\" \/><param name=\"movie\" value=\"http:\/\/www.flickr.com\/apps\/slideshow\/show.swf?v=124984\" \/><param name=\"allowFullScreen\" value=\"true\" \/><\/object><\/p>\n","protected":false},"excerpt":{"rendered":"<p><img loading=\"lazy\" decoding=\"async\" src=\"http:\/\/farm3.staticflickr.com\/2825\/10574743485_10ccc1115f_n.jpg\" alt=\"Incidente mortale Turi-Sammichele\" width=\"320\" height=\"213\" \/><\/p>\n","protected":false},"author":1,"featured_media":0,"comment_status":"open","ping_status":"closed","sticky":false,"template":"","format":"standard","meta":{"colormag_page_container_layout":"default_layout","colormag_page_sidebar_layout":"default_layout","footnotes":""},"categories":[8],"tags":[],"class_list":["post-11528","post","type-post","status-publish","format-standard","hentry","category-cronaca"],"_links":{"self":[{"href":"https:\/\/archivioturi.lavocedelpaese.info\/index.php\/wp-json\/wp\/v2\/posts\/11528","targetHints":{"allow":["GET"]}}],"collection":[{"href":"https:\/\/archivioturi.lavocedelpaese.info\/index.php\/wp-json\/wp\/v2\/posts"}],"about":[{"href":"https:\/\/archivioturi.lavocedelpaese.info\/index.php\/wp-json\/wp\/v2\/types\/post"}],"author":[{"embeddable":true,"href":"https:\/\/archivioturi.lavocedelpaese.info\/index.php\/wp-json\/wp\/v2\/users\/1"}],"replies":[{"embeddable":true,"href":"https:\/\/archivioturi.lavocedelpaese.info\/index.php\/wp-json\/wp\/v2\/comments?post=11528"}],"version-history":[{"count":0,"href":"https:\/\/archivioturi.lavocedelpaese.info\/index.php\/wp-json\/wp\/v2\/posts\/11528\/revisions"}],"wp:attachment":[{"href":"https:\/\/archivioturi.lavocedelpaese.info\/index.php\/wp-json\/wp\/v2\/media?parent=11528"}],"wp:term":[{"taxonomy":"category","embeddable":true,"href":"https:\/\/archivioturi.lavocedelpaese.info\/index.php\/wp-json\/wp\/v2\/categories?post=11528"},{"taxonomy":"post_tag","embeddable":true,"href":"https:\/\/archivioturi.lavocedelpaese.info\/index.php\/wp-json\/wp\/v2\/tags?post=11528"}],"curies":[{"name":"wp","href":"https:\/\/api.w.org\/{rel}","templated":true}]}}