{"id":11526,"date":"2013-10-30T10:17:54","date_gmt":"2013-10-30T10:17:54","guid":{"rendered":"https:\/\/archivioturi.lavocedelpaese.info\/index.php\/2013\/10\/30\/tateo-sbaglia-alla-grande\/"},"modified":"2013-10-30T10:17:54","modified_gmt":"2013-10-30T10:17:54","slug":"tateo-sbaglia-alla-grande","status":"publish","type":"post","link":"https:\/\/archivioturi.lavocedelpaese.info\/index.php\/2013\/10\/30\/tateo-sbaglia-alla-grande\/","title":{"rendered":"Tateo sbaglia alla grande"},"content":{"rendered":"<p style=\"text-align: justify;\">&nbsp;<img loading=\"lazy\" decoding=\"async\" class=\" size-full wp-image-9628\" src=\"https:\/\/archivioturi.lavocedelpaese.info\/wp-content\/uploads\/2012\/07\/tateoc.png\" width=\"321\" height=\"150\" alt=\"tateoc\" style=\"margin: 0px 3px;\" srcset=\"https:\/\/archivioturi.lavocedelpaese.info\/wp-content\/uploads\/2012\/07\/tateoc.png 641w, https:\/\/archivioturi.lavocedelpaese.info\/wp-content\/uploads\/2012\/07\/tateoc-300x140.png 300w\" sizes=\"auto, (max-width: 321px) 100vw, 321px\" \/><\/p>\n<p style=\"text-align: justify;\">I circoli locali di Sinistra Ecologia e Libert\u00e0,&nbsp;Rifondazione Comunista ed il Movimento&nbsp;Cinque Stelle constatano, con estremo dispiacere,&nbsp;la totale inutilit\u00e0 del Consiglio comunale&nbsp;monotematico, convocato per far fronte ai&nbsp;ripetuti ritardi nell\u2019allargamento e messa in&nbsp;sicurezza della statale 172.<br \/>Noi eravamo presenti, con striscioni, cartelloni&nbsp;e le terribili istantanee (gentilmente&nbsp;prestateci dall\u2019associazione \u201cVivi la Strada\u201d)&nbsp;raffiguranti i tanti incidenti che hanno martoriato&nbsp;l\u2019arteria e le troppe vittime che essa ha&nbsp;causato (abbiamo volutamente lasciato a casa&nbsp;le bandiere di partito, perch\u00e9 la lotta per i beni&nbsp;comuni, vista soprattutto la grave situazione,&nbsp;non pu\u00f2 essere viziata da inutili divisioni).<br \/>Ci era parso di comprendere che lo scopo&nbsp;dell\u2019incontro fosse quello di accelerare il reperimento&nbsp;dei fondi necessari alla sistemazione&nbsp;della statale, ma pensiamo che l\u2019ennesimo&nbsp;ordine del giorno (che sar\u00e0 votato nel prossimo&nbsp;Consiglio e condiviso con i Sindaci degli&nbsp;altri comuni interessati dalla vicenda) non&nbsp;servir\u00e0 di certo a smobilitare chi di dovere,&nbsp;ma rappresenter\u00e0 il reiterato e vano grido di&nbsp;dolore di una comunit\u00e0 che \u00e8 stata totalmente&nbsp;dimenticata dalla politica che prende le decisioni,&nbsp;oltre che non adeguatamente rappresentata&nbsp;da chi \u00e8 stato da noi delegato ai piani&nbsp;superiori.<br \/>Il Consiglio, in effetti, si \u00e8 consumato lentamente,&nbsp;perdendosi in date, cifre, arringhe&nbsp;difensive degli \u201cOnorevoli\u201d ospiti e frustrazione&nbsp;dei sindaci, data dalla consapevolezza&nbsp;di avere in materia scarsissimo potere. Eppure,&nbsp;per la c.d. \u201cpolitica dei fatti\u201d (espressione&nbsp;tanto amata ed abusata dai rappresentanti&nbsp;istituzionali che ci sono venuti a trovare), sarebbero&nbsp;state sufficienti poche e chiare parole&nbsp;per spiegare la situazione: il progetto relativo&nbsp;all\u2019allargamento ed alla messa in sicurezza&nbsp;della \u201cstatale della morte\u201d nel tratto che va&nbsp;da Casamassima a Putignano \u00e8 pronto (secondo&nbsp;quanto riferito da tutti); ci\u00f2 che manca&nbsp;\u00e8 l\u2019approvazione definitiva del CIPE e lo&nbsp;stanziamento dei fondi necessari ad attuare il&nbsp;rifacimento.<br \/>Ci\u00f2 che manca \u00e8, in sostanza, la volont\u00e0&nbsp;politica di rinvenire i soldi utili a provvedere&nbsp;alla messa in sicurezza dell\u2019arteria. E si&nbsp;tratta della medesima volont\u00e0 che, da ultimo,&nbsp;ha consentito di spostare i soldi destinati alla&nbsp;S.S. 172 verso un\u2019opera dannosa, costosa ed&nbsp;inutile come l\u2019alta velocit\u00e0 Lione &#8211; Torino (o,&nbsp;precedentemente, verso il Ponte sullo stretto&nbsp;di Messina).<br \/>Per questa ragione, sbagliano alla grande i&nbsp;tanti (a cominciare dal&nbsp;consigliere Tateo) che&nbsp;hanno affermato che&nbsp;il TAV o il Ponte sullo&nbsp;Stretto sono discorsi&nbsp;che non interessano la&nbsp;problematica della statale&nbsp;172: se \u00e8 vero che&nbsp;il progetto della nostra&nbsp;arteria \u00e8 pronto, la politica&nbsp;ha deciso che \u00e8 pi\u00f9 importante trasportare&nbsp;merci un po\u2019 pi\u00f9 velocemente che salvare&nbsp;vite umane ed i nostri rappresentanti (a cominciare<br \/>dal consigliere regionale Boccardi)&nbsp;non sono in grado di far valere le esigenze&nbsp;della comunit\u00e0 di appartenenza.<br \/>I numeri parlano chiaro: il primo intervento&nbsp;necessario a mettere a posto il tratto che a noi&nbsp;interessa ammonterebbe a 20 milioni di Euro;&nbsp;di questi, 12 milioni sono stati confermati, nei&nbsp;giorni scorsi, dal sottosegretario Girlanda, ma&nbsp;il problema \u00e8 che non \u00e8 ancora chiara la fonte&nbsp;di provenienza di tale somma, cos\u00ec come&nbsp;resta totalmente oscuro se, quando e da dove&nbsp;sar\u00e0 possibile rinvenire gli ulteriori soldi &#8211; 8&nbsp;milioni &#8211; necessari a raggiungere la somma&nbsp;vista. Resta il fatto che, come da accordi datati&nbsp;2003, i soldi devono provenire da finanziamenti&nbsp;statali (e non regionali, visto che le&nbsp;nuove opere saranno previste nei futuri piani&nbsp;attuativi regionali, relativi al 2014-2020).<br \/>Non c\u2019\u00e8 altro da aggiungere. La politica&nbsp;esce da questa vicenda con le ossa inesorabilmente&nbsp;rotte (per usare una metafora), ma&nbsp;il problema maggiore \u00e8 che i cittadini che&nbsp;quotidianamente percorrono la statale continueranno&nbsp;per chiss\u00e0 quanto tempo ancora a&nbsp;rischiare di rompersele sul serio.<\/p>\n<p style=\"text-align: right;\"><strong>Sinistra Ecologia e Libert\u00e0,<\/strong><br \/><strong>Rifondazione Comunista e Movimento<\/strong><br \/><strong>5 Stelle &#8211; Turi<\/strong><\/p>\n","protected":false},"excerpt":{"rendered":"<p style=\"text-align: justify;\">&nbsp;<img loading=\"lazy\" decoding=\"async\" class=\" size-full wp-image-9628\" src=\"https:\/\/archivioturi.lavocedelpaese.info\/wp-content\/uploads\/2012\/07\/tateoc.png\" width=\"321\" height=\"150\" alt=\"tateoc\" style=\"margin: 0px 3px;\" srcset=\"https:\/\/archivioturi.lavocedelpaese.info\/wp-content\/uploads\/2012\/07\/tateoc.png 641w, https:\/\/archivioturi.lavocedelpaese.info\/wp-content\/uploads\/2012\/07\/tateoc-300x140.png 300w\" sizes=\"auto, (max-width: 321px) 100vw, 321px\" \/><\/p>\n","protected":false},"author":1,"featured_media":9628,"comment_status":"open","ping_status":"closed","sticky":false,"template":"","format":"standard","meta":{"colormag_page_container_layout":"default_layout","colormag_page_sidebar_layout":"default_layout","footnotes":""},"categories":[4],"tags":[],"class_list":["post-11526","post","type-post","status-publish","format-standard","has-post-thumbnail","hentry","category-politica"],"_links":{"self":[{"href":"https:\/\/archivioturi.lavocedelpaese.info\/index.php\/wp-json\/wp\/v2\/posts\/11526","targetHints":{"allow":["GET"]}}],"collection":[{"href":"https:\/\/archivioturi.lavocedelpaese.info\/index.php\/wp-json\/wp\/v2\/posts"}],"about":[{"href":"https:\/\/archivioturi.lavocedelpaese.info\/index.php\/wp-json\/wp\/v2\/types\/post"}],"author":[{"embeddable":true,"href":"https:\/\/archivioturi.lavocedelpaese.info\/index.php\/wp-json\/wp\/v2\/users\/1"}],"replies":[{"embeddable":true,"href":"https:\/\/archivioturi.lavocedelpaese.info\/index.php\/wp-json\/wp\/v2\/comments?post=11526"}],"version-history":[{"count":0,"href":"https:\/\/archivioturi.lavocedelpaese.info\/index.php\/wp-json\/wp\/v2\/posts\/11526\/revisions"}],"wp:featuredmedia":[{"embeddable":true,"href":"https:\/\/archivioturi.lavocedelpaese.info\/index.php\/wp-json\/wp\/v2\/media\/9628"}],"wp:attachment":[{"href":"https:\/\/archivioturi.lavocedelpaese.info\/index.php\/wp-json\/wp\/v2\/media?parent=11526"}],"wp:term":[{"taxonomy":"category","embeddable":true,"href":"https:\/\/archivioturi.lavocedelpaese.info\/index.php\/wp-json\/wp\/v2\/categories?post=11526"},{"taxonomy":"post_tag","embeddable":true,"href":"https:\/\/archivioturi.lavocedelpaese.info\/index.php\/wp-json\/wp\/v2\/tags?post=11526"}],"curies":[{"name":"wp","href":"https:\/\/api.w.org\/{rel}","templated":true}]}}