{"id":11510,"date":"2013-10-24T05:51:06","date_gmt":"2013-10-24T05:51:06","guid":{"rendered":"https:\/\/archivioturi.lavocedelpaese.info\/index.php\/2013\/10\/24\/si-prepara-i-presepi-a-turi\/"},"modified":"2013-10-24T05:51:06","modified_gmt":"2013-10-24T05:51:06","slug":"si-prepara-i-presepi-a-turi","status":"publish","type":"post","link":"https:\/\/archivioturi.lavocedelpaese.info\/index.php\/2013\/10\/24\/si-prepara-i-presepi-a-turi\/","title":{"rendered":"Si prepara \u2026 \u201cI presepi a Turi\u201d"},"content":{"rendered":"<p style=\"text-align: justify;\"><img loading=\"lazy\" decoding=\"async\" class=\" size-full wp-image-7707\" src=\"https:\/\/archivioturi.lavocedelpaese.info\/wp-content\/uploads\/2011\/12\/presepe-home.JPG\" width=\"320\" height=\"150\" alt=\"presepe home\" style=\"margin: 0px 3px;\" srcset=\"https:\/\/archivioturi.lavocedelpaese.info\/wp-content\/uploads\/2011\/12\/presepe-home.JPG 640w, https:\/\/archivioturi.lavocedelpaese.info\/wp-content\/uploads\/2011\/12\/presepe-home-300x141.jpg 300w\" sizes=\"auto, (max-width: 320px) 100vw, 320px\" \/><\/p>\n<p style=\"text-align: justify;\">Nonostante il caldo di questi ultimi giorni tradisce il calendario, mancano soli due mesi al magico periodo natalizio. L\u2019Associazione turese \u201cI Vecchi Tempi\u201d, \u00e8 lieta di invitare tutta la cittadinanza ad una mostra di arte presepiale dal titolo &#8220;I Presepi a Turi&#8221;, che si svolger\u00e0 nel Chiostro dei Francescani nei pressi della Chiesa di San Giovanni Battista, in via Pietro De Donato Giannini\/6.<\/p>\n<p style=\"text-align: justify;\">Il giorno 8 dicembre 2013, infatti si terr\u00e0 la benedizione della 1\u00b0mostra di arte presepiale a Turi in cui interverranno l&#8217;arciprete Don Giovanni Amodio e al taglio del nastro i consiglieri comunali. Tutti coloro che volessero partecipare possono contattare i signori Paolo Borracci 3333176886 ed il signor Paolo Florio 3478308946 e portare le proprie opere dal giorno 20 novembre fino a gioved\u00ec 5 dicembre 2013. Tutte verranno quindi esposte dal giorno 8 dicembre 2013 e rimarranno in esposizione ed in vista al pubblico fino al giorno 8 gennaio 2014.<\/p>\n<p style=\"text-align: justify;\">L\u2019Associazione, precisa che per chi volesse partecipare non \u00e8 previsto alcun premio, ma il tutto \u00e8 realizzato solamente a scopo creativo con la volont\u00e0 di mostrare le opere ed il talento di ciascun artista &#8211; artigiano. La cittadinanza \u00e8 invitata a partecipare.<\/p>\n","protected":false},"excerpt":{"rendered":"<p style=\"text-align: justify;\"><img loading=\"lazy\" decoding=\"async\" class=\" size-full wp-image-7707\" src=\"https:\/\/archivioturi.lavocedelpaese.info\/wp-content\/uploads\/2011\/12\/presepe-home.JPG\" width=\"320\" height=\"150\" alt=\"presepe home\" style=\"margin: 0px 3px;\" srcset=\"https:\/\/archivioturi.lavocedelpaese.info\/wp-content\/uploads\/2011\/12\/presepe-home.JPG 640w, https:\/\/archivioturi.lavocedelpaese.info\/wp-content\/uploads\/2011\/12\/presepe-home-300x141.jpg 300w\" sizes=\"auto, (max-width: 320px) 100vw, 320px\" \/><\/p>\n","protected":false},"author":1,"featured_media":7707,"comment_status":"open","ping_status":"closed","sticky":false,"template":"","format":"standard","meta":{"colormag_page_container_layout":"default_layout","colormag_page_sidebar_layout":"default_layout","footnotes":""},"categories":[7],"tags":[],"class_list":["post-11510","post","type-post","status-publish","format-standard","has-post-thumbnail","hentry","category-attualita"],"_links":{"self":[{"href":"https:\/\/archivioturi.lavocedelpaese.info\/index.php\/wp-json\/wp\/v2\/posts\/11510","targetHints":{"allow":["GET"]}}],"collection":[{"href":"https:\/\/archivioturi.lavocedelpaese.info\/index.php\/wp-json\/wp\/v2\/posts"}],"about":[{"href":"https:\/\/archivioturi.lavocedelpaese.info\/index.php\/wp-json\/wp\/v2\/types\/post"}],"author":[{"embeddable":true,"href":"https:\/\/archivioturi.lavocedelpaese.info\/index.php\/wp-json\/wp\/v2\/users\/1"}],"replies":[{"embeddable":true,"href":"https:\/\/archivioturi.lavocedelpaese.info\/index.php\/wp-json\/wp\/v2\/comments?post=11510"}],"version-history":[{"count":0,"href":"https:\/\/archivioturi.lavocedelpaese.info\/index.php\/wp-json\/wp\/v2\/posts\/11510\/revisions"}],"wp:featuredmedia":[{"embeddable":true,"href":"https:\/\/archivioturi.lavocedelpaese.info\/index.php\/wp-json\/wp\/v2\/media\/7707"}],"wp:attachment":[{"href":"https:\/\/archivioturi.lavocedelpaese.info\/index.php\/wp-json\/wp\/v2\/media?parent=11510"}],"wp:term":[{"taxonomy":"category","embeddable":true,"href":"https:\/\/archivioturi.lavocedelpaese.info\/index.php\/wp-json\/wp\/v2\/categories?post=11510"},{"taxonomy":"post_tag","embeddable":true,"href":"https:\/\/archivioturi.lavocedelpaese.info\/index.php\/wp-json\/wp\/v2\/tags?post=11510"}],"curies":[{"name":"wp","href":"https:\/\/api.w.org\/{rel}","templated":true}]}}