{"id":11509,"date":"2013-10-22T06:57:07","date_gmt":"2013-10-22T06:57:07","guid":{"rendered":"https:\/\/archivioturi.lavocedelpaese.info\/index.php\/2013\/10\/22\/la-famiglia-cambia-i-problemi-restano\/"},"modified":"2013-10-22T06:57:07","modified_gmt":"2013-10-22T06:57:07","slug":"la-famiglia-cambia-i-problemi-restano","status":"publish","type":"post","link":"https:\/\/archivioturi.lavocedelpaese.info\/index.php\/2013\/10\/22\/la-famiglia-cambia-i-problemi-restano\/","title":{"rendered":"La famiglia cambia, i problemi restano"},"content":{"rendered":"<p><img loading=\"lazy\" decoding=\"async\" src=\"http:\/\/farm3.staticflickr.com\/2845\/10399759095_f681bd4af3_n.jpg\" alt=\"Centro Studi 2\" width=\"320\" height=\"180\" \/><\/p>\n<p style=\"text-align: justify;\">Il Centro Studi di Storia e Cultura di Turi \u201cMatteo Pugliese\u201d ha ospitato, nella serata dello scorso 10 ottobre, una conferenza sul tema \u201cDalla Famiglia patriarcale alle Famiglie\u2026 aperte\u201d.<\/p>\n<p style=\"text-align: justify;\">L\u2019obiettivo, come sottolineato durante la presentazione della serata da parte del dott. Domenico Resta, presidente dell\u2019Associazione, \u00e8 stato quello di esaminare diverse facce di un tema tanto interessante quanto spinoso come quello della famiglia nella sua evoluzione storica.<\/p>\n<p style=\"text-align: justify;\">Per farlo si sono scelti tre diversi punti di vista: quello della psicologa dr.ssa Sabina De Nigris, quello del medico dr Pietro G. Risplendente e quello dell\u2019avvocato Caterina Coppi.<\/p>\n<p style=\"text-align: justify;\">La dr.ssa Sabina De Nigris ha evidenziato gli aspetti psicologici propri delle relazioni che si sviluppano in famiglia spiegando come quest\u2019ultima nei secoli si sia modificata, e con essa anche i problemi del nucleo familiare. Si \u00e8 passati dalle famiglie combinate, in cui l\u2019imposizione rimpiazzava l\u2019amore, a quelle attuali, basate maggiormente sull\u2019amore ma non meno difficili da gestire.<\/p>\n<p><img loading=\"lazy\" decoding=\"async\" src=\"http:\/\/farm4.staticflickr.com\/3739\/10399760015_b0e727e261_n.jpg\" alt=\"Centro Studi 8\" width=\"320\" height=\"180\" style=\"margin-top: 10px; margin-bottom: 10px; margin-left: 10px; float: right;\" \/><\/p>\n<p style=\"text-align: justify;\">Quando il divorzio non esisteva, il matrimonio era spesso una gabbia in cui la donna era relegata ai margini.<\/p>\n<p style=\"text-align: justify;\">Quella di oggi \u00e8 l\u2019epoca del divorzio, in cui i problemi sono spesso legati alla relazione tra marito e moglie e i figli troppo spesso trattati come oggetto di ricatto tra i genitori. &nbsp;<\/p>\n<p style=\"text-align: justify;\">Il dr Pietro G. Risplendente ha tracciato un breve excursus su come la figura del medico di famiglia, nel tempo, si sia trasformata. Inizialmente il dottore era ad esclusivo servizio dei potenti e dei ricchi, per i quali incarnava anche il compito di confessore e consigliere. Oggi il diritto alla cura \u00e8 di tutti, eppure l\u2019accesso alle cure non lo \u00e8 ancora completamente.<\/p>\n<p style=\"text-align: justify;\">\u00c8 stato evidenziato come, nel tempo, anche la terminologia si sia modificata passando dal titolo di medico di famiglia a quello di medico di medicina generale. Si \u00e8 spostata cos\u00ec l\u2019attenzione dalla famiglia al singolo individuo, per adattarsi ad una realt\u00e0 mutata in cui la famiglia ha assunto una fisionomia diversa visto che il nostro \u00e8 il tempo, oltre che delle coppie di fatto, anche dei nuclei familiari formati da una sola persona, siano essi single o anziani, spesso costretti a vivere da soli.<\/p>\n<p style=\"text-align: justify;\">L\u2019avv. Caterina Coppi ha posto, invece, l\u2019accento su come la famiglia si sia modificata nel tempo dal punto di vista giuridico.<\/p>\n<p style=\"text-align: justify;\">L\u2019uguaglianza dei coniugi all\u2019interno del matrimonio si \u00e8 affermata soltanto nel 1975 e, con l\u2019evolversi della societ\u00e0 e i cambiamenti dello stile di vita, si \u00e8 arrivati alla \u201cfamiglia allargata moderna\u201d in cui, sotto lo stesso tetto, spesso si ritrovano genitori e figli derivati anche da relazioni precedenti.<\/p>\n<p style=\"text-align: justify;\">Il diritto, con il tempo, si \u00e8 adattato a questa nuova realt\u00e0 sociale e, di conseguenza, anche la terminologia si \u00e8 modificata.<\/p>\n<p style=\"text-align: justify;\">Attraverso le esperienze professionali dei tre oratori, autorevoli e competenti, si \u00e8 posto un primo passo, davanti ad un pubblico attento e numeroso, nell\u2019analisi di un tema vasto e complesso che necessita sicuramente di altri incontri, per essere meglio sviscerato.<\/p>\n","protected":false},"excerpt":{"rendered":"<p><img loading=\"lazy\" decoding=\"async\" src=\"http:\/\/farm3.staticflickr.com\/2845\/10399759095_f681bd4af3_n.jpg\" alt=\"Centro Studi 2\" width=\"320\" height=\"180\" \/><\/p>\n","protected":false},"author":1,"featured_media":0,"comment_status":"open","ping_status":"closed","sticky":false,"template":"","format":"standard","meta":{"colormag_page_container_layout":"default_layout","colormag_page_sidebar_layout":"default_layout","footnotes":""},"categories":[6],"tags":[],"class_list":["post-11509","post","type-post","status-publish","format-standard","hentry","category-cultura"],"_links":{"self":[{"href":"https:\/\/archivioturi.lavocedelpaese.info\/index.php\/wp-json\/wp\/v2\/posts\/11509","targetHints":{"allow":["GET"]}}],"collection":[{"href":"https:\/\/archivioturi.lavocedelpaese.info\/index.php\/wp-json\/wp\/v2\/posts"}],"about":[{"href":"https:\/\/archivioturi.lavocedelpaese.info\/index.php\/wp-json\/wp\/v2\/types\/post"}],"author":[{"embeddable":true,"href":"https:\/\/archivioturi.lavocedelpaese.info\/index.php\/wp-json\/wp\/v2\/users\/1"}],"replies":[{"embeddable":true,"href":"https:\/\/archivioturi.lavocedelpaese.info\/index.php\/wp-json\/wp\/v2\/comments?post=11509"}],"version-history":[{"count":0,"href":"https:\/\/archivioturi.lavocedelpaese.info\/index.php\/wp-json\/wp\/v2\/posts\/11509\/revisions"}],"wp:attachment":[{"href":"https:\/\/archivioturi.lavocedelpaese.info\/index.php\/wp-json\/wp\/v2\/media?parent=11509"}],"wp:term":[{"taxonomy":"category","embeddable":true,"href":"https:\/\/archivioturi.lavocedelpaese.info\/index.php\/wp-json\/wp\/v2\/categories?post=11509"},{"taxonomy":"post_tag","embeddable":true,"href":"https:\/\/archivioturi.lavocedelpaese.info\/index.php\/wp-json\/wp\/v2\/tags?post=11509"}],"curies":[{"name":"wp","href":"https:\/\/api.w.org\/{rel}","templated":true}]}}