{"id":11506,"date":"2013-10-21T12:37:52","date_gmt":"2013-10-21T12:37:52","guid":{"rendered":"https:\/\/archivioturi.lavocedelpaese.info\/index.php\/2013\/10\/21\/al-canile-si-cammina-a-quattro-zampe\/"},"modified":"2013-10-21T12:37:52","modified_gmt":"2013-10-21T12:37:52","slug":"al-canile-si-cammina-a-quattro-zampe","status":"publish","type":"post","link":"https:\/\/archivioturi.lavocedelpaese.info\/index.php\/2013\/10\/21\/al-canile-si-cammina-a-quattro-zampe\/","title":{"rendered":"Al canile si cammina a quattro zampe"},"content":{"rendered":"<p><img loading=\"lazy\" decoding=\"async\" src=\"http:\/\/farm6.staticflickr.com\/5530\/10399576876_dce9ae1bda_n.jpg\" width=\"320\" height=\"239\" alt=\"1385429_10201445162242367_1028459741_n\" \/><\/p>\n<p style=\"text-align: justify;\">Accompagnare la crescita dei bambini con un animale pu\u00f2 rappresentare un valore aggiunto all\u2019educazione e al tipo di esperienze che intendiamo far vivere ai nostri figli. Un animale, infatti, educa alla \u201cdiversit\u00e0\u201d, perch\u00e9 dimostra al bambino che non esistiamo soltanto noi umani, ma anche altri esseri viventi che meritano rispetto e che sono in grado di offrirci molto dal punto di vista affettivo. A raccontarlo ai pi\u00f9 piccoli, domenica 13 ottobre, presso il canile sanitario di Turi, la Lega Nazionale per la Difesa del Cane \u2013 sezione di Turi, durante il primo incontro con i bambini. \u201cUna domenica con i pelosi\u201d, organizzata con la preziosa collaborazione dell\u2019associazione Time4dog e dei suoi educatori cinofili, ha riscosso un grande successo e un notevole apprezzamento da parte non solo dei pi\u00f9 piccoli, ma anche delle loro famiglie. I bambini, dagli 8 ai 15 anni, hanno portato a spasso i cani adulti e si sono divertiti a coccolare i cuccioli, che hanno catturato l\u2019attenzione anche dei bimbi pi\u00f9 piccini, che non sono riusciti a resistere ai musetti dolci dei piccoli amici a quattro zampe. Oltre alle coccole, benefiche sia per i pelosi, che per gli umani, gli esperti non hanno mancato di porre l\u2019attenzione sull\u2019addestramento che ha visto come protagonista Leno, che ha dato spettacolo nel saltare alcuni ostacoli. Divertimento ed apprendimento per piccoli ed adulti che sar\u00e0 ripetuto anche le prossime domeniche e sino al 10 novembre. Obiettivo dell\u2019iniziativa \u00e8 avvicinare sempre pi\u00f9 persone e sin da tenera et\u00e0 al rispetto ed all\u2019amore degli animali, siano questi domestici o meno, tutti bisognosi di attenzione, cura e considerazione. Infatti, i bambini che crescono con gli animali domestici hanno sicuramente una capacit\u00e0 empatica, di leggere e comprendere le emozioni e i comportamenti altrui maggiore, proprio perch\u00e8 allenati fin dalla pi\u00f9 tenera et\u00e0 all\u2019osservazione di un essere vivente ricco di bisogni fisici ma anche psicologici come un animale, ma difficilmente interpretabili. I benefici sono quindi a livello psicologico ed educativo: interagire con l\u2019animale mette in moto il desiderio di curare un altro essere vivente e di sperimentarsi in una relazione. A livello educativo, inoltre, insegna ad attendere i tempi dell\u2019altro e la virt\u00f9 della pazienza. Inoltre ci sono benefici fisici legati all\u2019attivit\u00e0 motoria che il bambino pu\u00f2 fare insieme al suo amico a quattro zampe.<\/p>\n<p style=\"text-align: justify;\">\u201cCi siamo divertiti moltissimo \u2013 raccontano gli organizzatori &#8211; vi aspettiamo numerosi anche la prossima domenica!\u201d<\/p>\n<p style=\"text-align: justify;\">Chiunque voglia avvicinarsi a questa bellissima iniziativa, pu\u00f2 farlo il 20 ottobre, il 27 ottobre, il 03 novembre ed il 10 novembre, sempre dalle 10.00 alle 12.00. Tutti gli incontri sono dedicati ai bambini e ragazzi dagli 8 ai 15 anni con gli amici a 4 zampe e sono totalmente gratuiti.<\/p>\n<p><object width=\"640\" height=\"480\"><param name=\"flashvars\" value=\"offsite=true&amp;lang=it-it&amp;page_show_url=%2Fphotos%2F91470992%40N02%2Fsets%2F72157636787863095%2Fshow%2F&amp;page_show_back_url=%2Fphotos%2F91470992%40N02%2Fsets%2F72157636787863095%2F&amp;set_id=72157636787863095&amp;jump_to=\" \/><param name=\"movie\" value=\"http:\/\/www.flickr.com\/apps\/slideshow\/show.swf?v=124984\" \/><param name=\"allowFullScreen\" value=\"true\" \/><embed type=\"application\/x-shockwave-flash\" src=\"http:\/\/www.flickr.com\/apps\/slideshow\/show.swf?v=124984\" allowfullscreen=\"true\" flashvars=\"offsite=true&amp;lang=it-it&amp;page_show_url=%2Fphotos%2F91470992%40N02%2Fsets%2F72157636787863095%2Fshow%2F&amp;page_show_back_url=%2Fphotos%2F91470992%40N02%2Fsets%2F72157636787863095%2F&amp;set_id=72157636787863095&amp;jump_to=\" width=\"640\" height=\"480\" \/><\/object><\/p>\n","protected":false},"excerpt":{"rendered":"<p><img loading=\"lazy\" decoding=\"async\" src=\"http:\/\/farm6.staticflickr.com\/5530\/10399576876_dce9ae1bda_n.jpg\" width=\"320\" height=\"239\" alt=\"1385429_10201445162242367_1028459741_n\" \/><\/p>\n","protected":false},"author":1,"featured_media":0,"comment_status":"open","ping_status":"closed","sticky":false,"template":"","format":"standard","meta":{"colormag_page_container_layout":"default_layout","colormag_page_sidebar_layout":"default_layout","footnotes":""},"categories":[6],"tags":[],"class_list":["post-11506","post","type-post","status-publish","format-standard","hentry","category-cultura"],"_links":{"self":[{"href":"https:\/\/archivioturi.lavocedelpaese.info\/index.php\/wp-json\/wp\/v2\/posts\/11506","targetHints":{"allow":["GET"]}}],"collection":[{"href":"https:\/\/archivioturi.lavocedelpaese.info\/index.php\/wp-json\/wp\/v2\/posts"}],"about":[{"href":"https:\/\/archivioturi.lavocedelpaese.info\/index.php\/wp-json\/wp\/v2\/types\/post"}],"author":[{"embeddable":true,"href":"https:\/\/archivioturi.lavocedelpaese.info\/index.php\/wp-json\/wp\/v2\/users\/1"}],"replies":[{"embeddable":true,"href":"https:\/\/archivioturi.lavocedelpaese.info\/index.php\/wp-json\/wp\/v2\/comments?post=11506"}],"version-history":[{"count":0,"href":"https:\/\/archivioturi.lavocedelpaese.info\/index.php\/wp-json\/wp\/v2\/posts\/11506\/revisions"}],"wp:attachment":[{"href":"https:\/\/archivioturi.lavocedelpaese.info\/index.php\/wp-json\/wp\/v2\/media?parent=11506"}],"wp:term":[{"taxonomy":"category","embeddable":true,"href":"https:\/\/archivioturi.lavocedelpaese.info\/index.php\/wp-json\/wp\/v2\/categories?post=11506"},{"taxonomy":"post_tag","embeddable":true,"href":"https:\/\/archivioturi.lavocedelpaese.info\/index.php\/wp-json\/wp\/v2\/tags?post=11506"}],"curies":[{"name":"wp","href":"https:\/\/api.w.org\/{rel}","templated":true}]}}