{"id":1150,"date":"2010-01-04T09:36:03","date_gmt":"2010-01-04T09:36:03","guid":{"rendered":"https:\/\/archivioturi.lavocedelpaese.info\/index.php\/2010\/01\/04\/unultima-occhiata-al-2009\/"},"modified":"2010-01-04T09:36:03","modified_gmt":"2010-01-04T09:36:03","slug":"unultima-occhiata-al-2009","status":"publish","type":"post","link":"https:\/\/archivioturi.lavocedelpaese.info\/index.php\/2010\/01\/04\/unultima-occhiata-al-2009\/","title":{"rendered":"DIAMO UN\u2019ULTIMA OCCHIATA AL 2009"},"content":{"rendered":"<p><img loading=\"lazy\" decoding=\"async\" class=\" size-full wp-image-182\" src=\"https:\/\/archivioturi.lavocedelpaese.info\/wp-content\/uploads\/2009\/08\/occhiosalato.jpg\" alt=\"occhiosalato\" height=\"150\" width=\"320\" \/> <\/p>\n<p style=\"text-align: justify;\"><span style=\"font-size: 10pt;\"><span style=\"font-family: verdana,geneva;\"><strong>Gennaio: <\/strong><\/span><\/span><span style=\"font-size: 10pt;\"><span style=\"font-family: verdana,geneva;\"><img loading=\"lazy\" decoding=\"async\" class=\" alignright size-full wp-image-1141\" src=\"https:\/\/archivioturi.lavocedelpaese.info\/wp-content\/uploads\/2010\/01\/sindaco.jpg\" alt=\"sindaco\" style=\"margin-top: 10px; margin-bottom: 10px; margin-left: 10px; float: right;\" height=\"203\" width=\"131\" srcset=\"https:\/\/archivioturi.lavocedelpaese.info\/wp-content\/uploads\/2010\/01\/sindaco.jpg 205w, https:\/\/archivioturi.lavocedelpaese.info\/wp-content\/uploads\/2010\/01\/sindaco-194x300.jpg 194w\" sizes=\"auto, (max-width: 131px) 100vw, 131px\" \/><\/span><\/span><\/p>\n<div style=\"text-align: justify;\"><\/div>\n<p style=\"text-align: justify;\"><span style=\"font-size: 10pt;\"><span style=\"font-family: verdana,geneva;\">Il 2 gennaio 2009 su un giornale locale, ad una domanda dell\u2019intervistatore<\/span><\/span><span style=\"font-size: 10pt;\"><span style=\"font-family: verdana,geneva;\"> <\/span><\/span><span style=\"font-size: 10pt;\"><span style=\"font-family: verdana,geneva;\">ufficiale del sindaco di Turi, Vincenzo Gigantelli cos\u00ec risponde: \u201cLo stato di salute della mia Giunta? Ci troviamo in una condizione \u00a0di equilibrio soddisfacente\u201d. Sar\u00e0 smentito dai fatti e da se stesso appena un mese dopo. Un rimpasto tanto inaspettato quanto clamoroso susciter\u00e0 tante polemiche: sia per l\u2019uscita di Denovellis, sia per l\u2019entrata di D\u2019Autilia. Il 2009 sar\u00e0 l\u2019anno in cui il nostro sindaco tenter\u00e0 (riuscendoci) di fare pi\u00f9 volte\u00a0il contrario di ci\u00f2 che lui stesso aveva detto, affermato, dichiarato, scritto.<\/span><\/span><\/p>\n<div style=\"text-align: justify;\"><\/div>\n<p style=\"text-align: justify;\"><span style=\"font-size: 10pt;\"><span style=\"font-family: verdana,geneva;\"><strong>Febbraio:<\/strong><\/span><\/span><\/p>\n<div style=\"text-align: justify;\"><\/div>\n<p style=\"text-align: justify;\"><span style=\"font-size: 10pt;\"><span style=\"font-family: verdana,geneva;\"><strong> <\/strong>Il 17 febbraio 2009, l\u2019assessore ai Lavori pubblici Giuseppe Denovellis \u00e8 sfiduciato, \u2018cacciato\u2019 da Gigantelli che gli revoca le deleghe e gli d\u00e0 il benservito per \u201ccomportamenti non conformi e rispettosi nei confronti del sindaco e dell\u2019amministrazione\u201d. Il capogruppo del Pdl, Piero Palasciano, <img loading=\"lazy\" decoding=\"async\" class=\" alignleft size-full wp-image-1142\" src=\"https:\/\/archivioturi.lavocedelpaese.info\/wp-content\/uploads\/2010\/01\/denovellis.jpg\" alt=\"denovellis\" style=\"margin-top: 10px; margin-right: 10px; margin-bottom: 10px; float: left;\" height=\"152\" width=\"224\" \/>dichiara in Consiglio comunale: \u201cDenovellis ha commesso delle irregolarit\u00e0 nelle procedure di affidamento della zona Pip\u201d. Denovellis reagisce: \u201cAlla luce del rimpasto e dell\u2019ingresso in giunta di D\u2019Autilia, sono certo che si tratta di una volgare e sporca manovra politica\u201d. Nel frattempo l\u2019avvocato Gianfranco D\u2019Autilia, esponente dell\u2019 Idv, diventa assessore alla trasparenza, allo sviluppo economico, ecc. Si pensa che l\u2019idillio D\u2019Autilia-maggioranza \u00a0sia cominciato con un colloquio Boccardi-D\u2019Autilia il primo novembre 2008. Pochi giorni dopo la comparsa di manifesti dell\u2019opposizione contro l\u2019amministrazione firmati anche da D\u2019Autilia.<\/span><\/span><\/p>\n<div style=\"text-align: justify;\"><\/div>\n<p style=\"text-align: justify;\"><span style=\"font-size: 10pt;\"><span style=\"font-family: verdana,geneva;\"><strong>Marzo: <\/strong><\/span><\/span><\/p>\n<div style=\"text-align: justify;\"><\/div>\n<p style=\"text-align: justify;\"><span style=\"font-size: 10pt;\"><span style=\"font-family: verdana,geneva;\">Si continua a parlare di Denovellis silurato e del salto eseguito da D\u2019Autilia dalla minoranza alla maggioranza. Un salto in confronto al quale quello di Palasciano diventa un \u2018saltino\u2019. In una conferenza stampa gli esponenti della minoranza \u2018sparano\u2019 su D\u2019Autilia ma \u00e8 come se sparassero sulla Croce rossa. Colpisce la posizione della Resta che sorvola sul passaggio dell\u2019avvocato nella maggioranza, soffermandosi sui motivi \u201cpretestuosi\u201d elencati nel documento politico con cui questo passaggio viene motivato.<\/span><\/span><\/p>\n<div style=\"text-align: justify;\"><\/div>\n<p style=\"text-align: justify;\"><span style=\"font-size: 10pt;\"><span style=\"font-family: verdana,geneva;\">Intanto, dopo tante voci e tanto parlare, diventano ufficiali le candidature alle provinciali di Onofrio Resta e Paolo Tundo. Il primo nella \u2018Puglia prima di tutto\u2019, il secondo nella \u2018Lista Schittulli\u2019. Tutti e due affermano che (udite, udite!) \u00e8 importante avere un turese alla Provincia e che loro si presentano nell\u2019interesse della nostra collettivit\u00e0. Qualcuno propone: Resta e Tundo, santi subito!<\/span><\/span><\/p>\n<div style=\"text-align: justify;\"><\/div>\n<p style=\"text-align: justify;\"><span style=\"font-size: 10pt;\"><span style=\"font-family: verdana,geneva;\"><strong>Aprile: <\/strong><\/span><\/span><\/p>\n<div style=\"text-align: justify;\"><\/div>\n<p style=\"text-align: justify;\"><span style=\"font-size: 10pt;\"><span style=\"font-family: verdana,geneva;\">E\u2019 il momento del\u00a0 Pedibus. Una quarantina di bambini percorrono le strade di Turi con casacche fosforescenti. Vanno a scuola usufruendo di mezzi di locomozione particolari: i piedi. Bambini e mamme entusiasti. L\u2019assessore De Florio anche di pi\u00f9. In seguito l\u2019entusiasmo calato e il maltempo riducono\u00a0 il numero dei bambini a meno di dieci. Resta comunque un progetto di avanguardia.<img loading=\"lazy\" decoding=\"async\" class=\" alignright size-full wp-image-1143\" src=\"https:\/\/archivioturi.lavocedelpaese.info\/wp-content\/uploads\/2010\/01\/pedibus.jpg\" alt=\"pedibus\" style=\"margin-top: 10px; margin-bottom: 10px; margin-left: 10px; float: right;\" height=\"182\" width=\"274\" srcset=\"https:\/\/archivioturi.lavocedelpaese.info\/wp-content\/uploads\/2010\/01\/pedibus.jpg 314w, https:\/\/archivioturi.lavocedelpaese.info\/wp-content\/uploads\/2010\/01\/pedibus-300x200.jpg 300w\" sizes=\"auto, (max-width: 274px) 100vw, 274px\" \/><\/span><\/span><\/p>\n<div style=\"text-align: justify;\"><\/div>\n<p style=\"text-align: justify;\"><span style=\"font-size: 10pt;\"><span style=\"font-family: verdana,geneva;\">L\u20198 aprile 2009 rinasce\u00a0 la nuova Pro loco. Presidente il trentenne Giuseppe Mezzapesa. Promette: \u201cPer Pasqua 2010 abbiamo l\u2019idea di organizzare una \u2018Passione vivente\u2019 come quella di Conversano\u201d.<\/span><\/span><\/p>\n<div style=\"text-align: justify;\"><\/div>\n<p style=\"text-align: justify;\"><span style=\"font-size: 10pt;\"><span style=\"font-family: verdana,geneva;\">Intanto Angelo Matteo Genghi si candida alle Provinciali: \u201cMi basterebbero 1000-1500 voti nel collegio per diventare consigliere provinciale\u201d.<\/span><\/span><\/p>\n<div style=\"text-align: justify;\"><\/div>\n<p style=\"text-align: justify;\"><span style=\"font-size: 10pt;\"><span style=\"font-family: verdana,geneva;\">TuriExpo 2009 \u00e8 un piccolo grande flop. Affluenza scarsa. Dalle 25 mila presenze del 2008 si \u00e8 passati alle 10 mila di quest\u2019anno. Tutti si interrogano sulle cause. Solo colpa del maltempo? Mentre\u00a0l\u2019assessore Cazzetta chiosa cos\u00ec: \u201cLa qualit\u00e0 della Fiera di quest\u2019 anno \u00e8 superiore all\u2019anno scorso\u201d.<\/span><\/span><\/p>\n<div style=\"text-align: justify;\"><\/div>\n<p style=\"text-align: justify;\"><span style=\"font-size: 10pt;\"><span style=\"font-family: verdana,geneva;\"><strong>Maggio: <\/strong><\/span><\/span><\/p>\n<p style=\"text-align: justify;\"><span style=\"font-size: 10pt;\"><span style=\"font-family: verdana,geneva;\">Primi comizi dei candidati alle provinciali davanti a 4 gatti. Si candida anche il dottor Denovellis nell\u2019Alleanza di Centro e sentenzia: \u201cMi candido non per partecipare ma per vincere\u201d. L\u2019unico candidato <\/span><\/span><span style=\"font-size: 10pt;\"><span style=\"font-family: verdana,geneva;\"><img loading=\"lazy\" decoding=\"async\" class=\" alignleft size-full wp-image-1144\" src=\"https:\/\/archivioturi.lavocedelpaese.info\/wp-content\/uploads\/2010\/01\/bari.jpg\" alt=\"bari\" style=\"margin-top: 10px; margin-right: 10px; margin-bottom: 10px; float: left;\" height=\"183\" width=\"275\" \/><\/span><\/span><span style=\"font-size: 10pt;\"><span style=\"font-family: verdana,geneva;\">turese del centro-sinistra \u00e8 Menico Coladonato nei Verdi. Giovanni Settanni invece \u00e8 candidato consigliere alle Amministrative di Rutigliano in una lista civica di centro-destra.<\/span><\/span><\/p>\n<div style=\"text-align: justify;\"><\/div>\n<p style=\"text-align: justify;\"><span style=\"font-size: 10pt;\"><span style=\"font-family: verdana,geneva;\">La squadra di calcio del Bari, appena promossa in serie A, viene a festeggiare la promozione a Turi. A piazza Venusio tantissimi tifosi con bandiere e striscioni fanno festa con Gillet e compagni, con Antonio Conte e Vincenzo Matarrese. Sono diretti presso la \u2018Chiusa di Chietri\u2019 per un incontro organizzato\u00a0dal Rotary club di Putignano di cui il presidente \u00e8 il candidato provinciale Onofrio Resta in piena campagna elettorale. E qui si chiude il cerchio.<\/span><\/span><\/p>\n<div style=\"text-align: justify;\"><\/div>\n<p style=\"text-align: justify;\"><span style=\"font-size: 10pt;\"><span style=\"font-family: verdana,geneva;\"><strong>Giugno:<\/strong><\/span><\/span><\/p>\n<div style=\"text-align: justify;\"><\/div>\n<p style=\"text-align: justify;\"><span style=\"font-size: 10pt;\"><span style=\"font-family: verdana,geneva;\">Il settimanale Fax sfodera la terza pagina per parlare delle \u201cAllucinazioni di Natalino Ventrella\u201d. L\u2019articolista non si firma e scrive: \u201cIl consigliere comunale Ventrella ha le traveggole. Ha fatto indigestione di ciliegie. Una cosa \u00e8 certa. Sta male. Dovrebbe farsi curare\u201d. Tutto nasce d<\/span><\/span><span style=\"font-size: 10pt;\"><span style=\"font-family: verdana,geneva;\"><img loading=\"lazy\" decoding=\"async\" class=\" alignright size-full wp-image-1145\" src=\"https:\/\/archivioturi.lavocedelpaese.info\/wp-content\/uploads\/2010\/01\/oronzo.jpg\" alt=\"oronzo\" style=\"margin-top: 10px; margin-bottom: 10px; margin-left: 10px; float: right;\" height=\"232\" width=\"155\" srcset=\"https:\/\/archivioturi.lavocedelpaese.info\/wp-content\/uploads\/2010\/01\/oronzo.jpg 209w, https:\/\/archivioturi.lavocedelpaese.info\/wp-content\/uploads\/2010\/01\/oronzo-200x300.jpg 200w\" sizes=\"auto, (max-width: 155px) 100vw, 155px\" \/><\/span><\/span><span style=\"font-size: 10pt;\"><span style=\"font-family: verdana,geneva;\">a una lettera diffusa da Ventrella secondo il quale la \u201ccasta\u201d sarebbe intervenuta per censurar<\/span><\/span><span style=\"font-size: 10pt;\"><span style=\"font-family: verdana,geneva;\">e il servizio sulle sue ciliegie portate in Parlamento.<\/span><\/span><\/p>\n<div style=\"text-align: justify;\"><\/div>\n<p style=\"text-align: justify;\"><span style=\"font-size: 10pt;\"><span style=\"font-family: verdana,geneva;\">Mister Carlo Ancelotti, ex allenatore del Milan e attuale coach del Chelsea, viene accolto da un mare di gente in sala consiliare e riceve il premio \u201cOronzo Pugliese\u201d dalle mani del sindaco Gigantelli e dal figlio del \u2018Mago di Turi\u2019, Matteo.<\/span><\/span><\/p>\n<div style=\"text-align: justify;\"><\/div>\n<p style=\"text-align: justify;\"><span style=\"font-size: 10pt;\"><span style=\"font-family: verdana,geneva;\">Alle elezioni provinciali ce la fa Onofrio Resta con 2840 voti. Riesce\u00a0 pure ad essere assessore. A Tundo invece non bastano 2250 voti. Genghi prende 149 preferenze. Crolla il Partito democratico.<\/span><\/span><\/p>\n<div style=\"text-align: justify;\"><\/div>\n<p style=\"text-align: justify;\"><span style=\"font-size: 10pt;\"><span style=\"font-family: verdana,geneva;\">Crolla anche il mercato delle ciliegie Ferrovie, che sono di meno rispetto al 2008. Per non parlare di un buon 30 per cento di prodotto danneggiato dalla pioggia nell\u2019ultimo periodo del\u00a0raccolto.<\/span><\/span><\/p>\n<div style=\"text-align: justify;\"><\/div>\n<p style=\"text-align: justify;\"><span style=\"font-size: 10pt;\"><span style=\"font-family: verdana,geneva;\"><strong>Luglio: <\/strong><\/span><\/span><\/p>\n<p style=\"text-align: justify;\"><span style=\"font-size: 10pt;\"><span style=\"font-family: verdana,geneva;\">Tra il <\/span><\/span><span style=\"font-size: 10pt;\"><span style=\"font-family: verdana,geneva;\"><img loading=\"lazy\" decoding=\"async\" class=\" alignleft size-full wp-image-577\" src=\"https:\/\/archivioturi.lavocedelpaese.info\/wp-content\/uploads\/2009\/10\/palazzetto-interno.jpg\" alt=\"palazzetto-interno\" style=\"margin-top: 10px; margin-right: 10px; margin-bottom: 10px; float: left;\" height=\"113\" width=\"234\" srcset=\"https:\/\/archivioturi.lavocedelpaese.info\/wp-content\/uploads\/2009\/10\/palazzetto-interno.jpg 410w, https:\/\/archivioturi.lavocedelpaese.info\/wp-content\/uploads\/2009\/10\/palazzetto-interno-300x146.jpg 300w\" sizes=\"auto, (max-width: 234px) 100vw, 234px\" \/><\/span><\/span><span style=\"font-size: 10pt;\"><span style=\"font-family: verdana,geneva;\">dire e il fare\u2026 ce ne passa! Ne sa qualcosa il nostro sindaco che, all\u2019inizio del 2009, avendo dato <\/span><\/span><span style=\"font-size: 10pt;\"><span style=\"font-family: verdana,geneva;\">l\u2019approvazione del Pug (Piano urbanistico generale) per il mese di marzo, deve ammettere\u00a0 che si \u00e8 a <\/span><\/span><span style=\"font-size: 10pt;\"><span style=\"font-family: verdana,geneva;\">luglio e tutto \u00e8 fermo. Sarebbe meglio fare meno proclami e pi\u00f9 fatti. Altrimenti si fa la figura dell\u2019ex sindaco, Nico(la) De Grisantis che, durante il suo mandato, ogni anno dava per certa l\u2019inaugurazione del Palazzetto dello Sport. Alla fine pass\u00f2 il testimone al sindaco Gigantelli senza averlo visto ultimato. Per chi non lo sapesse, ancor\u2019oggi non \u00e8 stato inaugurato.<\/span><\/span><\/p>\n<div style=\"text-align: justify;\"><\/div>\n<p style=\"text-align: justify;\"><span style=\"font-size: 10pt;\"><span style=\"font-family: verdana,geneva;\"><strong>Agosto<\/strong>:<\/span><\/span><\/p>\n<div style=\"text-align: justify;\"><\/div>\n<p style=\"text-align: justify;\"><span style=\"font-size: 10pt;\"><span style=\"font-family: verdana,geneva;\">E\u2019 il mese del \u2018pastrocchio\u2019 di via Lorenzo Scarnera. Non avessero mai iniziato con i cambiamenti in quel rione! Siamo all\u2019effetto \u2018coperta di Linus\u2019: risolvi i problemi di una strada e ne crei ad altre. Ad esempio adesso via Francesco Valentini \u00a0subisce tanto traffico malgrado sia una <\/span><\/span><span style=\"font-size: 10pt;\"><span style=\"font-family: verdana,geneva;\"><img loading=\"lazy\" decoding=\"async\" class=\" alignright size-full wp-image-136\" src=\"https:\/\/archivioturi.lavocedelpaese.info\/wp-content\/uploads\/2009\/07\/santoronzo.jpg\" alt=\"santoronzo\" style=\"margin-top: 10px; margin-bottom: 10px; margin-left: 10px; float: right;\" height=\"156\" width=\"321\" srcset=\"https:\/\/archivioturi.lavocedelpaese.info\/wp-content\/uploads\/2009\/07\/santoronzo.jpg 410w, https:\/\/archivioturi.lavocedelpaese.info\/wp-content\/uploads\/2009\/07\/santoronzo-300x146.jpg 300w\" sizes=\"auto, (max-width: 321px) 100vw, 321px\" \/><\/span><\/span><span style=\"font-size: 10pt;\"><span style=\"font-family: verdana,geneva;\">strada con molte controindicazioni. Come uscire dalla palude in cui ci si \u00e8 impe<\/span><\/span><span style=\"font-size: 10pt;\"><span style=\"font-family: verdana,geneva;\"> <\/span><\/span><span style=\"font-size: 10pt;\"><span style=\"font-family: verdana,geneva;\"> <\/span><\/span><span style=\"font-size: 10pt;\"><span style=\"font-family: verdana,geneva;\">lagati?<\/span><\/span><span style=\"font-size: 10pt;\"><span style=\"font-family: verdana,geneva;\"> <\/span><\/span><\/p>\n<div style=\"text-align: justify;\"><\/div>\n<p style=\"text-align: justify;\"><span style=\"font-size: 10pt;\"><span style=\"font-family: verdana,geneva;\">Emozionante e spettacolare come sempre l\u2019arrivo del Carro di sant\u2019Oronzo, come emozionante \u00e8 stata la partenza. Quest&#8217; anno \u00e8 stato tutto ripreso da Turiweb. La cosa incredibile, strana, \u00e8 che alcune famiglie turesi, pur avendo la possibilit\u00e0 di vedere il Carro dal vero, lo hanno visto al monitor del pc. Dalla partenza all&#8217;arrivo, il Carro \u00e8 andato cos\u00ec bene che ha zittito le chiacchiere sul pallone aerostatico non partito per il vento. Vento che non c&#8217;era&#8230;<\/span><\/span><\/p>\n<div style=\"text-align: justify;\"><\/div>\n<p style=\"text-align: justify;\"><span style=\"font-size: 10pt;\"><span style=\"font-family: verdana,geneva;\"><strong>Settembre<\/strong>:<\/span><\/span><\/p>\n<div style=\"text-align: justify;\"><\/div>\n<p style=\"text-align: justify;\"><span style=\"font-size: 10pt;\"><span style=\"font-family: verdana,geneva;\">Siamo 12mila abitanti. Raggiunto un traguardo fino a qualche anno fa impensabile. Ma a che prezzo! La cementificazione selvaggia ha cambiato i connotati al paese. Turi \u00e8 diventato un paese multi-etnico, multi-razziale, multi-generazionale, multi-culturale, multi-colore, multi-lingue, multi-sonante, multi-MULTE. Ringraziamo per il raggiungimento dei 12 mila abitanti la Giunta De Grisantis e la Giunta Gigantelli. Nessun ringraziamento invece va per la cementificazione selvaggia.<\/span><\/span><\/p>\n<div style=\"text-align: justify;\"><\/div>\n<p style=\"text-align: justify;\"><span style=\"font-size: 10pt;\"><span style=\"font-family: verdana,geneva;\"><img loading=\"lazy\" decoding=\"async\" class=\" alignleft size-full wp-image-990\" src=\"https:\/\/archivioturi.lavocedelpaese.info\/wp-content\/uploads\/2009\/12\/cinema.jpg\" alt=\"cinema\" style=\"margin-top: 10px; margin-bottom: 10px; margin-right: 10px; float: left;\" height=\"141\" width=\"300\" srcset=\"https:\/\/archivioturi.lavocedelpaese.info\/wp-content\/uploads\/2009\/12\/cinema.jpg 640w, https:\/\/archivioturi.lavocedelpaese.info\/wp-content\/uploads\/2009\/12\/cinema-300x141.jpg 300w\" sizes=\"auto, (max-width: 300px) 100vw, 300px\" \/><\/span><\/span><span style=\"font-size: 10pt;\"><span style=\"font-family: verdana,geneva;\"><strong>Ex-cinema Zaccheo.<\/strong><strong> <\/strong>Gigantelli decide di far demolire la struttura, e di vendere il suolo risultante. Al posto del cinema nascer\u00e0 un palazzo di sei piani con 36 appartamenti. Non sono d&#8217;accordo. E neanche Gigantelli \u00e8 d&#8217;accordo con se stesso. Infatti nel suo programma per le elezioni amministrative, \u00e8 scritto che quella struttura sarebbe stata destinata ad accogliere manifestazioni culturali-ricreative. Mi chiedo: perch\u00e8 si presenta un programma elettorale se poi si cambia idea e non si tiene conto di quello in base al quale gli elettori ti danno il voto?<\/span><\/span><\/p>\n<div style=\"text-align: justify;\"><\/div>\n<p style=\"text-align: justify;\"><span style=\"font-size: 10pt;\"><span style=\"font-family: verdana,geneva;\"><strong>Ottobre<\/strong>:<\/span><\/span><\/p>\n<div style=\"text-align: justify;\"><\/div>\n<p style=\"text-align: justify;\"><span style=\"font-size: 10pt;\"><span style=\"font-family: verdana,geneva;\"><strong>Villa Menelao Turi<\/strong><strong>.<\/strong><strong> <\/strong>Serie B1 di pallavolo. Prime due partite. Prime due nette vittorie. Primo posto in classifica. E a Potenza una partita-gioiello. Da incorniciare. Dav<\/span><\/span><span style=\"font-size: 10pt;\"><span style=\"font-family: verdana,geneva;\"><img loading=\"lazy\" decoding=\"async\" class=\" alignright size-full wp-image-957\" src=\"https:\/\/archivioturi.lavocedelpaese.info\/wp-content\/uploads\/2009\/12\/pallavolo_maschile_rosa.jpg\" alt=\"pallavolo_maschile_rosa\" style=\"margin: 10px 0px 10px 10px; float: right;\" height=\"141\" width=\"300\" srcset=\"https:\/\/archivioturi.lavocedelpaese.info\/wp-content\/uploads\/2009\/12\/pallavolo_maschile_rosa.jpg 640w, https:\/\/archivioturi.lavocedelpaese.info\/wp-content\/uploads\/2009\/12\/pallavolo_maschile_rosa-300x141.jpg 300w\" sizes=\"auto, (max-width: 300px) 100vw, 300px\" \/><\/span><\/span><span style=\"font-size: 10pt;\"><span style=\"font-family: verdana,geneva;\">anti a parecchi tifosi turesi. Sta succedendo qualcosa di fantastico. Chi l&#8217;ha detto che a Turi tutto dura una notte? Stiamo imparando ad affezionarci alle cose in cui crediamo. A non farle morire. E non permettiamo a nessuno che ci faccia smettere di sognare. Un gruppo di poche ma determinate persone\u00a0 ha inventato un bellissimo sogno: la grande pallavolo.<\/span><\/span><\/p>\n<div style=\"text-align: justify;\"><\/div>\n<p style=\"text-align: justify;\"><span style=\"font-size: 10pt;\"><span style=\"font-family: verdana,geneva;\">Conturband. E&#8217; una grande idea. Tanta preparazione, tanta dedizione alla musica. E&#8217; la genialit\u00e0 turese che ogni tanto viene fuori, stavolta sotto forma di suonatori virtuosi e conturbanti. E&#8217; la dimostrazione concreta della nostra creativit\u00e0 che riaffiora quando meno te l&#8217;aspetti. Complimenti, ragazzi e&#8230; auguri!<\/span><\/span><\/p>\n<div style=\"text-align: justify;\"><\/div>\n<p style=\"text-align: justify;\"><span style=\"font-size: 10pt;\"><span style=\"font-family: verdana,geneva;\"><strong>Aniello Greco.<\/strong><strong> <\/strong>Giornalista. Di origine campana. Ha mantenuto una bella cadenza simil-napoletana. Scrive di tutto: dalla politica allo sport. Scrive su tutto. Scoperto di notte a scrivere sui muri. Se non scrive sta male. Se sta male scrive. E riempie di suoi scritti Fax. Quando a casa sua lo cercano e non lo trovano, \u00e8 confuso fra i suoi articoli, fra le pagine di Fax.<\/span><\/span><\/p>\n<div style=\"text-align: justify;\"><\/div>\n<p style=\"text-align: justify;\"><span style=\"font-size: 10pt;\"><span style=\"font-family: verdana,geneva;\"><strong>Novembre<\/strong> :<\/span><\/span><\/p>\n<div style=\"text-align: justify;\"><\/div>\n<p style=\"text-align: justify;\"><span style=\"font-size: 10pt;\"><span style=\"font-family: verdana,geneva;\"><strong>Paolo Tundo aiuta \u2018Pedro\u2019.<\/strong> A Tundo, Tosto, Tenace e Testardo va il merito di aver risolto\u00a0 il problema dell\u2019alloggio a \u2018Pedro\u2019. In tanti anni tutti hanno tentato di tutto (qualcuno ha pure fatto finta di fare tutto\u2026) per riuscire nel tentativo, ma tutto \u00e8 rimasto com\u2019era. Tanto \u00e8 vero che nessuno pi\u00f9 ha mosso un dito&#8230; Ha pensato che Pedro stesse bene come stava. Solamente Tundo ha continuato a lavorare c<\/span><\/span><span style=\"font-size: 10pt;\"><span style=\"font-family: verdana,geneva;\"> <\/span><\/span><span style=\"font-size: 10pt;\"><span style=\"font-family: verdana,geneva;\">ome una talpa \u2018s\u00f2tte pe s\u00f2tte\u2019, risolvendo tutto. E allora, tutti in piedi sopra il divano, Tundo c\u2019\u00e8.<\/span><\/span><\/p>\n<div style=\"text-align: justify;\"><\/div>\n<p style=\"text-align: justify;\"><span style=\"font-size: 10pt;\"><span style=\"font-family: verdana,geneva;\"><strong>SS 172, 15mila firme raggiunte.<\/strong><strong> <\/strong>Da portare in Parlamento. Malgrado lo scetticismo che circondava il p<\/span><\/span><span style=\"font-size: 10pt;\"><span style=\"font-family: verdana,geneva;\">romotore della iniziativa, l\u2019ex sindaco di Turi, Nico(la) De Grisantis, si \u00e8 raggiunto il sospirato traguardo.<\/span><\/span><\/p>\n<div style=\"text-align: justify;\"><\/div>\n<p style=\"text-align: justify;\"><span style=\"font-size: 10pt;\"><span style=\"font-family: verdana,geneva;\"><strong>Palestra polifunzionale<\/strong><strong>.<\/strong><strong> <\/strong>Volgarmente detto Palazzetto dello sport. Finalmente per\u00f2 (poli)funzionante. Finita a tempo di record (<\/span><\/span><span style=\"font-size: 10pt;\"><span style=\"font-family: verdana,geneva;\"> <\/span><\/span><span style=\"font-size: 10pt;\"><span style=\"font-family: verdana,geneva;\">6 anni!!). Per giunta anche esteticamente bruttina. E poi, essendo POLI-funzionale, perch\u00e9 \u00e8 concessa solo alle squadre di volley? Se mai, MONO-funzionale. A proposito di nomi, Turiweb ha sollecitato un sondaggio su come chiamarla. C\u2019\u00e8 chi la vuole legare a sant\u2019Oronzo, chi a Oronzo Pugliese, chi a Cifuni, chi a Giovanni Paolo II. E se si chiamasse Palestra Polifunzionale \u201cDei Ciliegi\u201d? Staremo a vedere. Doveva inaugurarsi prima di Natale, invece\u2026<\/span><\/span><\/p>\n<div style=\"text-align: justify;\"><\/div>\n<p style=\"text-align: justify;\"><span style=\"font-size: 10pt;\"><span style=\"font-family: verdana,geneva;\"><strong>Dicembre: <\/strong><\/span><\/span><\/p>\n<div style=\"text-align: justify;\"><\/div>\n<p style=\"text-align: justify;\"><span style=\"font-size: 10pt;\"><span style=\"font-family: verdana,geneva;\"> <\/span><\/span><span style=\"font-size: 10pt;\"><span style=\"font-family: verdana,geneva;\"><strong><img loading=\"lazy\" decoding=\"async\" class=\" alignleft size-full wp-image-1146\" src=\"https:\/\/archivioturi.lavocedelpaese.info\/wp-content\/uploads\/2010\/01\/firme.jpg\" alt=\"firme\" style=\"margin: 10px 10px 10px 0px; float: left;\" height=\"200\" width=\"300\" srcset=\"https:\/\/archivioturi.lavocedelpaese.info\/wp-content\/uploads\/2010\/01\/firme.jpg 1535w, https:\/\/archivioturi.lavocedelpaese.info\/wp-content\/uploads\/2010\/01\/firme-300x200.jpg 300w, https:\/\/archivioturi.lavocedelpaese.info\/wp-content\/uploads\/2010\/01\/firme-1024x682.jpg 1024w, https:\/\/archivioturi.lavocedelpaese.info\/wp-content\/uploads\/2010\/01\/firme-768x511.jpg 768w\" sizes=\"auto, (max-width: 300px) 100vw, 300px\" \/><\/strong><\/span><\/span><span style=\"font-size: 10pt;\"><span style=\"font-family: verdana,geneva;\"><strong>Consegna firme SS 172<\/strong>.<strong> <\/strong>Alla presenza di un pullman di Turesi. Alla presenza degli inviati della stampa locale. Alla presenza degli esponenti turesi della \u2018Puglia prima di tutto\u2019. Alla presenza del presidente della Camera,\u00a0Gianfranco Fini. E\u2026 alla presenza del \u2018deus ex-machina\u2019 dell\u2019operazione \u201cFirme per la 172\u201d, Nico(la) De Grisantis, conosciuto ormai come \u201cIl Caterpillar delle petizioni\u201d.<\/span><\/span><span style=\"font-size: 10pt;\"><span style=\"font-family: verdana,geneva;\"> <\/span><\/span><\/p>\n<div style=\"text-align: justify;\"><\/div>\n<p style=\"text-align: justify;\"><span style=\"font-size: 10pt;\"><span style=\"font-family: verdana,geneva;\"><strong>Fax settimanale<\/strong><strong>.<\/strong><strong> <\/strong>Preghiamo. Signor Fax dacci il nostro \u201cbellissimo\u201d incidente settimanale. In prima pagina e a colori. Spesso sono incidenti bellissimi. Veri capolavori. E che importa se a volte l\u2019incidente ha poco a che vedere con Turi. Un incidente spettacolare \u00e8 spettacolare. Sempre. \u00c8 manna dal cielo. E poi, un incidente \u2018spettacolare\u2019 \u00e8 di tutti. E merita la copertina. Nel 2009 su 51 numeri, 16 copertine del settimanale Fax sono dedicate ad incidenti stradali, 22 ad avvenimenti di cronaca nera. Cosa si deve fare per vendere qualche copia in pi\u00f9\u2026 <\/span><\/span><span style=\"font-size: 10pt;\"><span style=\"font-family: verdana,geneva;\"><img loading=\"lazy\" decoding=\"async\" class=\" alignright size-full wp-image-982\" src=\"https:\/\/archivioturi.lavocedelpaese.info\/wp-content\/uploads\/2009\/12\/mariangela_home.jpg\" alt=\"mariangela_home\" style=\"margin-top: 10px; margin-bottom: 10px; margin-left: 10px; float: right;\" height=\"141\" width=\"300\" srcset=\"https:\/\/archivioturi.lavocedelpaese.info\/wp-content\/uploads\/2009\/12\/mariangela_home.jpg 640w, https:\/\/archivioturi.lavocedelpaese.info\/wp-content\/uploads\/2009\/12\/mariangela_home-300x141.jpg 300w\" sizes=\"auto, (max-width: 300px) 100vw, 300px\" \/><\/span><\/span><\/p>\n<div style=\"text-align: justify;\"><\/div>\n<p style=\"text-align: justify;\"><span style=\"font-size: 10pt;\"><span style=\"font-family: verdana,geneva;\"><strong>Mariangela Giummarella.<\/strong><strong> <\/strong>Una nostra concittadina nel Cale<\/span><\/span><span style=\"font-size: 10pt;\"><span style=\"font-family: verdana,geneva;\"> <\/span><\/span><span style=\"font-size: 10pt;\"><span style=\"font-family: verdana,geneva;\">n<\/span><\/span><span style=\"font-size: 10pt;\"><span style=\"font-family: verdana,geneva;\"> <\/span><\/span><span style=\"font-size: 10pt;\"><span style=\"font-family: verdana,geneva;\">dario M<\/span><\/span><span style=\"font-size: 10pt;\"><span style=\"font-family: verdana,geneva;\"> <\/span><\/span><span style=\"font-size: 10pt;\"><span style=\"font-family: verdana,geneva;\">iss Grotte 2010. 18enne. Di professione bellissima! Mariangela rappresenta il mese di Febbraio. Pare che lei avesse espresso il desiderio di \u2018essere\u2019 Maggio. Ci piacerebbe sapere il motivo di questa preferenza che a noi sembra insignificante. Comunque dicono che sia contenta pure di \u2018essere\u2019 Febbraio. Contenta lei&#8230;<\/span><\/span><\/p>\n<p style=\"text-align: center;\">\u00a0<\/p>\n<p style=\"text-align: center;\"><strong><span style=\"font-size: 10pt;\"><span style=\"font-family: verdana,geneva;\">Boccardi, linea diretta con il premier!!!<\/span><\/span><\/strong><\/p>\n<p style=\"text-align: center;\"><strong><span style=\"font-size: 10pt;\"><span style=\"font-family: verdana,geneva;\"><img loading=\"lazy\" decoding=\"async\" class=\" size-full wp-image-1147\" src=\"https:\/\/archivioturi.lavocedelpaese.info\/wp-content\/uploads\/2010\/01\/10.jpg\" alt=\"10\" height=\"436\" width=\"640\" srcset=\"https:\/\/archivioturi.lavocedelpaese.info\/wp-content\/uploads\/2010\/01\/10.jpg 640w, https:\/\/archivioturi.lavocedelpaese.info\/wp-content\/uploads\/2010\/01\/10-300x204.jpg 300w\" sizes=\"auto, (max-width: 640px) 100vw, 640px\" \/><\/span><\/span><\/strong><strong> <\/strong><\/p>\n<p style=\"text-align: center;\"><span style=\"font-size: 10pt;\"><span style=\"font-family: verdana,geneva;\"><strong>Le prime pagine di Fax litigano\u00a0 fra di loro<\/strong><\/span><\/span><\/p>\n<p style=\"text-align: center;\"><span style=\"font-size: 10pt;\"><span style=\"font-family: verdana,geneva;\"><strong><img loading=\"lazy\" decoding=\"async\" class=\" size-full wp-image-1148\" src=\"https:\/\/archivioturi.lavocedelpaese.info\/wp-content\/uploads\/2010\/01\/11.jpg\" alt=\"11\" height=\"405\" width=\"640\" srcset=\"https:\/\/archivioturi.lavocedelpaese.info\/wp-content\/uploads\/2010\/01\/11.jpg 640w, https:\/\/archivioturi.lavocedelpaese.info\/wp-content\/uploads\/2010\/01\/11-300x190.jpg 300w\" sizes=\"auto, (max-width: 640px) 100vw, 640px\" \/><\/strong><\/span><\/span><\/p>\n<p style=\"text-align: center;\"><strong><span style=\"font-size: 10pt;\"><span style=\"font-family: verdana,geneva;\">Il consigliere Palasciano\u00a0 tra\u00a0 sonno e realt\u00e0 <\/span><\/span><\/strong><\/p>\n<p style=\"text-align: center;\"><strong><span style=\"font-size: 10pt;\"><span style=\"font-family: verdana,geneva;\"><img loading=\"lazy\" decoding=\"async\" class=\" size-full wp-image-1149\" src=\"https:\/\/archivioturi.lavocedelpaese.info\/wp-content\/uploads\/2010\/01\/ss.jpg\" alt=\"ss\" height=\"640\" width=\"453\" srcset=\"https:\/\/archivioturi.lavocedelpaese.info\/wp-content\/uploads\/2010\/01\/ss.jpg 453w, https:\/\/archivioturi.lavocedelpaese.info\/wp-content\/uploads\/2010\/01\/ss-212x300.jpg 212w\" sizes=\"auto, (max-width: 453px) 100vw, 453px\" \/><br \/><\/span><\/span><\/strong><\/p>\n","protected":false},"excerpt":{"rendered":"<p><img loading=\"lazy\" decoding=\"async\" class=\" size-full wp-image-182\" src=\"https:\/\/archivioturi.lavocedelpaese.info\/wp-content\/uploads\/2009\/08\/occhiosalato.jpg\" alt=\"occhiosalato\" height=\"150\" width=\"320\" \/> <\/p>\n","protected":false},"author":1,"featured_media":182,"comment_status":"open","ping_status":"closed","sticky":false,"template":"","format":"standard","meta":{"colormag_page_container_layout":"default_layout","colormag_page_sidebar_layout":"default_layout","footnotes":""},"categories":[4],"tags":[],"class_list":["post-1150","post","type-post","status-publish","format-standard","has-post-thumbnail","hentry","category-politica"],"_links":{"self":[{"href":"https:\/\/archivioturi.lavocedelpaese.info\/index.php\/wp-json\/wp\/v2\/posts\/1150","targetHints":{"allow":["GET"]}}],"collection":[{"href":"https:\/\/archivioturi.lavocedelpaese.info\/index.php\/wp-json\/wp\/v2\/posts"}],"about":[{"href":"https:\/\/archivioturi.lavocedelpaese.info\/index.php\/wp-json\/wp\/v2\/types\/post"}],"author":[{"embeddable":true,"href":"https:\/\/archivioturi.lavocedelpaese.info\/index.php\/wp-json\/wp\/v2\/users\/1"}],"replies":[{"embeddable":true,"href":"https:\/\/archivioturi.lavocedelpaese.info\/index.php\/wp-json\/wp\/v2\/comments?post=1150"}],"version-history":[{"count":0,"href":"https:\/\/archivioturi.lavocedelpaese.info\/index.php\/wp-json\/wp\/v2\/posts\/1150\/revisions"}],"wp:featuredmedia":[{"embeddable":true,"href":"https:\/\/archivioturi.lavocedelpaese.info\/index.php\/wp-json\/wp\/v2\/media\/182"}],"wp:attachment":[{"href":"https:\/\/archivioturi.lavocedelpaese.info\/index.php\/wp-json\/wp\/v2\/media?parent=1150"}],"wp:term":[{"taxonomy":"category","embeddable":true,"href":"https:\/\/archivioturi.lavocedelpaese.info\/index.php\/wp-json\/wp\/v2\/categories?post=1150"},{"taxonomy":"post_tag","embeddable":true,"href":"https:\/\/archivioturi.lavocedelpaese.info\/index.php\/wp-json\/wp\/v2\/tags?post=1150"}],"curies":[{"name":"wp","href":"https:\/\/api.w.org\/{rel}","templated":true}]}}