{"id":11495,"date":"2013-10-15T14:51:28","date_gmt":"2013-10-15T14:51:28","guid":{"rendered":"https:\/\/archivioturi.lavocedelpaese.info\/index.php\/2013\/10\/15\/ex-mattatoio-approvato-il-progetto-preliminare\/"},"modified":"2013-10-15T14:51:28","modified_gmt":"2013-10-15T14:51:28","slug":"ex-mattatoio-approvato-il-progetto-preliminare","status":"publish","type":"post","link":"https:\/\/archivioturi.lavocedelpaese.info\/index.php\/2013\/10\/15\/ex-mattatoio-approvato-il-progetto-preliminare\/","title":{"rendered":"Ex mattatoio: approvato il progetto preliminare"},"content":{"rendered":"<p><img loading=\"lazy\" decoding=\"async\" src=\"http:\/\/farm3.staticflickr.com\/2822\/10286531943_024aaa18c1_n.jpg\" width=\"320\" height=\"186\" alt=\"ex mattatoio turi\" \/><\/p>\n<p style=\"text-align: justify;\">Il primo ottobre, con delibera di Giunta Comunale n. 133, \u00e8 stato approvato il progetto preliminare relativo ai lavori di Ristrutturazione e adeguamento dell\u2019ex mattatoio comunale presente a Largo Pozzi. Il progetto \u00e8 stato redatto dalla R.T.P. Leopoldo Gigliobianco, Giannini Giuseppe, De Candia Maria, Surgo Carmine Amedeo, Falagario Gabriella Maria Raffaella, Bonaduce Carlo e prevede un importo complessivo di \u20ac 550.000,00. Il progetto si compone di una Relazione illustrativa (revisionato), il calcolo sommario della spesa (revisionato), la relazione tecnica (revisionato), le prime indicazioni e disposizioni per la&nbsp; stesura dei piani di sicurezza, il quadro economico di progetto(revisionato), la localizzazione e documentazione<\/p>\n<p style=\"text-align: justify;\">fotografica, le piante, i prospetti e le sezioni, le piante e le sezioni del progetto. L\u2019opera verr\u00e0 finanziata per \u20ac 450.000,00 con i fondi di cui alla misura 313 \u2013 azione 2 del PSL 2007\/2013 del GAL e per \u20ac100.000,00 con fondi di bilancio. Ricordiamo che l\u2019area, dopo la sua ristrutturazione, sar\u00e0 un centro di prima accoglienza per i turisti interessati a visitare il territorio e sar\u00e0 volto ad accogliere attivit\u00e0 di presentazione degli itinerari naturalistici, culturali ed enogastronomici.<\/p>\n","protected":false},"excerpt":{"rendered":"<p><img loading=\"lazy\" decoding=\"async\" src=\"http:\/\/farm3.staticflickr.com\/2822\/10286531943_024aaa18c1_n.jpg\" width=\"320\" height=\"186\" alt=\"ex mattatoio turi\" \/><\/p>\n","protected":false},"author":1,"featured_media":0,"comment_status":"open","ping_status":"closed","sticky":false,"template":"","format":"standard","meta":{"colormag_page_container_layout":"default_layout","colormag_page_sidebar_layout":"default_layout","footnotes":""},"categories":[7],"tags":[],"class_list":["post-11495","post","type-post","status-publish","format-standard","hentry","category-attualita"],"_links":{"self":[{"href":"https:\/\/archivioturi.lavocedelpaese.info\/index.php\/wp-json\/wp\/v2\/posts\/11495","targetHints":{"allow":["GET"]}}],"collection":[{"href":"https:\/\/archivioturi.lavocedelpaese.info\/index.php\/wp-json\/wp\/v2\/posts"}],"about":[{"href":"https:\/\/archivioturi.lavocedelpaese.info\/index.php\/wp-json\/wp\/v2\/types\/post"}],"author":[{"embeddable":true,"href":"https:\/\/archivioturi.lavocedelpaese.info\/index.php\/wp-json\/wp\/v2\/users\/1"}],"replies":[{"embeddable":true,"href":"https:\/\/archivioturi.lavocedelpaese.info\/index.php\/wp-json\/wp\/v2\/comments?post=11495"}],"version-history":[{"count":0,"href":"https:\/\/archivioturi.lavocedelpaese.info\/index.php\/wp-json\/wp\/v2\/posts\/11495\/revisions"}],"wp:attachment":[{"href":"https:\/\/archivioturi.lavocedelpaese.info\/index.php\/wp-json\/wp\/v2\/media?parent=11495"}],"wp:term":[{"taxonomy":"category","embeddable":true,"href":"https:\/\/archivioturi.lavocedelpaese.info\/index.php\/wp-json\/wp\/v2\/categories?post=11495"},{"taxonomy":"post_tag","embeddable":true,"href":"https:\/\/archivioturi.lavocedelpaese.info\/index.php\/wp-json\/wp\/v2\/tags?post=11495"}],"curies":[{"name":"wp","href":"https:\/\/api.w.org\/{rel}","templated":true}]}}