{"id":11481,"date":"2013-10-09T10:19:19","date_gmt":"2013-10-09T10:19:19","guid":{"rendered":"https:\/\/archivioturi.lavocedelpaese.info\/index.php\/2013\/10\/09\/berlusconi-piu-importante-della-172\/"},"modified":"2013-10-09T10:19:19","modified_gmt":"2013-10-09T10:19:19","slug":"berlusconi-piu-importante-della-172","status":"publish","type":"post","link":"https:\/\/archivioturi.lavocedelpaese.info\/index.php\/2013\/10\/09\/berlusconi-piu-importante-della-172\/","title":{"rendered":"Berlusconi pi\u00f9 importante della 172"},"content":{"rendered":"<p style=\"text-align: justify;\"><img loading=\"lazy\" decoding=\"async\" class=\" size-full wp-image-10245\" src=\"https:\/\/archivioturi.lavocedelpaese.info\/wp-content\/uploads\/2012\/10\/sel-logo.JPG\" width=\"320\" height=\"208\" alt=\"sel logo\" style=\"margin: 0px 3px;\" srcset=\"https:\/\/archivioturi.lavocedelpaese.info\/wp-content\/uploads\/2012\/10\/sel-logo.JPG 528w, https:\/\/archivioturi.lavocedelpaese.info\/wp-content\/uploads\/2012\/10\/sel-logo-300x195.jpg 300w\" sizes=\"auto, (max-width: 320px) 100vw, 320px\" \/><\/p>\n<p style=\"text-align: justify;\">Ieri, 30 settembre, a Turi si sarebbe dovuto&nbsp;tenere il Consiglio comunale monotematico&nbsp;sulla vicenda S.S. 172 al quale,&nbsp;data l\u2019importanza e l\u2019attualit\u00e0 della questione,&nbsp;erano stati invitati i Sindaci dei&nbsp;comuni interessati, i consiglieri regionali&nbsp;ed i parlamentari.<br \/>Purtroppo per\u00f2, saltando ogni passaggio&nbsp;istituzionale, il Consiglio \u00e8 stato revocato&nbsp;poche ore prima della convocazione senza&nbsp;motivazioni ufficiali; quelle ufficiose parlano&nbsp;dell\u2019indisponibilit\u00e0 degli Onorevoli e&nbsp;dei Senatori del centro destra, alle prese&nbsp;con le sorti personali e giudiziarie di Silvio&nbsp;Berlusconi.<br \/>Se cos\u00ec fosse, sarebbe piuttosto imbarazzante&nbsp;prendere atto che il destino del&nbsp;pregiudicato Berlusconi acquisisca importanza&nbsp;prioritaria rispetto agli interessi&nbsp;del nostro territorio, alla sicurezza ed allo&nbsp;sviluppo delle comunit\u00e0 attraversate dalla&nbsp;Statale dei Trulli. Non lo sapremo mai con&nbsp;certezza, quel che sappiamo, invece, \u00e8 che&nbsp;ciascuno risponde alla propria coscienza&nbsp;ed ai propri elettori e che si \u00e8 persa un\u2019occasione&nbsp;importante per confrontarci e per&nbsp;fare finalmente chiarezza su una questione&nbsp;tanto importante quanto strumentalizzata.<br \/>Da ultimo, infatti, \u00e8 stato il consigliere&nbsp;regionale Boccardi ad annunciare urbi et&nbsp;orbi un finanziamento del Governo di 12&nbsp;milioni di euro ed a sollecitare l\u2019intervento&nbsp;della Regione Puglia. A tal proposito,&nbsp;sarebbe stato interessante conoscere con&nbsp;quale provvedimento e con quale copertura&nbsp;finanziaria il Governo finanziava l\u2019opera,&nbsp;considerando che non ci sono, ad oggi,&nbsp;atti approvati dall\u2019Esecutivo che dispongono&nbsp;tale intervento.<br \/>Purtroppo le uniche certezze che abbiamo&nbsp;sono rappresentate dall\u2019esito del Comitato&nbsp;CIPE del 31 maggio scorso che ha&nbsp;posticipato al 2016 i finanziamenti stanziati&nbsp;destinando l\u2019importo di 10 milioni di&nbsp;euro previsti per la SS 172 alla TAV Torino-&nbsp;Lione, dall\u2019impegno finanziario gi\u00e0&nbsp;assunto dalla Regione Puglia, oltre 10milioni&nbsp;di euro, e dalle sistematiche dichiarazioni&nbsp;dei rappresentanti del centro destra&nbsp;che provano a nascondere all\u2019opinione&nbsp;pubblica le specifiche responsabilit\u00e0 per i&nbsp;ritardi che si stanno accumulando.&nbsp;Spiace constatare che una questione&nbsp;cos\u00ec dirimente, per la sicurezza degli automobilisti&nbsp;e per lo sviluppo economico&nbsp;del sud est barese, sia oggetto di ripetute&nbsp;speculazioni politiche che trovano complicit\u00e0&nbsp;anche nei nostri consigli comunali,&nbsp;laddove cio\u00e8 ci dovrebbe essere maggiore&nbsp;interesse e maggiore sensibilit\u00e0 verso i&nbsp;problemi del territorio.<br \/>Da parte nostra, continueremo a lavorare&nbsp;per risolvere definitivamente la vicenda,&nbsp;impegnandoci ad ogni livello (ieri, oltre ai&nbsp;consiglieri comunali di SEL, sarebbero&nbsp;stati presenti a Turi l\u2019On. Annalisa Pannarale&nbsp;ed il Presidente del Gruppo consiliare&nbsp;della Regione Puglia, Michele Losappio)&nbsp;per trovare soluzioni reali ai problemi delle&nbsp;nostre comunit\u00e0.<br \/>Invitiamo le altre forze politiche ad evitare&nbsp;inutili parate, dove esercitarsi in promesse&nbsp;elettoralistiche, per adoperarsi in&nbsp;maniera concreta per la crescita e lo sviluppo&nbsp;del nostro territorio: con le chiacchiere&nbsp;i problemi non si risolvono.<\/p>\n","protected":false},"excerpt":{"rendered":"<p style=\"text-align: justify;\"><img loading=\"lazy\" decoding=\"async\" class=\" size-full wp-image-10245\" src=\"https:\/\/archivioturi.lavocedelpaese.info\/wp-content\/uploads\/2012\/10\/sel-logo.JPG\" width=\"320\" height=\"208\" alt=\"sel logo\" style=\"margin: 0px 3px;\" srcset=\"https:\/\/archivioturi.lavocedelpaese.info\/wp-content\/uploads\/2012\/10\/sel-logo.JPG 528w, https:\/\/archivioturi.lavocedelpaese.info\/wp-content\/uploads\/2012\/10\/sel-logo-300x195.jpg 300w\" sizes=\"auto, (max-width: 320px) 100vw, 320px\" \/><\/p>\n","protected":false},"author":1,"featured_media":10245,"comment_status":"open","ping_status":"closed","sticky":false,"template":"","format":"standard","meta":{"colormag_page_container_layout":"default_layout","colormag_page_sidebar_layout":"default_layout","footnotes":""},"categories":[4],"tags":[],"class_list":["post-11481","post","type-post","status-publish","format-standard","has-post-thumbnail","hentry","category-politica"],"_links":{"self":[{"href":"https:\/\/archivioturi.lavocedelpaese.info\/index.php\/wp-json\/wp\/v2\/posts\/11481","targetHints":{"allow":["GET"]}}],"collection":[{"href":"https:\/\/archivioturi.lavocedelpaese.info\/index.php\/wp-json\/wp\/v2\/posts"}],"about":[{"href":"https:\/\/archivioturi.lavocedelpaese.info\/index.php\/wp-json\/wp\/v2\/types\/post"}],"author":[{"embeddable":true,"href":"https:\/\/archivioturi.lavocedelpaese.info\/index.php\/wp-json\/wp\/v2\/users\/1"}],"replies":[{"embeddable":true,"href":"https:\/\/archivioturi.lavocedelpaese.info\/index.php\/wp-json\/wp\/v2\/comments?post=11481"}],"version-history":[{"count":0,"href":"https:\/\/archivioturi.lavocedelpaese.info\/index.php\/wp-json\/wp\/v2\/posts\/11481\/revisions"}],"wp:featuredmedia":[{"embeddable":true,"href":"https:\/\/archivioturi.lavocedelpaese.info\/index.php\/wp-json\/wp\/v2\/media\/10245"}],"wp:attachment":[{"href":"https:\/\/archivioturi.lavocedelpaese.info\/index.php\/wp-json\/wp\/v2\/media?parent=11481"}],"wp:term":[{"taxonomy":"category","embeddable":true,"href":"https:\/\/archivioturi.lavocedelpaese.info\/index.php\/wp-json\/wp\/v2\/categories?post=11481"},{"taxonomy":"post_tag","embeddable":true,"href":"https:\/\/archivioturi.lavocedelpaese.info\/index.php\/wp-json\/wp\/v2\/tags?post=11481"}],"curies":[{"name":"wp","href":"https:\/\/api.w.org\/{rel}","templated":true}]}}