{"id":11467,"date":"2013-10-02T16:52:00","date_gmt":"2013-10-02T16:52:00","guid":{"rendered":"https:\/\/archivioturi.lavocedelpaese.info\/index.php\/2013\/10\/02\/vietato-sognare-ma-noi-sogniamo-ancora\/"},"modified":"2013-10-02T16:52:00","modified_gmt":"2013-10-02T16:52:00","slug":"vietato-sognare-ma-noi-sogniamo-ancora","status":"publish","type":"post","link":"https:\/\/archivioturi.lavocedelpaese.info\/index.php\/2013\/10\/02\/vietato-sognare-ma-noi-sogniamo-ancora\/","title":{"rendered":"Vietato sognare \u2026.ma noi sogniamo ancora!"},"content":{"rendered":"<p style=\"text-align: justify;\"><img loading=\"lazy\" decoding=\"async\" class=\" size-full wp-image-10245\" src=\"https:\/\/archivioturi.lavocedelpaese.info\/wp-content\/uploads\/2012\/10\/sel-logo.JPG\" width=\"320\" height=\"208\" alt=\"sel logo\" style=\"margin: 0px 3px;\" srcset=\"https:\/\/archivioturi.lavocedelpaese.info\/wp-content\/uploads\/2012\/10\/sel-logo.JPG 528w, https:\/\/archivioturi.lavocedelpaese.info\/wp-content\/uploads\/2012\/10\/sel-logo-300x195.jpg 300w\" sizes=\"auto, (max-width: 320px) 100vw, 320px\" \/><\/p>\n<p style=\"text-align: justify;\">I nostri precedenti articoli: \u201cMettiamo a disposizione dei turesi il campo di calcio\u201d, \u201cI turesi tornano a sognare incubi\u201d, miravano a suggerire soluzioni migliori per il campo sportivo \u201cOronzo Pugliese\u201d.<\/p>\n<p style=\"text-align: justify;\">La redazione di \u201cLa voce del paese\u201d ha ritenuto opportuno aggiungere in grassetto il suo titolo <strong>\u201c Flavio Tundo illude i turesi\u201d; <\/strong>titolo che poco ci piace<strong> <\/strong>perch\u00e9 siamo convinti che la politica debba parlare dei problemi non gettare fango sugli altri o comunque estendersi sul piano personale.<\/p>\n<p style=\"text-align: justify;\">Dopo questa doverosa precisazione, ci \u00e8 sembrato, tuttavia, che l\u2019assessore allo sport abbia assunto una linea difensiva abbastanza lacunosa e oseremmo dire, persino un po\u2019 incerta. La storia dei topi \u00e8 solo la punta dell\u2019iceberg. Non sappiamo se l\u2019idea di tirare in ballo i topi sia una ironica invenzione del giornale o se sia un estrapolazione di una sua frase, augurandoci che si tratti solo di un\u2019esagerazione,&nbsp; visto che in tale campo, i nostri piccoli concittadini frequentano abitualmente corsi di calcetto.<\/p>\n<p style=\"text-align: justify;\">Riguardo il suo intervento, apprezziamo che lei abbia definito utili i nostri consigli, ma avremmo preferito un atto di onest\u00e0 intellettuale, ossia che il finanziamento&nbsp; ottenuto \u00e8 in realt\u00e0 il frutto di una precisa scelta politica.<\/p>\n<p style=\"text-align: justify;\">In effetti la sua dichiarazione \u201cin cassa c\u2019\u00e8 soltanto un finanziamento&nbsp;reclutato di appena 100.000 euro\u201d, mal si concilia con all\u2019articolo 1 comma 2 del D.M. del 25\/2\/13, che offre ben altre opportunit\u00e0 ai Comuni richiedenti, con finanziamenti ben superiori alla cifra in oggetto.<\/p>\n<p style=\"text-align: justify;\">Molti comuni hanno optato per le altre soluzioni che prevedono un contributo pi\u00f9 alto (ad esempio un contributo richiesto che va da 100,000\u20ac a 600.000\u20ac incremento del 76% della quota eccedente i 100.000 \u20ac).<\/p>\n<p style=\"text-align: justify;\">Con questa premessa, ci risulta difficile considerare \u201cfuori luogo\u201d la nostra richiesta di spiegazioni su un progetto che poteva essere molto pi\u00f9 efficiente e nel lungo periodo, anche pi\u00f9 economico. Pertanto non condividiamo la vostra scelta, anche a ragione della vostra espressa volont\u00e0 di costituire nel piano triennale un fondo di 400.000\u20ac per \u201crendere il campo sportivo cosi come il sig. Fabrizio Resta ha suggerito ed anche meglio\u201d.<\/p>\n<p style=\"text-align: justify;\">Le ricordiamo inoltre che il rifacimento della pista d\u2019atletica nel progetto non esiste (visto che a Turi esistono 2 societ\u00e0 podistiche molto attive). Quindi rinnoviamo l\u2019invito a vigilare visto che l\u2019obbiettivo \u00e8 di&nbsp;\u201crendere il complesso sportivo il pi\u00f9 possibile&nbsp;funzionale nel prossimo futuro\u201d.<\/p>\n<p style=\"text-align: justify;\">Circa la tempistica il nostro articolo, che lei definisce di \u201ccontestazione\u201d, non poteva giungere se non dopo la delibera approvata dalla maggioranza e dopo l\u2019attenta lettura del progetto in tutte le sue parti. Forse \u00e8 vietato sognare ma noi sogniamo ancora.<\/p>\n","protected":false},"excerpt":{"rendered":"<p style=\"text-align: justify;\"><img loading=\"lazy\" decoding=\"async\" class=\" size-full wp-image-10245\" src=\"https:\/\/archivioturi.lavocedelpaese.info\/wp-content\/uploads\/2012\/10\/sel-logo.JPG\" width=\"320\" height=\"208\" alt=\"sel logo\" style=\"margin: 0px 3px;\" srcset=\"https:\/\/archivioturi.lavocedelpaese.info\/wp-content\/uploads\/2012\/10\/sel-logo.JPG 528w, https:\/\/archivioturi.lavocedelpaese.info\/wp-content\/uploads\/2012\/10\/sel-logo-300x195.jpg 300w\" sizes=\"auto, (max-width: 320px) 100vw, 320px\" \/><\/p>\n","protected":false},"author":1,"featured_media":10245,"comment_status":"open","ping_status":"closed","sticky":false,"template":"","format":"standard","meta":{"colormag_page_container_layout":"default_layout","colormag_page_sidebar_layout":"default_layout","footnotes":""},"categories":[4],"tags":[],"class_list":["post-11467","post","type-post","status-publish","format-standard","has-post-thumbnail","hentry","category-politica"],"_links":{"self":[{"href":"https:\/\/archivioturi.lavocedelpaese.info\/index.php\/wp-json\/wp\/v2\/posts\/11467","targetHints":{"allow":["GET"]}}],"collection":[{"href":"https:\/\/archivioturi.lavocedelpaese.info\/index.php\/wp-json\/wp\/v2\/posts"}],"about":[{"href":"https:\/\/archivioturi.lavocedelpaese.info\/index.php\/wp-json\/wp\/v2\/types\/post"}],"author":[{"embeddable":true,"href":"https:\/\/archivioturi.lavocedelpaese.info\/index.php\/wp-json\/wp\/v2\/users\/1"}],"replies":[{"embeddable":true,"href":"https:\/\/archivioturi.lavocedelpaese.info\/index.php\/wp-json\/wp\/v2\/comments?post=11467"}],"version-history":[{"count":0,"href":"https:\/\/archivioturi.lavocedelpaese.info\/index.php\/wp-json\/wp\/v2\/posts\/11467\/revisions"}],"wp:featuredmedia":[{"embeddable":true,"href":"https:\/\/archivioturi.lavocedelpaese.info\/index.php\/wp-json\/wp\/v2\/media\/10245"}],"wp:attachment":[{"href":"https:\/\/archivioturi.lavocedelpaese.info\/index.php\/wp-json\/wp\/v2\/media?parent=11467"}],"wp:term":[{"taxonomy":"category","embeddable":true,"href":"https:\/\/archivioturi.lavocedelpaese.info\/index.php\/wp-json\/wp\/v2\/categories?post=11467"},{"taxonomy":"post_tag","embeddable":true,"href":"https:\/\/archivioturi.lavocedelpaese.info\/index.php\/wp-json\/wp\/v2\/tags?post=11467"}],"curies":[{"name":"wp","href":"https:\/\/api.w.org\/{rel}","templated":true}]}}