{"id":11463,"date":"2013-09-30T16:25:47","date_gmt":"2013-09-30T16:25:47","guid":{"rendered":"https:\/\/archivioturi.lavocedelpaese.info\/index.php\/2013\/09\/30\/moro-e-la-politica\/"},"modified":"2013-09-30T16:25:47","modified_gmt":"2013-09-30T16:25:47","slug":"moro-e-la-politica","status":"publish","type":"post","link":"https:\/\/archivioturi.lavocedelpaese.info\/index.php\/2013\/09\/30\/moro-e-la-politica\/","title":{"rendered":"Moro e la politica"},"content":{"rendered":"<p><img loading=\"lazy\" decoding=\"async\" src=\"http:\/\/farm4.staticflickr.com\/3728\/10021466344_9d7126a970_n.jpg\" width=\"320\" height=\"240\" alt=\"moro (7)\" \/><\/p>\n<p style=\"text-align: justify;\">Sabato 21 settembre, dopo il corteo e la deposizione&nbsp;della corona in Piazza Aldo Moro,&nbsp;alla presenza delle autorit\u00e0 convenute, si \u00e8&nbsp;tenuta in piazza Gonnelli la conferenza dal&nbsp;titolo \u201cLa visione politica di Aldo Moro\u201d.&nbsp;L\u2019evento \u00e8 stato organizzato dal Centro&nbsp;Studi Aldo Moro, nella persona del presidente&nbsp;onorario Simeone Maggiolini e del&nbsp;presidente prof. Francesco Filomena.&nbsp;L\u2019onorevole Pino Pisicchio, deputato&nbsp;della Repubblica, omaggiato dal presidente&nbsp;onorario del folder di Aldo Moro, ha&nbsp;fatto da moderatore, evidenziando che la&nbsp;Costituzione trova il suo pi\u00f9 attento costruttore&nbsp;nel grande statista che con la sua&nbsp;vita ha illustrato la nobilt\u00e0 della politica&nbsp;che oggi, purtroppo, abbiamo perso.&nbsp;Il dott. Vito Nicola De Grisantis ritiene&nbsp;che Aldo Moro abbia agito da uomo che&nbsp;ha interpretato i bisogni della gente e che&nbsp;nella nostra contemporaneit\u00e0 ci sia una&nbsp;grande assenza, riscontrabile nella mancata&nbsp;attuazione di questo pensiero. L\u2019uomo politico deve conoscere e interpretare la societ\u00e0. I bisogni cambiano, per cui&nbsp;bisogna avere un rapporto diretto con la&nbsp;gente ed, oggi, questo non c\u2019\u00e8. La politica&nbsp;deve essere autonoma, deve essere capace&nbsp;di sintesi ampia. Deve avere una visione&nbsp;inclusiva, la stessa che ci ha insegnato&nbsp;Moro. Nessuno deve essere escluso: tutti&nbsp;sono meritevoli di rispetto. L\u2019attenzione&nbsp;verso queste istanze \u00e8 la sintesi inclusiva.<br \/>\u201cMoro aveva fiducia nella societ\u00e0. Mettere&nbsp;insieme posizioni diverse \u00e8 difficile e&nbsp;quindi, ci\u00f2 richiedeva negoziazione, mediazione,&nbsp;studio, riflessione, sacrificio,&nbsp;conoscenza e i tempi si allungano quando&nbsp;bisogna cercare mediazione.\u201d<br \/>Quest\u2019uomo aveva una chiara visione&nbsp;dei suoi tempi, gli anni \u201950-\u201960-\u201970. La&nbsp;nuova classe dirigente non ascolta i bisogni&nbsp;della gente. Oggi, c\u2019\u00e8 un conflitto acceso,&nbsp;indisponibilit\u00e0 pregiudiziale. \u201cOggi,&nbsp;i bisogni dei cittadini sono uno degli ultimi&nbsp;pensieri. I giovani di Moro, portavano&nbsp;cambiamento. Oggi, non vengono considerati.&nbsp;Se Moro vivesse sarebbe stato isolato.&nbsp;Quanti lo avrebbero ascoltato? Nessuno.&nbsp;La nostra societ\u00e0 ha bisogno di una&nbsp;politica cos\u00ec, che interpreti, inclusiva.\u201d&nbsp;La figlia di Moro, la dott.ssa Agnese&nbsp;Moro ha condiviso con gli astanti tre sentimenti.&nbsp;Il primo sentimento \u00e8 stato il rimpianto&nbsp;per aver perso tanti anni di vita con il padre,&nbsp;essendo egli stato ucciso a 61 anni;&nbsp;il secondo \u00e8 stato la profonda gratitudine<br \/>verso Maggiolini, emblema dell\u2019amicizia&nbsp;che vive anche dopo la morte ed, infine,&nbsp;il terzo, l\u2019incertezza che ci sar\u00e0 sempre il&nbsp;ricordo e la memoria di Moro, data l\u2019assenza&nbsp;in Italia di una politica della memoria.&nbsp;La politica come cura del mondo&nbsp;mette in rilievo, l\u2019aver cura delle persone.<br \/>La politica deve essere uno strumento forte,&nbsp;capace di curare le malattie che sono la&nbsp;corruzione e la violenza.<br \/>Poi, ha aggiunto che la corruzione come&nbsp;deperimento della coscienza, demotiva le&nbsp;persone che vogliono far bene. \u201cSiamo in&nbsp;un paese violento. Siamo abituati alle pene&nbsp;severe, alla prigione. Sarebbe bello prevenire&nbsp;con la politica. Da cittadina italiana&nbsp;penso che avrebbe ancora potuto guidare&nbsp;l\u2019Italia e non ci sarebbe la tristezza di oggi.&nbsp;Mio padre viveva la politica come sforzo&nbsp;per curare il mondo. Aveva tre grandi virt\u00f9&nbsp;che fanno la politica \u2018bella\u2019: l\u2019umilt\u00e0 che&nbsp;comporta tanto lavoro, l\u2019intelligenza che ti&nbsp;aiuta a valorizzare gli altri e la dedizione&nbsp;che lo portava a mettere prima della famiglia,&nbsp;il destino del paese.\u201d<br \/>La senatrice Angela d\u2019Onghia ha aggiunto&nbsp;che Moro non si dimenticher\u00e0 mai&nbsp;perch\u00e9 i ragazzi sanno. \u201cMia figlia ne \u00e8&nbsp;un esempio. \u00e8 vero. La politica dovrebbe&nbsp;curare. Se Moro fosse vissuto almeno altri&nbsp;20 anni non ci sarebbe l\u2019aridit\u00e0 degli&nbsp;italiani che abbiamo oggi. Moro aveva avviato&nbsp;l\u2019educazione civica. Bisogna zappare&nbsp;tutti nella stessa direzione sull\u2019esempio&nbsp;di quest\u2019uomo.\u201d Seguita dall\u2019intervento&nbsp;conclusivo del sindaco Onofrio Resta che&nbsp;ha ricordato che c\u2019\u00e8 la causa di beatificazione&nbsp;di Aldo Moro. \u201cMoro era spesso&nbsp;a Turi. E\u2019 finita la stagione dei diritti ma&nbsp;deve iniziare quella dei doveri. Aveva una&nbsp;grande intuizione. Sapeva prevenire gli&nbsp;eventi. Moro era leader non perch\u00e9 comprava&nbsp;i voti o aveva delle tv ma perch\u00e9&nbsp;era naturalmente un leader. Era un uomo&nbsp;del fare. Intuiva quello che oggi \u00e8 l\u2019Italia.&nbsp;Abituiamoci ad avere il senso del dovere.&nbsp;Bisogna ricominciare. Ci vuole una mediazione&nbsp;alta basata sulla tolleranza e sul&nbsp;rispetto dell\u2019interlocutore.\u201d<br \/>Al dibattito era presente anche il consigliere&nbsp;Antonio Tateo, delegato alla cultura.<br \/>In conclusione, sono state consegnate&nbsp;quattro pergamene a quattro persone illustri&nbsp;di Turi:&nbsp;il dott. Vito Valentini, la dott.ssa Vita&nbsp;Grazia Susca, il dott. Vitantonio Dell\u2019aera,&nbsp;lo scultore Stefano Rossi e la dott.ssa&nbsp;Annalisa Rossi.<\/p>\n<p><object width=\"640\" height=\"480\"><param name=\"flashvars\" value=\"offsite=true&amp;lang=it-it&amp;page_show_url=%2Fphotos%2F91470992%40N02%2Fsets%2F72157636052804245%2Fshow%2F&amp;page_show_back_url=%2Fphotos%2F91470992%40N02%2Fsets%2F72157636052804245%2F&amp;set_id=72157636052804245&amp;jump_to=\" \/><param name=\"movie\" value=\"http:\/\/www.flickr.com\/apps\/slideshow\/show.swf?v=124984\" \/><param name=\"allowFullScreen\" value=\"true\" \/><embed type=\"application\/x-shockwave-flash\" src=\"http:\/\/www.flickr.com\/apps\/slideshow\/show.swf?v=124984\" allowfullscreen=\"true\" flashvars=\"offsite=true&amp;lang=it-it&amp;page_show_url=%2Fphotos%2F91470992%40N02%2Fsets%2F72157636052804245%2Fshow%2F&amp;page_show_back_url=%2Fphotos%2F91470992%40N02%2Fsets%2F72157636052804245%2F&amp;set_id=72157636052804245&amp;jump_to=\" width=\"640\" height=\"480\" \/><\/object><\/p>\n","protected":false},"excerpt":{"rendered":"<p><img loading=\"lazy\" decoding=\"async\" src=\"http:\/\/farm4.staticflickr.com\/3728\/10021466344_9d7126a970_n.jpg\" width=\"320\" height=\"240\" alt=\"moro (7)\" \/><\/p>\n","protected":false},"author":1,"featured_media":0,"comment_status":"open","ping_status":"closed","sticky":false,"template":"","format":"standard","meta":{"colormag_page_container_layout":"default_layout","colormag_page_sidebar_layout":"default_layout","footnotes":""},"categories":[6],"tags":[],"class_list":["post-11463","post","type-post","status-publish","format-standard","hentry","category-cultura"],"_links":{"self":[{"href":"https:\/\/archivioturi.lavocedelpaese.info\/index.php\/wp-json\/wp\/v2\/posts\/11463","targetHints":{"allow":["GET"]}}],"collection":[{"href":"https:\/\/archivioturi.lavocedelpaese.info\/index.php\/wp-json\/wp\/v2\/posts"}],"about":[{"href":"https:\/\/archivioturi.lavocedelpaese.info\/index.php\/wp-json\/wp\/v2\/types\/post"}],"author":[{"embeddable":true,"href":"https:\/\/archivioturi.lavocedelpaese.info\/index.php\/wp-json\/wp\/v2\/users\/1"}],"replies":[{"embeddable":true,"href":"https:\/\/archivioturi.lavocedelpaese.info\/index.php\/wp-json\/wp\/v2\/comments?post=11463"}],"version-history":[{"count":0,"href":"https:\/\/archivioturi.lavocedelpaese.info\/index.php\/wp-json\/wp\/v2\/posts\/11463\/revisions"}],"wp:attachment":[{"href":"https:\/\/archivioturi.lavocedelpaese.info\/index.php\/wp-json\/wp\/v2\/media?parent=11463"}],"wp:term":[{"taxonomy":"category","embeddable":true,"href":"https:\/\/archivioturi.lavocedelpaese.info\/index.php\/wp-json\/wp\/v2\/categories?post=11463"},{"taxonomy":"post_tag","embeddable":true,"href":"https:\/\/archivioturi.lavocedelpaese.info\/index.php\/wp-json\/wp\/v2\/tags?post=11463"}],"curies":[{"name":"wp","href":"https:\/\/api.w.org\/{rel}","templated":true}]}}