{"id":11455,"date":"2013-09-25T14:08:00","date_gmt":"2013-09-25T14:08:00","guid":{"rendered":"https:\/\/archivioturi.lavocedelpaese.info\/index.php\/2013\/09\/25\/il-duo-pianoforte-a-quattro-mani\/"},"modified":"2013-09-25T14:08:00","modified_gmt":"2013-09-25T14:08:00","slug":"il-duo-pianoforte-a-quattro-mani","status":"publish","type":"post","link":"https:\/\/archivioturi.lavocedelpaese.info\/index.php\/2013\/09\/25\/il-duo-pianoforte-a-quattro-mani\/","title":{"rendered":"Il duo- pianoforte a quattro mani"},"content":{"rendered":"<p><img loading=\"lazy\" decoding=\"async\" src=\"http:\/\/farm8.staticflickr.com\/7420\/9933907613_da753a4e4e_n.jpg\" width=\"320\" height=\"244\" alt=\"1230096_10201036026875827_557518985_n\" \/><\/p>\n<p>Con il patrocinio del comune di Turi, l&#8217;associazione culturale musicale Chi \u00e8 di Scena, presenta<\/p>\n<p align=\"center\">La rassegna musicale teatrale<\/p>\n<p align=\"center\">&#8220;Le domeniche a teatro 2013&#8221;<\/p>\n<p align=\"center\">Domenica 29 settembre, con<\/p>\n<p align=\"center\">Il duo- pianoforte a quattro mani<\/p>\n<p>Pianiste: Isabella Fortunato &#8211; Stefania Loforese<\/p>\n<p>Il duo pianistico eseguir\u00e0 musiche per pianoforte a quattro mani tratte dal repertorio pi\u00f9 rappresentativo delle diverse epoche storiche di questa formazione. Un percorso significativo sul cambiamento stilistico della scrittura, sull&#8217;espressivit\u00e0 e sonorit\u00e0 del pianoforte.<\/p>\n<p>PROGRAMMA:<\/p>\n<p>&#8211; W. A .Mozart: Sonata in re maggiore<\/p>\n<p>&#8211; C. Debussy: Petite Suite<\/p>\n<p>&#8211; P. Tchaikovsky: alcuni brani tratti dalla suite dello &#8220;Schiaccianoci&#8221;<\/p>\n<p>&#8211; M. Ravel: La Valse<\/p>\n<p>&#8211; G. Gershwin: Tre Preludi<\/p>\n<p>BREVE INFORMAZIONE SUL DUO<\/p>\n<p>Il duo pianistico nasce nel 2010 con la successiva partecipazione a concorsi musicali raggiungendo sempre le prime posizioni. Inoltre si \u00e8 esibito in diversi concerti nazionali. Entrambe le pianiste svolgono attivit\u00e0 concertistica in altre formazioni da camera e in qualit\u00e0 di soliste.Sono docenti di pianoforte nella Scuola Secondaria di Primo Grado.<\/p>\n<p><img loading=\"lazy\" decoding=\"async\" src=\"http:\/\/farm6.staticflickr.com\/5491\/9933810014_fc48d82c02_z.jpg\" width=\"341\" height=\"640\" alt=\"locandina rassegna\" \/><\/p>\n","protected":false},"excerpt":{"rendered":"<p><img loading=\"lazy\" decoding=\"async\" src=\"http:\/\/farm8.staticflickr.com\/7420\/9933907613_da753a4e4e_n.jpg\" width=\"320\" height=\"244\" alt=\"1230096_10201036026875827_557518985_n\" \/><\/p>\n","protected":false},"author":1,"featured_media":0,"comment_status":"open","ping_status":"closed","sticky":false,"template":"","format":"standard","meta":{"colormag_page_container_layout":"default_layout","colormag_page_sidebar_layout":"default_layout","footnotes":""},"categories":[6],"tags":[],"class_list":["post-11455","post","type-post","status-publish","format-standard","hentry","category-cultura"],"_links":{"self":[{"href":"https:\/\/archivioturi.lavocedelpaese.info\/index.php\/wp-json\/wp\/v2\/posts\/11455","targetHints":{"allow":["GET"]}}],"collection":[{"href":"https:\/\/archivioturi.lavocedelpaese.info\/index.php\/wp-json\/wp\/v2\/posts"}],"about":[{"href":"https:\/\/archivioturi.lavocedelpaese.info\/index.php\/wp-json\/wp\/v2\/types\/post"}],"author":[{"embeddable":true,"href":"https:\/\/archivioturi.lavocedelpaese.info\/index.php\/wp-json\/wp\/v2\/users\/1"}],"replies":[{"embeddable":true,"href":"https:\/\/archivioturi.lavocedelpaese.info\/index.php\/wp-json\/wp\/v2\/comments?post=11455"}],"version-history":[{"count":0,"href":"https:\/\/archivioturi.lavocedelpaese.info\/index.php\/wp-json\/wp\/v2\/posts\/11455\/revisions"}],"wp:attachment":[{"href":"https:\/\/archivioturi.lavocedelpaese.info\/index.php\/wp-json\/wp\/v2\/media?parent=11455"}],"wp:term":[{"taxonomy":"category","embeddable":true,"href":"https:\/\/archivioturi.lavocedelpaese.info\/index.php\/wp-json\/wp\/v2\/categories?post=11455"},{"taxonomy":"post_tag","embeddable":true,"href":"https:\/\/archivioturi.lavocedelpaese.info\/index.php\/wp-json\/wp\/v2\/tags?post=11455"}],"curies":[{"name":"wp","href":"https:\/\/api.w.org\/{rel}","templated":true}]}}