{"id":11441,"date":"2013-09-18T14:16:31","date_gmt":"2013-09-18T14:16:31","guid":{"rendered":"https:\/\/archivioturi.lavocedelpaese.info\/index.php\/2013\/09\/18\/5stelle-faccia-a-faccia-con-i-turesi\/"},"modified":"2013-09-18T14:16:31","modified_gmt":"2013-09-18T14:16:31","slug":"5stelle-faccia-a-faccia-con-i-turesi","status":"publish","type":"post","link":"https:\/\/archivioturi.lavocedelpaese.info\/index.php\/2013\/09\/18\/5stelle-faccia-a-faccia-con-i-turesi\/","title":{"rendered":"5stelle: faccia a faccia con i turesi"},"content":{"rendered":"<p><img loading=\"lazy\" decoding=\"async\" src=\"http:\/\/farm3.staticflickr.com\/2834\/9785535916_7650123f29_n.jpg\" width=\"320\" height=\"206\" alt=\"5 stelle\" \/><\/p>\n<p style=\"text-align: justify;\">Le firme pi\u00f9 belle sono state al buio&nbsp;con le nostre schiene a fare da scrivanie.&nbsp;Quasi 100 in totale. Tutte spontanee.&nbsp;Qualcuna sudata. Sudata perch\u00e9&nbsp;la nostra non \u00e8 stata una semplice raccolta&nbsp;firme. Sudata perch\u00e9 i cittadini si&nbsp;sottoscrivevano sotto il nostro gazebo&nbsp;solo dopo aver appreso veramente cosa&nbsp;vuole manomettere l\u2019attuale classe&nbsp;politica. Sudata perch\u00e9 nel week end&nbsp;abbiamo cercato di portare in tutte le&nbsp;piazze d\u2019Italia (compreso la nostra) un&nbsp;tema delicatissimo, cio\u00e8 la revisione&nbsp;dell\u2019art. 138 della Costituzione. Dove mil parlamento verrebbe ulteriormente&nbsp;oscurato e privato del suo valore (le&nbsp;leggi di modifica sarebbero presentate mda 40 persone scelte per nomina e non&nbsp;per votazione) con l\u2019obiettivo finale&nbsp;di arrivare ad un presidenzialismo ed&nbsp;accentrare il potere nelle mani di pochi,&nbsp;i soliti pochi, a discapito dei molti.<br \/>Abbiamo voluto rispondere a tutti, mdissolvere i dubbi di ogni cittadino,&nbsp;dubbi alimentati da un informazione&nbsp;giornalistica e televisiva distorta, se&nbsp;non assente (cosa ovvia quando i temi&nbsp;sono sensibilmente meno importanti&nbsp;di tron\u00e8re e paste di mandorla). Le differenze&nbsp;tra noi e la politica erano tangibili&nbsp;anche nel contesto turese. Dove&nbsp;altri banchetti di politici locali hanno&nbsp;fatto bene a non esporre bandiere e&nbsp;confondersi con venditori di faldacchea.<br \/>A rischio e pericolo per la riuscita&nbsp;della sagra stessa, che all\u2019odore&nbsp;di partiti politici (specie di quelli con&nbsp;leader pregiudicati del calibro di S.B),&nbsp;avrebbe allontanato tutti dal disgusto.&nbsp;E mentre pdl e sel (sedute a spartirsi&nbsp;un referendum di un pannella in via&nbsp;di estinzione), fatto bottino di firme&nbsp;sono scomparsi, noi, promotori della&nbsp;politica \u201cterra terra\u201d siamo rimasti&nbsp;a confrontarci fino all\u2019ultima briciola&nbsp;della domenica, fino agli ultimi volantini.&nbsp;Volantini che spiegavano cosa il&nbsp;MoVimento ha proposto e concretizzato&nbsp;nei primi 100 giorni e alcuni ddl&nbsp;(tra gli oltre 400 presentati) che i partiti,&nbsp;legati da amore platonico, hanno&nbsp;bocciato. E alla domanda pi\u00f9 \u201cdomandata\u201d&nbsp;(perch\u00e9 non vi siete alleati con&nbsp;il pd?) non abbiamo esitato a ribadire&nbsp;che una coesione o compromesso con&nbsp;quei signori \u00e8 come giocare una partita&nbsp;a poker\u2026 (ricordate le loro porte&nbsp;chiuse in faccia alla nostra richiesta di&nbsp;rifiuto dei rimborsi elettorali? Ricordate&nbsp;il nostro \u201csi apriranno praterie al&nbsp;nome di Rodot\u00e0\u201d, nome palesemente&nbsp;rifiutato?? Abbiamo raccolto delusioni,&nbsp;frutto di una Italia, di una Puglia,&nbsp;di una Turi in macerie\u2026invitando i&nbsp;compaesani a non farsi ingannare dalla&nbsp;politica clientelare, ad allontanarsi&nbsp;dal tumore del voto di scambio, a non&nbsp;pensare al proprio \u201corticello\u201d\u2026 orticello&nbsp;senza futuro che annienta il domani&nbsp;dei nostri figli\u2026 Alla fine tanta&nbsp;stanchezza, ma anche tanto stimolo&nbsp;venuto dai tanti \u201cnon mollate!\u201d e dai&nbsp;ragazzi onesti come noi e desiderosi di&nbsp;fare \u201cmovimento\u201d. Perch\u00e9 come non&nbsp;ci stancheremo di ripetere che Il tempo &nbsp;delle deleghe \u00e8 finito, cosi\u2019 crediamo&nbsp;che bisogna mettersi in gioco e attivarsi!!&nbsp;Perch\u00e9 come dice giustamente zio&nbsp;Beppe G. \u201cSar\u00e0 un autunno caldo\u201d. E&nbsp;aggiungo: Con una nuova alba! Perch\u00e9&nbsp;questa volta vinciamo NOI!<\/p>\n<p style=\"text-align: right;\"><strong>Francesco Guerra &#8211; M5S<\/strong><\/p>\n","protected":false},"excerpt":{"rendered":"<p><img loading=\"lazy\" decoding=\"async\" src=\"http:\/\/farm3.staticflickr.com\/2834\/9785535916_7650123f29_n.jpg\" width=\"320\" height=\"206\" alt=\"5 stelle\" \/><\/p>\n","protected":false},"author":1,"featured_media":0,"comment_status":"open","ping_status":"closed","sticky":false,"template":"","format":"standard","meta":{"colormag_page_container_layout":"default_layout","colormag_page_sidebar_layout":"default_layout","footnotes":""},"categories":[4],"tags":[],"class_list":["post-11441","post","type-post","status-publish","format-standard","hentry","category-politica"],"_links":{"self":[{"href":"https:\/\/archivioturi.lavocedelpaese.info\/index.php\/wp-json\/wp\/v2\/posts\/11441","targetHints":{"allow":["GET"]}}],"collection":[{"href":"https:\/\/archivioturi.lavocedelpaese.info\/index.php\/wp-json\/wp\/v2\/posts"}],"about":[{"href":"https:\/\/archivioturi.lavocedelpaese.info\/index.php\/wp-json\/wp\/v2\/types\/post"}],"author":[{"embeddable":true,"href":"https:\/\/archivioturi.lavocedelpaese.info\/index.php\/wp-json\/wp\/v2\/users\/1"}],"replies":[{"embeddable":true,"href":"https:\/\/archivioturi.lavocedelpaese.info\/index.php\/wp-json\/wp\/v2\/comments?post=11441"}],"version-history":[{"count":0,"href":"https:\/\/archivioturi.lavocedelpaese.info\/index.php\/wp-json\/wp\/v2\/posts\/11441\/revisions"}],"wp:attachment":[{"href":"https:\/\/archivioturi.lavocedelpaese.info\/index.php\/wp-json\/wp\/v2\/media?parent=11441"}],"wp:term":[{"taxonomy":"category","embeddable":true,"href":"https:\/\/archivioturi.lavocedelpaese.info\/index.php\/wp-json\/wp\/v2\/categories?post=11441"},{"taxonomy":"post_tag","embeddable":true,"href":"https:\/\/archivioturi.lavocedelpaese.info\/index.php\/wp-json\/wp\/v2\/tags?post=11441"}],"curies":[{"name":"wp","href":"https:\/\/api.w.org\/{rel}","templated":true}]}}