{"id":11440,"date":"2013-09-18T10:11:19","date_gmt":"2013-09-18T10:11:19","guid":{"rendered":"https:\/\/archivioturi.lavocedelpaese.info\/index.php\/2013\/09\/18\/il-grande-inganno-del-pdl\/"},"modified":"2013-09-18T10:11:19","modified_gmt":"2013-09-18T10:11:19","slug":"il-grande-inganno-del-pdl","status":"publish","type":"post","link":"https:\/\/archivioturi.lavocedelpaese.info\/index.php\/2013\/09\/18\/il-grande-inganno-del-pdl\/","title":{"rendered":"Il grande inganno del Pdl"},"content":{"rendered":"<p><img loading=\"lazy\" decoding=\"async\" src=\"http:\/\/farm6.staticflickr.com\/5510\/9153735660_33720cf4ce_m.jpg\" width=\"192\" height=\"240\" alt=\"lavinia orlando\" \/><\/p>\n<p style=\"text-align: justify;\">Poniamo fine alla farsa, perch\u00e9&nbsp;la nostra intelligenza merita&nbsp;maggiore onest\u00e0: ci hanno&nbsp;bombardato per giorni con la&nbsp;notizia dell\u2019abolizione dell\u2019IMU,<br \/>estrinsecando infinita&nbsp;gioia per il risparmio di cui&nbsp;con tale cancellazione i cittadini&nbsp;avrebbero beneficiato, finanche&nbsp;calcolando i soldi che i mcontribuenti, sgravati dal tanto&nbsp;odiato orpello, potrebbero impiegare&nbsp;per altri scopi &#8211; 692&nbsp;milioni di euro di risparmio mper il solo comparto agricolo&nbsp;sono stati calcolati da un mai&nbsp;cos\u00ec tanto gongolante consigliere&nbsp;Boccardi.<br \/>Il particolare che tutti dimenticano&nbsp;\u00e8 tuttavia fondamentale:&nbsp;la cancellazione ha un senso&nbsp;puramente formale &#8211; terminologico,&nbsp;ma, dal punto di vista sostanziale, la tassa resta (con&nbsp;una nuova denominazione) ed,&nbsp;anzi, viene estesa ad una platea&nbsp;ben maggiore.<br \/>La festa non \u00e8 dunque giustificata;&nbsp;la gioia estrinsecata&nbsp;dai due principali partiti di&nbsp;governo, PD e PDL (ancora&nbsp;vergognosamente all\u2019unisono)&nbsp;\u00e8 dettata dalla finzione di chi&nbsp;non vuole vedere.&nbsp;E\u2019 vero: il governo ha abolito mdefinitivamente la prima rata&nbsp;dell\u2019IMU (quella dovuta entro&nbsp;settembre), cancellandola&nbsp;per tutte le prime case, escluse mville di lusso e castelli; rispetto&nbsp;alla seconda rata (quella&nbsp;di dicembre) c\u2019\u00e8 \u201cl\u2019impegno&nbsp;politico\u201d a cancellarla, ma la&nbsp;certezza si avr\u00e0 solo ad ottobre&nbsp;inoltrato, quando verr\u00e0 varata&nbsp;la legge di stabilit\u00e0.<br \/>Se le novit\u00e0 si fermassero&nbsp;a questo, le tante dichiarazioni&nbsp;di giubilo &#8211; \u201cl\u2019abolizione&nbsp;dell\u2019IMU \u00e8 una vittoria per&nbsp;quei tanti milioni di italiani che&nbsp;sapevano di dover pagare una&nbsp;tassa e non la pagheranno pi\u00f9\u201d&nbsp;o \u201cgli italiani non si vedranno&nbsp;mettere le mani nelle tasche\u201d &#8211;&nbsp;sarebbero in parte giustificate.<br \/>Mai bugia fu per\u00f2 pi\u00f9 grossa&nbsp;(se si eccettua la boutade, pur&nbsp;votata in Parlamento, per cui&nbsp;Ruby sarebbe stata la nipote&nbsp;di Mubarak). In primis, perch\u00e9&nbsp;da gennaio far\u00e0 il suo ingresso&nbsp;la service tax, che sar\u00e0 pagata&nbsp;in parte dai proprietari delle&nbsp;abitazioni ed in parte dagli inquilini&nbsp;e che inglober\u00e0 anche&nbsp;i costi dei rifiuti, della manutenzione&nbsp;stradale e del verde&nbsp;pubblico. Secondariamente&nbsp;perch\u00e9, anche in seguito alla &nbsp;&nbsp;cancellazione dell\u2019IMU, l\u2019IVA&nbsp;subir\u00e0 quasi sicuramente un&nbsp;incremento, come precisato,&nbsp;tra gli altri, dal viceministro&nbsp;Fassina, (e non serve essere&nbsp;degli esperti economisti per&nbsp;comprenderlo).<br \/>Dove sarebbe dunque questa&nbsp;tanto sbandierata riduzione&nbsp;delle tasse? L\u2019IMU esce dalla&nbsp;porta e rientra dal portone, da&nbsp;tassa nazionale diventa locale,&nbsp;con la grave conseguenza&nbsp;di essere meno gravosa per i&nbsp;proprietari e, al contrario, di&nbsp;pesare maggiormente sugli affittuari,&nbsp;con l\u2019ulteriore rischio&nbsp;di incrementare morosit\u00e0 e&nbsp;sfratti. Rispetto all\u2019IVA, vale&nbsp;lo stesso discorso, nel senso&nbsp;che i commercianti non faranno&nbsp;altro che aumentare i prezzi&nbsp;(per recuperare la maggiore&nbsp;tassazione subita), rivalendosi&nbsp;su tutti i cittadini.<br \/>Ancora una volta si toglie&nbsp;ai poveri per dare ai ricchi, si&nbsp;abroga l\u2019IMU per tutti (anche&nbsp;per le prime case possedute da&nbsp;chi potrebbe tranquillamente&nbsp;pagare 300 o 400 euro l\u2019anno&nbsp;senza aggravi cos\u00ec pesanti, perch\u00e9&nbsp;benestante), trasferendola&nbsp;a tutti ed, in particolare, a chi&nbsp;non possiede affatto una casa&nbsp;di propriet\u00e0 ed ha gi\u00e0 difficolt\u00e0&nbsp;a pagare le mensilit\u00e0. Lo stesso&nbsp;discorso vale anche per l\u2019incremento&nbsp;dell\u2019IVA, il cui costo msar\u00e0 subito da tutti i consumatori,&nbsp;indipendentemente dal mreddito.<br \/>Passino le falsit\u00e0 propinateci&nbsp;dal PDL &#8211; a cui siamo abituati&nbsp;&#8211; e le manifestazioni di&nbsp;gioia per le facilitazioni che mchi sta meglio continua a ricevere,&nbsp;ma ci\u00f2 che fa pi\u00f9 rabbia&nbsp;\u00e8 l\u2019atteggiamento del PD, che&nbsp;ha nuovamente realizzato un&nbsp;immenso favore a Berlusconi,&nbsp;piegandosi alla sua volont\u00e0 ed&nbsp;ai suoi ricatti ed andando in&nbsp;contrasto con quelli che dovrebbero&nbsp;essere i valori che un&nbsp;partito di centrosinistra deve&nbsp;portare innanzi: non c\u2019\u00e8 la sola&nbsp;iniquit\u00e0 dell\u2019abolizione dell\u2019IMU,&nbsp;con tutte le conseguenze&nbsp;che tale provvedimento porta&nbsp;con s\u00e9, ma si guardino le ulteriori<br \/>misure collegate, come&nbsp;la riduzione delle multe alle&nbsp;concessionarie delle slot machines,&nbsp;propedeutica all\u2019ottenimento mcelere di una parte&nbsp;delle somme dovute e necessaria&nbsp;per recuperare proprio parte mdi quanto perso dall\u2019abolizione&nbsp;dell\u2019IMU o i cinquecento milioni&nbsp;stanziati dal governo per mla cassa integrazione in deroga, mche risultano decisamente&nbsp;insufficienti rispetto alle tante&nbsp;situazioni di crisi lavorativa e mche avrebbero potuto essere mmaggiori se non si fosse deciso mdi tagliare le tasse per tutti, indiscriminatamente.&nbsp;Cos\u00ec, quando ad anno nuovo&nbsp;ci ritroveremo con una nuova&nbsp;tassa, maggiore delle precedenti&nbsp;sommate o quando i costi&nbsp;della spesa o della benzina lieviteranno ulteriormente,&nbsp;sapremo bene a chi rivolgere&nbsp;i nostri sentiti ringraziamenti.<\/p>\n<p style=\"text-align: right;\"><strong>Lavinia Orlando<\/strong><\/p>\n","protected":false},"excerpt":{"rendered":"<p><img loading=\"lazy\" decoding=\"async\" src=\"http:\/\/farm6.staticflickr.com\/5510\/9153735660_33720cf4ce_m.jpg\" width=\"192\" height=\"240\" alt=\"lavinia orlando\" \/><\/p>\n","protected":false},"author":1,"featured_media":0,"comment_status":"open","ping_status":"closed","sticky":false,"template":"","format":"standard","meta":{"colormag_page_container_layout":"default_layout","colormag_page_sidebar_layout":"default_layout","footnotes":""},"categories":[4],"tags":[],"class_list":["post-11440","post","type-post","status-publish","format-standard","hentry","category-politica"],"_links":{"self":[{"href":"https:\/\/archivioturi.lavocedelpaese.info\/index.php\/wp-json\/wp\/v2\/posts\/11440","targetHints":{"allow":["GET"]}}],"collection":[{"href":"https:\/\/archivioturi.lavocedelpaese.info\/index.php\/wp-json\/wp\/v2\/posts"}],"about":[{"href":"https:\/\/archivioturi.lavocedelpaese.info\/index.php\/wp-json\/wp\/v2\/types\/post"}],"author":[{"embeddable":true,"href":"https:\/\/archivioturi.lavocedelpaese.info\/index.php\/wp-json\/wp\/v2\/users\/1"}],"replies":[{"embeddable":true,"href":"https:\/\/archivioturi.lavocedelpaese.info\/index.php\/wp-json\/wp\/v2\/comments?post=11440"}],"version-history":[{"count":0,"href":"https:\/\/archivioturi.lavocedelpaese.info\/index.php\/wp-json\/wp\/v2\/posts\/11440\/revisions"}],"wp:attachment":[{"href":"https:\/\/archivioturi.lavocedelpaese.info\/index.php\/wp-json\/wp\/v2\/media?parent=11440"}],"wp:term":[{"taxonomy":"category","embeddable":true,"href":"https:\/\/archivioturi.lavocedelpaese.info\/index.php\/wp-json\/wp\/v2\/categories?post=11440"},{"taxonomy":"post_tag","embeddable":true,"href":"https:\/\/archivioturi.lavocedelpaese.info\/index.php\/wp-json\/wp\/v2\/tags?post=11440"}],"curies":[{"name":"wp","href":"https:\/\/api.w.org\/{rel}","templated":true}]}}