{"id":11438,"date":"2013-09-24T17:05:44","date_gmt":"2013-09-24T17:05:44","guid":{"rendered":"https:\/\/archivioturi.lavocedelpaese.info\/index.php\/2013\/09\/24\/in-lista-per-la-vittoria\/"},"modified":"2013-09-24T17:05:44","modified_gmt":"2013-09-24T17:05:44","slug":"in-lista-per-la-vittoria","status":"publish","type":"post","link":"https:\/\/archivioturi.lavocedelpaese.info\/index.php\/2013\/09\/24\/in-lista-per-la-vittoria\/","title":{"rendered":"In lista per la vittoria. Vota anche tu!"},"content":{"rendered":"<p><img loading=\"lazy\" decoding=\"async\" src=\"http:\/\/farm3.staticflickr.com\/2836\/9785211481_775923007e.jpg\" alt=\"arti\" width=\"320\" height=\"150\" \/><\/p>\n<p style=\"text-align: justify;\">Mancano pochi giorni all\u2019inaugurazione di una grande mostra che vedr\u00e0 coinvolti alcuni tra i principali luoghi di cultura della Citt\u00e0 di Bari. A parteciparvi anche una ragazza turese, Ambra Di Noia, studentessa presso l\u2019Accademia di Belle Arti di Bologna che quest\u2019anno ha partecipato al \u201cX Premio Nazionale delle Arti\u201d, sezione Arte Elettronica, Opere Interattive, Videoinstallazioni, Produzioni Audiovisive di Narrazione e di Creazione, Digitali e Scenografiche.<\/p>\n<p style=\"text-align: justify;\">Dopo un\u2019attenta analisi della Commissione, il lavoro della studentessa turese, bolognese d\u2019adozione, \u00e8 tra i 35 video selezionati, su 101 giunti per la medesima sezione e che verranno esposti al pubblico dal 1 al 10 ottobre in un percorso tra il teatro Petruzzelli, il Margherita e il Murat, all\u2019interno degli spazi urbani e nei luoghi storici della citt\u00e0. Ambra Di Noia ha partecipato con il video realizzato in occasione della sua laurea, un video di cui \u00e8 regista, scenografa ed attrice. La premiazione sar\u00e0 proprio il 1\u00b0 ottobre e noi le auguriamo di riuscire a strappare la vittoria.<\/p>\n<p style=\"text-align: justify;\">Il \u201cX Premio Nazionale Delle Arti Edizione 2012-13\u201d Arti Figurative, Digitali e Scenografiche ha permesso ai tanti concorrenti di realizzare e portare a concorso opere di pittura, scultura, arti gra?che, decorazione, scenogra?a teatrale, cinematogra?ca e televisiva, fotogra?a, arte elettronica, opere interattive, videoinstallazioni, produzioni audiovisive di narrazione e di creazione. Il concorso, ormai giunto alla decima edizione \u00e8 stato organizzato dall\u2019Accademia di Belle Arti di Bari ed ha visto la partecipazione di numerosissimi studenti dell\u2019intera nazione, tutti studenti delle diverse Accademie di Belle Arti e dei corsi accreditati AFAM, che hanno realizzato e reso visibile la passione che li accomuna e che li accompagna.&nbsp;<\/p>\n<p style=\"text-align: justify;\">Chiunque pu\u00f2 anche esprimere il proprio voto <a href=\"http:\/\/www.0280.org\/Xpremioarti\/home\/school.php\" target=\"_blank\" rel=\"noopener\">cliccando qui<\/a><\/p>\n","protected":false},"excerpt":{"rendered":"<p><img loading=\"lazy\" decoding=\"async\" src=\"http:\/\/farm3.staticflickr.com\/2836\/9785211481_775923007e.jpg\" alt=\"arti\" width=\"320\" height=\"150\" \/><\/p>\n","protected":false},"author":1,"featured_media":0,"comment_status":"open","ping_status":"closed","sticky":false,"template":"","format":"standard","meta":{"colormag_page_container_layout":"default_layout","colormag_page_sidebar_layout":"default_layout","footnotes":""},"categories":[6],"tags":[],"class_list":["post-11438","post","type-post","status-publish","format-standard","hentry","category-cultura"],"_links":{"self":[{"href":"https:\/\/archivioturi.lavocedelpaese.info\/index.php\/wp-json\/wp\/v2\/posts\/11438","targetHints":{"allow":["GET"]}}],"collection":[{"href":"https:\/\/archivioturi.lavocedelpaese.info\/index.php\/wp-json\/wp\/v2\/posts"}],"about":[{"href":"https:\/\/archivioturi.lavocedelpaese.info\/index.php\/wp-json\/wp\/v2\/types\/post"}],"author":[{"embeddable":true,"href":"https:\/\/archivioturi.lavocedelpaese.info\/index.php\/wp-json\/wp\/v2\/users\/1"}],"replies":[{"embeddable":true,"href":"https:\/\/archivioturi.lavocedelpaese.info\/index.php\/wp-json\/wp\/v2\/comments?post=11438"}],"version-history":[{"count":0,"href":"https:\/\/archivioturi.lavocedelpaese.info\/index.php\/wp-json\/wp\/v2\/posts\/11438\/revisions"}],"wp:attachment":[{"href":"https:\/\/archivioturi.lavocedelpaese.info\/index.php\/wp-json\/wp\/v2\/media?parent=11438"}],"wp:term":[{"taxonomy":"category","embeddable":true,"href":"https:\/\/archivioturi.lavocedelpaese.info\/index.php\/wp-json\/wp\/v2\/categories?post=11438"},{"taxonomy":"post_tag","embeddable":true,"href":"https:\/\/archivioturi.lavocedelpaese.info\/index.php\/wp-json\/wp\/v2\/tags?post=11438"}],"curies":[{"name":"wp","href":"https:\/\/api.w.org\/{rel}","templated":true}]}}