{"id":11416,"date":"2013-09-06T10:12:36","date_gmt":"2013-09-06T10:12:36","guid":{"rendered":"https:\/\/archivioturi.lavocedelpaese.info\/index.php\/2013\/09\/06\/i-referendum-di-sel\/"},"modified":"2013-09-06T10:12:36","modified_gmt":"2013-09-06T10:12:36","slug":"i-referendum-di-sel","status":"publish","type":"post","link":"https:\/\/archivioturi.lavocedelpaese.info\/index.php\/2013\/09\/06\/i-referendum-di-sel\/","title":{"rendered":"I referendum di Sel"},"content":{"rendered":"<p style=\"text-align: justify;\"><img loading=\"lazy\" decoding=\"async\" class=\" size-full wp-image-10245\" src=\"https:\/\/archivioturi.lavocedelpaese.info\/wp-content\/uploads\/2012\/10\/sel-logo.JPG\" width=\"320\" height=\"208\" alt=\"sel logo\" style=\"margin: 0px 3px;\" srcset=\"https:\/\/archivioturi.lavocedelpaese.info\/wp-content\/uploads\/2012\/10\/sel-logo.JPG 528w, https:\/\/archivioturi.lavocedelpaese.info\/wp-content\/uploads\/2012\/10\/sel-logo-300x195.jpg 300w\" sizes=\"auto, (max-width: 320px) 100vw, 320px\" \/><\/p>\n<p style=\"text-align: justify;\">Il referendum \u00e8 uno strumento di democrazia&nbsp;diretta che chiama i cittadini a&nbsp;scegliere su tematiche concrete e precise.<br \/>Siamo pi\u00f9 che mai convinti che soprattutto&nbsp;in un momento in cui la politica dei partiti&nbsp;\u00e8 paralizzata, tocca ai cittadini attivare&nbsp;la democrazia.&nbsp;Non sono semplici quesiti referendari&nbsp;ma sono scelte di progresso e di libert\u00e0 per&nbsp;qualunque cittadino che vanno dall\u2019immigrazione&nbsp;alla politica in materia di droghe,&nbsp;dal divorzio breve all\u20198 per mille. Per&nbsp;questo motivo, in occasione dalla Festa&nbsp;del Borgo Antico e sagra dei \u201cTr\u00f2nere\u201d e&nbsp;della \u201cFaldacchea\u201d, saremo per strada, insieme&nbsp;ai compagni di Sinistra Ecologia e&nbsp;Libert\u00e0, per raccogliere le firme su cinque&nbsp;referendum:<br \/>Sulla necessit\u00e0 di liberare mezzo milione&nbsp;di migranti dal ricatto della clandestinit\u00e0&nbsp;e del lavoro in nero e in condizioni&nbsp;spesso schiaviste. Sulla necessit\u00e0 di svuotare&nbsp;le carceri per tutte le violazioni che&nbsp;riguardano fatti di lieve entit\u00e0 (ad es coltivazione&nbsp;domestica, possesso e trasporto&nbsp;di quantit\u00e0 medie, condotte border line&nbsp;tra consumo e piccolo spaccio) con costi&nbsp;enormi per lo Stato. Sulla necessit\u00e0 di&nbsp;ridurre il carico sociale e giudiziario connesso&nbsp;alla durata dei procedimenti di separazione&nbsp;e divorzio (attualmente quattro&nbsp;anni per un divorzio consensuale e anche&nbsp;oltre 10 anni per uno giudiziale). Il referendum&nbsp;elimina i tre anni di separazione&nbsp;obbligatoria prima di chiedere divorzio, la&nbsp;cui domanda potrebbe essere fatta contestualmente&nbsp;alla separazione. Sulla necessit\u00e0&nbsp;di garantire che chi non esprime una&nbsp;preferenza alla destinazione dell\u20198\u00d71000&nbsp;(60% degli italiani) veda la propria quota,&nbsp;anzich\u00e9 distribuita tra le confessioni religiose,&nbsp;destinata allo Stato, in modo che&nbsp;possano essere spesi per finalit\u00e0 generali e&nbsp;a sostegno dell\u2019economia.&nbsp;<\/p>\n<p style=\"text-align: justify;\">L\u2019appuntamento \u00e8 per Sabato 7 Settembre,&nbsp;dalle ore 19 alle 21, nei pressi del centro&nbsp;storico di Turi.<\/p>\n","protected":false},"excerpt":{"rendered":"<p style=\"text-align: justify;\"><img loading=\"lazy\" decoding=\"async\" class=\" size-full wp-image-10245\" src=\"https:\/\/archivioturi.lavocedelpaese.info\/wp-content\/uploads\/2012\/10\/sel-logo.JPG\" width=\"320\" height=\"208\" alt=\"sel logo\" style=\"margin: 0px 3px;\" srcset=\"https:\/\/archivioturi.lavocedelpaese.info\/wp-content\/uploads\/2012\/10\/sel-logo.JPG 528w, https:\/\/archivioturi.lavocedelpaese.info\/wp-content\/uploads\/2012\/10\/sel-logo-300x195.jpg 300w\" sizes=\"auto, (max-width: 320px) 100vw, 320px\" \/><\/p>\n","protected":false},"author":1,"featured_media":10245,"comment_status":"open","ping_status":"closed","sticky":false,"template":"","format":"standard","meta":{"colormag_page_container_layout":"default_layout","colormag_page_sidebar_layout":"default_layout","footnotes":""},"categories":[4],"tags":[],"class_list":["post-11416","post","type-post","status-publish","format-standard","has-post-thumbnail","hentry","category-politica"],"_links":{"self":[{"href":"https:\/\/archivioturi.lavocedelpaese.info\/index.php\/wp-json\/wp\/v2\/posts\/11416","targetHints":{"allow":["GET"]}}],"collection":[{"href":"https:\/\/archivioturi.lavocedelpaese.info\/index.php\/wp-json\/wp\/v2\/posts"}],"about":[{"href":"https:\/\/archivioturi.lavocedelpaese.info\/index.php\/wp-json\/wp\/v2\/types\/post"}],"author":[{"embeddable":true,"href":"https:\/\/archivioturi.lavocedelpaese.info\/index.php\/wp-json\/wp\/v2\/users\/1"}],"replies":[{"embeddable":true,"href":"https:\/\/archivioturi.lavocedelpaese.info\/index.php\/wp-json\/wp\/v2\/comments?post=11416"}],"version-history":[{"count":0,"href":"https:\/\/archivioturi.lavocedelpaese.info\/index.php\/wp-json\/wp\/v2\/posts\/11416\/revisions"}],"wp:featuredmedia":[{"embeddable":true,"href":"https:\/\/archivioturi.lavocedelpaese.info\/index.php\/wp-json\/wp\/v2\/media\/10245"}],"wp:attachment":[{"href":"https:\/\/archivioturi.lavocedelpaese.info\/index.php\/wp-json\/wp\/v2\/media?parent=11416"}],"wp:term":[{"taxonomy":"category","embeddable":true,"href":"https:\/\/archivioturi.lavocedelpaese.info\/index.php\/wp-json\/wp\/v2\/categories?post=11416"},{"taxonomy":"post_tag","embeddable":true,"href":"https:\/\/archivioturi.lavocedelpaese.info\/index.php\/wp-json\/wp\/v2\/tags?post=11416"}],"curies":[{"name":"wp","href":"https:\/\/api.w.org\/{rel}","templated":true}]}}