{"id":11402,"date":"2013-09-02T06:47:08","date_gmt":"2013-09-02T06:47:08","guid":{"rendered":"https:\/\/archivioturi.lavocedelpaese.info\/index.php\/2013\/09\/02\/nei-60-di-roxanne\/"},"modified":"2013-09-02T06:47:08","modified_gmt":"2013-09-02T06:47:08","slug":"nei-60-di-roxanne","status":"publish","type":"post","link":"https:\/\/archivioturi.lavocedelpaese.info\/index.php\/2013\/09\/02\/nei-60-di-roxanne\/","title":{"rendered":"Nei \u201960 di Roxanne"},"content":{"rendered":"<p><img loading=\"lazy\" decoding=\"async\" src=\"http:\/\/farm8.staticflickr.com\/7416\/9649941801_0266421af0_n.jpg\" alt=\"rox (3)\" width=\"320\" height=\"213\" \/><\/p>\n<p style=\"text-align: justify;\">Marted\u00ec 20 agosto presso il Chiostro delle Clarisse \u00e8 stata inaugurata la mostra \u201cDonnastri: ritorno all\u2019essere donna\u201d a cura della fotografa Roxanne.<\/p>\n<p style=\"text-align: justify;\">L\u2019esposizione fotografica tenutasi sino al 24 agosto s\u2019\u00e8 conclusa con il dialogo tra l\u2019autrice e Pietro Salice, e con la performance&nbsp; musicale dell\u2019artista Eddy De Marco. \u201cQuesta mostra nasce e guarda agli anni \u201960, &#8211; commenta la fotografa Roxanne &#8211; nel momento in cui la donna inizia a vivere secondo le sue idee. Donnastri non \u00e8 solo la mostra che parla di donne, ma \u00e8 una filosofia. La donna che vive da donna, che si rispetta e rispetta, che non eccede, che non si mostra nuda o madre ma nella sua quotidianit\u00e0 dei momenti. Finalmente torna all\u2019essere e i suoi sogni tra gli astri, non sono solo frasi non dette o pensieri dimenticati ma sono idee realizzate. Le immagini vogliono dimostrare la quotidianit\u00e0 e la censura, la denuncia e lo scandalo per la societ\u00e0 e per la loro morale stessa. Il mio messaggio \u00e8 \u2018Siate Donne per voi stesse e per ci\u00f2 che rappresentate.\u201d<\/p>\n<p><img loading=\"lazy\" decoding=\"async\" src=\"http:\/\/farm3.staticflickr.com\/2850\/9649944415_1fe772b62e_n.jpg\" alt=\"rox (1)\" width=\"320\" height=\"213\" style=\"float: right;\" \/><\/p>\n<p style=\"text-align: justify;\">Durante l\u2019intervista Roxanne non solo ha illustrato le fotografie ma ha anche parlato di s\u00e9, del suo nome e delle sue ambizioni e alla domanda perch\u00e9 Roxanne e cosa per lei rappresenta, l\u2019artista si descrive come \u201cuna ragazza col rossetto rosso\u201d.<br \/> Subito dopo ha preso la parola il sindaco professor Onofrio Resta che si \u00e8 congratulato con l\u2019autrice &nbsp;per il lavoro svolto e l\u2019ha incoraggiata a continuare il suo percorso nell\u2019arte della fotografia.<\/p>\n<p> L\u2019artista ha infine ringraziato l\u2019amministrazione comunale nelle persone del sindaco, professor Onofrio Resta e il consigliere Antonio Tateo, per averle permesso di esibire le sue foto al Chiostro delle Clarisse; le modelle Monica Annese,Valentina Pasciolla e Grazia Gengo per aver posato per lei; l\u2019hair-styling, Hair Perfect di Annarita Verdone, e il make-up, Marilyn Beauty Center&nbsp; di Lia De Carolis, per aver lavorato sulle modelle&nbsp; durante le riprese; l\u2019Insolito caff\u00e8, il B&amp;B Dimora Rossi,&nbsp; Menelao A Santa Chiara per aver messo a disposizione le location; Eddy De Marco e gli Spring Surf per aver curato l\u2019allestimento musicale e infine ha ringraziato le signore che hanno posato per lei, che le hanno prestato i vestiti e che hanno dato l\u2019oppurtunit\u00e0 alle modelle di cambiarsi nelle proprie abitazioni. \u201cGrazie a tutti\u201d \u2013 ha concluso.<\/p>\n<p><img loading=\"lazy\" decoding=\"async\" src=\"http:\/\/farm3.staticflickr.com\/2836\/9653171608_b90e3799b9_n.jpg\" alt=\"rox (2)\" width=\"213\" height=\"320\" \/><\/p>\n","protected":false},"excerpt":{"rendered":"<p><img loading=\"lazy\" decoding=\"async\" src=\"http:\/\/farm8.staticflickr.com\/7416\/9649941801_0266421af0_n.jpg\" alt=\"rox (3)\" width=\"320\" height=\"213\" \/><\/p>\n","protected":false},"author":1,"featured_media":0,"comment_status":"open","ping_status":"closed","sticky":false,"template":"","format":"standard","meta":{"colormag_page_container_layout":"default_layout","colormag_page_sidebar_layout":"default_layout","footnotes":""},"categories":[6],"tags":[],"class_list":["post-11402","post","type-post","status-publish","format-standard","hentry","category-cultura"],"_links":{"self":[{"href":"https:\/\/archivioturi.lavocedelpaese.info\/index.php\/wp-json\/wp\/v2\/posts\/11402","targetHints":{"allow":["GET"]}}],"collection":[{"href":"https:\/\/archivioturi.lavocedelpaese.info\/index.php\/wp-json\/wp\/v2\/posts"}],"about":[{"href":"https:\/\/archivioturi.lavocedelpaese.info\/index.php\/wp-json\/wp\/v2\/types\/post"}],"author":[{"embeddable":true,"href":"https:\/\/archivioturi.lavocedelpaese.info\/index.php\/wp-json\/wp\/v2\/users\/1"}],"replies":[{"embeddable":true,"href":"https:\/\/archivioturi.lavocedelpaese.info\/index.php\/wp-json\/wp\/v2\/comments?post=11402"}],"version-history":[{"count":0,"href":"https:\/\/archivioturi.lavocedelpaese.info\/index.php\/wp-json\/wp\/v2\/posts\/11402\/revisions"}],"wp:attachment":[{"href":"https:\/\/archivioturi.lavocedelpaese.info\/index.php\/wp-json\/wp\/v2\/media?parent=11402"}],"wp:term":[{"taxonomy":"category","embeddable":true,"href":"https:\/\/archivioturi.lavocedelpaese.info\/index.php\/wp-json\/wp\/v2\/categories?post=11402"},{"taxonomy":"post_tag","embeddable":true,"href":"https:\/\/archivioturi.lavocedelpaese.info\/index.php\/wp-json\/wp\/v2\/tags?post=11402"}],"curies":[{"name":"wp","href":"https:\/\/api.w.org\/{rel}","templated":true}]}}