{"id":11384,"date":"2013-08-13T12:44:04","date_gmt":"2013-08-13T12:44:04","guid":{"rendered":"https:\/\/archivioturi.lavocedelpaese.info\/index.php\/2013\/08\/13\/vincono-i-rosa\/"},"modified":"2013-08-13T12:44:04","modified_gmt":"2013-08-13T12:44:04","slug":"vincono-i-rosa","status":"publish","type":"post","link":"https:\/\/archivioturi.lavocedelpaese.info\/index.php\/2013\/08\/13\/vincono-i-rosa\/","title":{"rendered":"Vincono i Rosa"},"content":{"rendered":"<p><img loading=\"lazy\" decoding=\"async\" src=\"http:\/\/farm8.staticflickr.com\/7423\/9502827392_491edea279_n.jpg\" width=\"320\" height=\"240\" alt=\"palio ultimo\" \/><\/p>\n<p style=\"text-align: justify;\">Non stiamo dando i &#8220;colori&#8221;, ma riportiamo la squadra vincente che ieri sera si \u00e8 portata a casa il famigerato Drappo dei Turioni. con soli 16 punti di differenza, a conquistare il podio e il suo primo posto la squadra dei rosa del rione San Giovanni Venusio.<\/p>\n<p style=\"text-align: justify;\">Hanno alzato il loro premio durante la serata di ieri, luned\u00ec 12 agosto in piazza S. Orlandi durante l&#8217;ultimo appuntamento per i TuRioni impegnati dallo scorso 21 luglio in una serie di sfide e di gare organizzate dall&#8217;associazione &#8220;Girasole&#8221; di Turi.<\/p>\n<p style=\"text-align: justify;\">Al secondo posto si sono posizionati i Rossi del tuRione Sant&#8217;Oronzo, seguiti dagli azzurri del tuRione Largo Pozzi, arancioni di Porta Rossa &#8211; Sant&#8217;Elia, il tuRione MOles ed infine il tuRione Peucetia &#8211; Serrone.<\/p>\n<p style=\"text-align: justify;\">Una serata che ha permesso allo staff organizzativo di ringraziare tutti coloro che hanno creduto in loro, in questo progetto, in questa idea di unire il paese, far incontrare e conoscere, oltre che far vivere spazi forse poco apprezzati. Perch\u00e8 ogni sfida \u00e8 stata realizzata in diverse piazze o vie del paese, tutto racchiudendo l&#8217;idea che ogni squadra potesse accogliere nella propria casa i colori sfidanti. Ma alla fine, abbandonato ogni spirito competitivo, a vincere \u00e8 stata la sportivit\u00e0 e la voglia di stare insieme.<\/p>\n<p style=\"text-align: justify;\">&#8220;Impegno dell&#8217;Amministrazione &#8211; ha sottolineato il consigliere delegato alla cultura, Antonio Tateo &#8211; sar\u00e0 rinnovare anche il prossimo anno il nostro sostegno verso tale manifestazione e manifestazioni che vogliano portare vita, cultura, sport, unione alla nostra cittadina&#8221;. L&#8217;invito del presidente dell&#8217;Associaizone, Roberto Dell&#8217;Aera si fa cos\u00ec pi\u00f9 forte: &#8220;Organizzate gi\u00e0 da ora le prossime formazione, individuate subito il vostro leader, cos\u00ec da partire preparati il prossimo anno&#8221; e creare nuove serate divertenti e appassionanti.<\/p>\n<p style=\"text-align: justify;\">La serata cos\u00ec si \u00e8 chiusa in danza e musica, dando perci\u00f2 appuntamento al Palio 2014 per un incontro tra storia, tradizione e innovazione per tutte le et\u00e0.<\/p>\n<p><object width=\"640\" height=\"480\"><param name=\"flashvars\" value=\"offsite=true&amp;lang=it-it&amp;page_show_url=%2Fphotos%2F91470992%40N02%2Fsets%2F72157635049920091%2Fshow%2F&amp;page_show_back_url=%2Fphotos%2F91470992%40N02%2Fsets%2F72157635049920091%2F&amp;set_id=72157635049920091&amp;jump_to=\" \/><param name=\"movie\" value=\"http:\/\/www.flickr.com\/apps\/slideshow\/show.swf?v=124984\" \/><param name=\"allowFullScreen\" value=\"true\" \/><embed type=\"application\/x-shockwave-flash\" src=\"http:\/\/www.flickr.com\/apps\/slideshow\/show.swf?v=124984\" allowfullscreen=\"true\" flashvars=\"offsite=true&amp;lang=it-it&amp;page_show_url=%2Fphotos%2F91470992%40N02%2Fsets%2F72157635049920091%2Fshow%2F&amp;page_show_back_url=%2Fphotos%2F91470992%40N02%2Fsets%2F72157635049920091%2F&amp;set_id=72157635049920091&amp;jump_to=\" width=\"640\" height=\"480\" \/><\/object><\/p>\n","protected":false},"excerpt":{"rendered":"<p><img loading=\"lazy\" decoding=\"async\" src=\"http:\/\/farm8.staticflickr.com\/7423\/9502827392_491edea279_n.jpg\" width=\"320\" height=\"240\" alt=\"palio ultimo\" \/><\/p>\n","protected":false},"author":1,"featured_media":0,"comment_status":"open","ping_status":"closed","sticky":false,"template":"","format":"standard","meta":{"colormag_page_container_layout":"default_layout","colormag_page_sidebar_layout":"default_layout","footnotes":""},"categories":[6],"tags":[],"class_list":["post-11384","post","type-post","status-publish","format-standard","hentry","category-cultura"],"_links":{"self":[{"href":"https:\/\/archivioturi.lavocedelpaese.info\/index.php\/wp-json\/wp\/v2\/posts\/11384","targetHints":{"allow":["GET"]}}],"collection":[{"href":"https:\/\/archivioturi.lavocedelpaese.info\/index.php\/wp-json\/wp\/v2\/posts"}],"about":[{"href":"https:\/\/archivioturi.lavocedelpaese.info\/index.php\/wp-json\/wp\/v2\/types\/post"}],"author":[{"embeddable":true,"href":"https:\/\/archivioturi.lavocedelpaese.info\/index.php\/wp-json\/wp\/v2\/users\/1"}],"replies":[{"embeddable":true,"href":"https:\/\/archivioturi.lavocedelpaese.info\/index.php\/wp-json\/wp\/v2\/comments?post=11384"}],"version-history":[{"count":0,"href":"https:\/\/archivioturi.lavocedelpaese.info\/index.php\/wp-json\/wp\/v2\/posts\/11384\/revisions"}],"wp:attachment":[{"href":"https:\/\/archivioturi.lavocedelpaese.info\/index.php\/wp-json\/wp\/v2\/media?parent=11384"}],"wp:term":[{"taxonomy":"category","embeddable":true,"href":"https:\/\/archivioturi.lavocedelpaese.info\/index.php\/wp-json\/wp\/v2\/categories?post=11384"},{"taxonomy":"post_tag","embeddable":true,"href":"https:\/\/archivioturi.lavocedelpaese.info\/index.php\/wp-json\/wp\/v2\/tags?post=11384"}],"curies":[{"name":"wp","href":"https:\/\/api.w.org\/{rel}","templated":true}]}}