{"id":11376,"date":"2013-08-15T05:52:54","date_gmt":"2013-08-15T05:52:54","guid":{"rendered":"https:\/\/archivioturi.lavocedelpaese.info\/index.php\/2013\/08\/15\/cinema-allaperto-problemi-tecnici-che-fan-polemica\/"},"modified":"2013-08-15T05:52:54","modified_gmt":"2013-08-15T05:52:54","slug":"cinema-allaperto-problemi-tecnici-che-fan-polemica","status":"publish","type":"post","link":"https:\/\/archivioturi.lavocedelpaese.info\/index.php\/2013\/08\/15\/cinema-allaperto-problemi-tecnici-che-fan-polemica\/","title":{"rendered":"Cinema all\u2019aperto: problemi tecnici che fan polemica"},"content":{"rendered":"<p><img loading=\"lazy\" decoding=\"async\" class=\" size-full wp-image-2575\" src=\"https:\/\/archivioturi.lavocedelpaese.info\/wp-content\/uploads\/2010\/07\/cinema1.jpg\" width=\"320\" height=\"151\" alt=\"cinema1\" style=\"margin: 0px 3px;\" srcset=\"https:\/\/archivioturi.lavocedelpaese.info\/wp-content\/uploads\/2010\/07\/cinema1.jpg 637w, https:\/\/archivioturi.lavocedelpaese.info\/wp-content\/uploads\/2010\/07\/cinema1-300x142.jpg 300w\" sizes=\"auto, (max-width: 320px) 100vw, 320px\" \/><\/p>\n<p style=\"text-align: justify;\">\u00c8 da poco partita la rassegna dei film all\u2019aperto e sin dalla prima serata qualche problemino tecnico ha fatto subito avviare una serie di polemiche circa la sua gestione e la sua corretta organizzazione. Dalla visione parziale dell\u2019immagine, agli ostacoli tecnici, immediatamente una parte del pubblico turese ha iniziato a raccogliere critiche e lamentare il costo del biglietto e il mancato controllo da parte dell\u2019amministrazione che ne ha sostenuto economicamente il progetto.<\/p>\n<p style=\"text-align: justify;\">Abbiamo sentito a riguardo il consigliere delegato alla cultura, Antonio Tateo che inevitabilmente amareggiato delle continue polemiche circa le tante attivit\u00e0 messe in opera dal comune e che sortiscono sempre contrasti e scontenti, ha sentenziato che come nei precedenti anni la gestione del cinema all&#8217;aperto \u00e8 a carico del sig. Acquaviva, Presidente nazionale dei gestori di piccoli cinema e gestore di decine di cinema nel territorio.<\/p>\n<p style=\"text-align: justify;\">\u201cIl rapporto con l\u2019attivit\u00e0 \u00e8 regolato da un&#8217;apposita delibera e il Comune \u2013 continua &#8211; mette a disposizione una parte del finanziamento, ne regola il prezzo del biglietto, che \u00e8 rimasto quello dello scorso anno e inferiore a quello che si paga per la visione di un film nei multisala e stabilisce la location, nel nostro caso la scuola\u201d.<\/p>\n<p style=\"text-align: justify;\">\u201cPer il resto, &#8211; aggiunge &#8211; tutta l&#8217;organizzazione \u00e8 a carico del gestore, compresa la piccola logistica e la possibilit\u00e0 di far somministrare bevande e altro durante la proiezione, in linea con le vigenti norme\u201d.<\/p>\n<p style=\"text-align: justify;\">\u201cPer finire, &#8211; prosegue amareggiato &#8211; forse tanti non conoscono i costi occorrenti per programmare tali serate e inoltre la qualit\u00e0 della programmazione mi risulta eccellente per la media dei fruitori che stando alla frequenza credo dimostri pi\u00f9 di ogni altra cosa che c&#8217;\u00e8 apprezzamento\u201d. \u201cCerto, qualche inconveniente tecnico vi pu\u00f2 essere, ma tutto pu\u00f2 essere migliorato\u201d. \u201cAd ogni modo, &#8211; conclude &#8211; \u00e8 mia intenzione distribuire nelle prossime serate un piccolo questionario per verificare il gradimento o meno del cinema durante l&#8217;estate e prendere le decisioni conseguenti, compresa la possibilit\u00e0 di non ripeterne la programmazione\u201d.<\/p>\n","protected":false},"excerpt":{"rendered":"<p><img loading=\"lazy\" decoding=\"async\" class=\" size-full wp-image-2575\" src=\"https:\/\/archivioturi.lavocedelpaese.info\/wp-content\/uploads\/2010\/07\/cinema1.jpg\" width=\"320\" height=\"151\" alt=\"cinema1\" style=\"margin: 0px 3px;\" srcset=\"https:\/\/archivioturi.lavocedelpaese.info\/wp-content\/uploads\/2010\/07\/cinema1.jpg 637w, https:\/\/archivioturi.lavocedelpaese.info\/wp-content\/uploads\/2010\/07\/cinema1-300x142.jpg 300w\" sizes=\"auto, (max-width: 320px) 100vw, 320px\" \/><\/p>\n","protected":false},"author":1,"featured_media":2575,"comment_status":"open","ping_status":"closed","sticky":false,"template":"","format":"standard","meta":{"colormag_page_container_layout":"default_layout","colormag_page_sidebar_layout":"default_layout","footnotes":""},"categories":[7],"tags":[],"class_list":["post-11376","post","type-post","status-publish","format-standard","has-post-thumbnail","hentry","category-attualita"],"_links":{"self":[{"href":"https:\/\/archivioturi.lavocedelpaese.info\/index.php\/wp-json\/wp\/v2\/posts\/11376","targetHints":{"allow":["GET"]}}],"collection":[{"href":"https:\/\/archivioturi.lavocedelpaese.info\/index.php\/wp-json\/wp\/v2\/posts"}],"about":[{"href":"https:\/\/archivioturi.lavocedelpaese.info\/index.php\/wp-json\/wp\/v2\/types\/post"}],"author":[{"embeddable":true,"href":"https:\/\/archivioturi.lavocedelpaese.info\/index.php\/wp-json\/wp\/v2\/users\/1"}],"replies":[{"embeddable":true,"href":"https:\/\/archivioturi.lavocedelpaese.info\/index.php\/wp-json\/wp\/v2\/comments?post=11376"}],"version-history":[{"count":0,"href":"https:\/\/archivioturi.lavocedelpaese.info\/index.php\/wp-json\/wp\/v2\/posts\/11376\/revisions"}],"wp:featuredmedia":[{"embeddable":true,"href":"https:\/\/archivioturi.lavocedelpaese.info\/index.php\/wp-json\/wp\/v2\/media\/2575"}],"wp:attachment":[{"href":"https:\/\/archivioturi.lavocedelpaese.info\/index.php\/wp-json\/wp\/v2\/media?parent=11376"}],"wp:term":[{"taxonomy":"category","embeddable":true,"href":"https:\/\/archivioturi.lavocedelpaese.info\/index.php\/wp-json\/wp\/v2\/categories?post=11376"},{"taxonomy":"post_tag","embeddable":true,"href":"https:\/\/archivioturi.lavocedelpaese.info\/index.php\/wp-json\/wp\/v2\/tags?post=11376"}],"curies":[{"name":"wp","href":"https:\/\/api.w.org\/{rel}","templated":true}]}}