{"id":11375,"date":"2013-08-12T16:47:29","date_gmt":"2013-08-12T16:47:29","guid":{"rendered":"https:\/\/archivioturi.lavocedelpaese.info\/index.php\/2013\/08\/12\/devoluti-tremila-euro-alla-lilt\/"},"modified":"2013-08-12T16:47:29","modified_gmt":"2013-08-12T16:47:29","slug":"devoluti-tremila-euro-alla-lilt","status":"publish","type":"post","link":"https:\/\/archivioturi.lavocedelpaese.info\/index.php\/2013\/08\/12\/devoluti-tremila-euro-alla-lilt\/","title":{"rendered":"Devoluti tremila euro alla Lilt"},"content":{"rendered":"<p><img loading=\"lazy\" decoding=\"async\" src=\"http:\/\/farm8.staticflickr.com\/7402\/9471080345_cf67c958d6_n.jpg\" width=\"320\" height=\"213\" alt=\"ang palm\" \/><\/p>\n<p style=\"text-align: justify;\">Sono stati raccolti ben 3.000 \u20ac e come anticipato, sono stati consegnati alla Lega italiana per la Lotta contro il Tumore (LILT) di Bari. Stiamo parlando delle offerte che i produttori cerasicoli hanno devoluto alla Lilt durante la scorsa campagna agricola. I due assegni sono stati consegnati nella mattina del 2 agosto, presso la sede provinciale, dall\u2019assessore all\u2019Agricoltura del Comune di Turi, Angelo Palmisano, al commissario della sezione provinciale di Bari della Lilt, Mariapia Locaputo. Assieme a lui, la presidente della Pro Loco di Turi, Rina Spinelli. Con questo gesto la ciliegia di Turi diviene a tutti gli effetti il simbolo del mangiare sano e genuino che non delizia solo il palato, ma grazie alle sue propriet\u00e0 organolettiche \u00e8 in grado anche di prevenire malattie.<\/p>\n<p style=\"text-align: justify;\">L\u2019assessore Palmisano, nell\u2019occasione ha sottolineato la partecipazione dei produttori all\u2019iniziativa benefica che, anticipa, sar\u00e0 replicata il prossimo anno: \u201cPerch\u00e9 la Ciliegia Ferrovia diventi anche uno dei simboli della lotta al cancro\u201d.<\/p>\n<p style=\"text-align: justify;\">ha ringraziato e spiegato: \u201cQuesti tremila euro saranno reinvestiti nella prevenzione a favore dei cittadini\u201d \u2013 ha commentato il commissario Locaputo ringraziando l\u2019assessore e tutti i turesi per questo bellissimo gesto. \u201cLa somma &#8211; ha aggiunto &#8211; servir\u00e0 a organizzare il \u201cMese rosa\u201d che impegner\u00e0 la Lilt di Bari il prossimo ottobre: Bari si tinger\u00e0 di rosa per sensibilizzare ulteriormente le donne a prendersi cura di s\u00e9 e vincere la lotta contro il tumore al seno\u201d.<\/p>\n","protected":false},"excerpt":{"rendered":"<p><img loading=\"lazy\" decoding=\"async\" src=\"http:\/\/farm8.staticflickr.com\/7402\/9471080345_cf67c958d6_n.jpg\" width=\"320\" height=\"213\" alt=\"ang palm\" \/><\/p>\n","protected":false},"author":1,"featured_media":0,"comment_status":"open","ping_status":"closed","sticky":false,"template":"","format":"standard","meta":{"colormag_page_container_layout":"default_layout","colormag_page_sidebar_layout":"default_layout","footnotes":""},"categories":[7],"tags":[],"class_list":["post-11375","post","type-post","status-publish","format-standard","hentry","category-attualita"],"_links":{"self":[{"href":"https:\/\/archivioturi.lavocedelpaese.info\/index.php\/wp-json\/wp\/v2\/posts\/11375","targetHints":{"allow":["GET"]}}],"collection":[{"href":"https:\/\/archivioturi.lavocedelpaese.info\/index.php\/wp-json\/wp\/v2\/posts"}],"about":[{"href":"https:\/\/archivioturi.lavocedelpaese.info\/index.php\/wp-json\/wp\/v2\/types\/post"}],"author":[{"embeddable":true,"href":"https:\/\/archivioturi.lavocedelpaese.info\/index.php\/wp-json\/wp\/v2\/users\/1"}],"replies":[{"embeddable":true,"href":"https:\/\/archivioturi.lavocedelpaese.info\/index.php\/wp-json\/wp\/v2\/comments?post=11375"}],"version-history":[{"count":0,"href":"https:\/\/archivioturi.lavocedelpaese.info\/index.php\/wp-json\/wp\/v2\/posts\/11375\/revisions"}],"wp:attachment":[{"href":"https:\/\/archivioturi.lavocedelpaese.info\/index.php\/wp-json\/wp\/v2\/media?parent=11375"}],"wp:term":[{"taxonomy":"category","embeddable":true,"href":"https:\/\/archivioturi.lavocedelpaese.info\/index.php\/wp-json\/wp\/v2\/categories?post=11375"},{"taxonomy":"post_tag","embeddable":true,"href":"https:\/\/archivioturi.lavocedelpaese.info\/index.php\/wp-json\/wp\/v2\/tags?post=11375"}],"curies":[{"name":"wp","href":"https:\/\/api.w.org\/{rel}","templated":true}]}}