{"id":11351,"date":"2013-08-06T05:42:09","date_gmt":"2013-08-06T05:42:09","guid":{"rendered":"https:\/\/archivioturi.lavocedelpaese.info\/index.php\/2013\/08\/06\/un-viaggio-introspettivo-nei-meandri-dellintelletto\/"},"modified":"2013-08-06T05:42:09","modified_gmt":"2013-08-06T05:42:09","slug":"un-viaggio-introspettivo-nei-meandri-dellintelletto","status":"publish","type":"post","link":"https:\/\/archivioturi.lavocedelpaese.info\/index.php\/2013\/08\/06\/un-viaggio-introspettivo-nei-meandri-dellintelletto\/","title":{"rendered":"Un viaggio introspettivo nei meandri dell\u2019intelletto"},"content":{"rendered":"<p><img loading=\"lazy\" decoding=\"async\" src=\"http:\/\/farm4.staticflickr.com\/3802\/9442179739_877f82acd2_n.jpg\" alt=\"calefati\" width=\"320\" height=\"240\" \/><\/p>\n<p style=\"text-align: justify;\">Domenica 28 Luglio presso il Chiostro delle Clarisse, Margherita Calefati ha organizzato un vernissage introspettivo.<\/p>\n<p style=\"text-align: justify;\">Un viaggio che prende per mano l\u2019intelletto umile e sensibile. Temi che riconducono al significato profondo di un abbandono, di una rinascita, della liberta e della speranza. Cos\u00ec Margherita Calefati inaugura la sua prima mostra fotografica a Turi, un legame tra l\u2019arte che conduce al desidero profondo di vivere la vita e gustarne tutti i sapori.<\/p>\n<p style=\"text-align: justify;\">L\u2019evento ha avuto inizio con un richiamo alla propria coscienza, all\u2019avventura che ci caratterizza esseri unici e vivi come la liber\u00e0 di scelta, il guardarsi dentro, una partenza che spiega le vele con aria temeraria e viaggia senza che vi sia una ricerca, ma solo la voglia di intraprendere quel percorso e viverlo appieno. Tutto ci\u00f2 \u00e8 stato ricreato grazie a Vito Lopriore, talentuoso attore conversanese, che ha magnificamente trasportato gli spettatori nell\u2019opera moderna di Charles Baudelaire, I Fiori del Male e l\u2019improvvisazione del M\u00b0 Michele Jamil Marzella. Un vero e proprio dialogo sonoro, ove le parole erano accompagnate da un suono che rendeva pi\u00f9 suggestivo il viaggio immaginario. Un\u2019atmosfera nuova e appassionante che ha liberato gli animi dalle incandescenti frivolezze e li ha condotti verso una nuova rivoluzione, simile a quella boh\u00e9mien, in cui questi furono marginalizzati ed impoveriti, ma questa nuova rivoluzione ambisce a contrastare il fasullo con la verit\u00e0, l\u2019inetta cultura con la qualit\u00e0.<\/p>\n<p style=\"text-align: justify;\">In seguito la parola al consigliere delegato alla cultura, Antonio Tateo, che ha ringraziato e si \u00e8 complimentato con Margherita Calefati.<\/p>\n<p><img loading=\"lazy\" decoding=\"async\" src=\"http:\/\/farm4.staticflickr.com\/3764\/9444964362_30eeb76638_n.jpg\" alt=\"calefati\" width=\"320\" height=\"240\" style=\"float: right;\" \/><\/p>\n<p style=\"text-align: justify;\">\u201cVorrei complimentarmi con Margherita Calefati, poich\u00e9 le sue foto mi hanno trasmesso grandi emozioni. Gesti semplici e quotidiani che se veramente sentiti rendono lode alla vita. Dire un viaggio inaspettato. La ringrazio anche perch\u00e9 questo chiostro \u00e8 stato penalizzato per grandi errori del passato. \u00c8 importante che gli artisti, le associazioni e i giovani possano valorizzare e arricchire questo luogo, dunque vi invito ad utilizzarlo.\u201d<\/p>\n<p style=\"text-align: justify;\">La serata ha seguito il suo corso prestandosi al Liv acustic duo, alla chitarra acustica Livio Bartolo e alla voce Virginia Pavone, soffermandosi sul bleus e le varie sfumature del jazz che hanno accompagnato stuzzicani, sangria e un immersione lungo il cammino introspettivo.<\/p>\n<p style=\"text-align: justify;\">Margherita Calefati ringrazia il M\u00b0 Michele J. Marzella, Valentina Pavone, Vito Lopriore, il Liv acustic duo e Fabio Barile. Inoltre vi aspetta alla sua mostra aperta fino all\u201911 Agosto.<\/p>\n","protected":false},"excerpt":{"rendered":"<p><img loading=\"lazy\" decoding=\"async\" src=\"http:\/\/farm4.staticflickr.com\/3802\/9442179739_877f82acd2_n.jpg\" alt=\"calefati\" width=\"320\" height=\"240\" \/><\/p>\n","protected":false},"author":1,"featured_media":0,"comment_status":"open","ping_status":"closed","sticky":false,"template":"","format":"standard","meta":{"colormag_page_container_layout":"default_layout","colormag_page_sidebar_layout":"default_layout","footnotes":""},"categories":[6],"tags":[],"class_list":["post-11351","post","type-post","status-publish","format-standard","hentry","category-cultura"],"_links":{"self":[{"href":"https:\/\/archivioturi.lavocedelpaese.info\/index.php\/wp-json\/wp\/v2\/posts\/11351","targetHints":{"allow":["GET"]}}],"collection":[{"href":"https:\/\/archivioturi.lavocedelpaese.info\/index.php\/wp-json\/wp\/v2\/posts"}],"about":[{"href":"https:\/\/archivioturi.lavocedelpaese.info\/index.php\/wp-json\/wp\/v2\/types\/post"}],"author":[{"embeddable":true,"href":"https:\/\/archivioturi.lavocedelpaese.info\/index.php\/wp-json\/wp\/v2\/users\/1"}],"replies":[{"embeddable":true,"href":"https:\/\/archivioturi.lavocedelpaese.info\/index.php\/wp-json\/wp\/v2\/comments?post=11351"}],"version-history":[{"count":0,"href":"https:\/\/archivioturi.lavocedelpaese.info\/index.php\/wp-json\/wp\/v2\/posts\/11351\/revisions"}],"wp:attachment":[{"href":"https:\/\/archivioturi.lavocedelpaese.info\/index.php\/wp-json\/wp\/v2\/media?parent=11351"}],"wp:term":[{"taxonomy":"category","embeddable":true,"href":"https:\/\/archivioturi.lavocedelpaese.info\/index.php\/wp-json\/wp\/v2\/categories?post=11351"},{"taxonomy":"post_tag","embeddable":true,"href":"https:\/\/archivioturi.lavocedelpaese.info\/index.php\/wp-json\/wp\/v2\/tags?post=11351"}],"curies":[{"name":"wp","href":"https:\/\/api.w.org\/{rel}","templated":true}]}}